{"id":14304,"date":"2019-11-25T18:53:55","date_gmt":"2019-11-25T18:53:55","guid":{"rendered":"https:\/\/redsemlac.com\/semmexico\/?p=14304"},"modified":"2023-07-21T15:15:05","modified_gmt":"2023-07-21T20:15:05","slug":"ocurren-mas-de-la-mitad-de-asesinatos-contra-mujeres-entre-2007-2018","status":"publish","type":"post","link":"https:\/\/redsemlac.com\/semmexico\/ocurren-mas-de-la-mitad-de-asesinatos-contra-mujeres-entre-2007-2018\/","title":{"rendered":"Ocurren m\u00e1s de la mitad de asesinatos contra mujeres entre 2007-2018"},"content":{"rendered":"\n<p class=\"wp-block-paragraph\">* Familiares y organizaciones realizan movilizaciones para recordar a v\u00edctimas de feminicidio<\/p>\n\n\n\n<p class=\"wp-block-paragraph\">* En Neza levantan un antimonumento, en la CDMX habr\u00e1 un Memorial en la&nbsp;PGJCDMX<\/p>\n\n\n\n<p class=\"wp-block-paragraph\">Soledad Jarqu\u00edn Edgar<\/p>\n\n\n\n<p class=\"wp-block-paragraph\">SemM\u00e9xico, Ciudad de M\u00e9xico, 25 noviembre 2019.- Familiares y activistas realizaron desde el domingo sendas marchas y actos para recordar el D\u00eda Internacional de la Eliminaci\u00f3n de la Violencia contra las mujeres en diversas ciudades del pa\u00eds y en espec\u00edfico del feminicidio, que de acuerdo con el INEGI en&nbsp;los \u00faltimos 12 a\u00f1os, de 2007 a 2018, ocurrieron m\u00e1s de la mitad de asesinatos (57.1 %), tanto de hombres (57.4%) como de mujeres (60.4%), del total de los registrados a lo largo de los \u00faltimos 29 a\u00f1os.<\/p>\n\n\n\n<p class=\"wp-block-paragraph\">#CruzadaConNosotras familiares, madres, hermanas, hijas, nietas, de v\u00edctimas de feminicidio en la ciudad de M\u00e9xico, se unieron a la propuesta de la organizaci\u00f3n El D\u00eda Despu\u00e9s, para pintar sobre el piso del monumento a la Madre una monumental cruz color rosa en la que, adem\u00e1s, colocaron camisetas con las fotograf\u00edas de algunas de las v\u00edctimas.<\/p>\n\n\n\n<p class=\"wp-block-paragraph\">En la antimonumenta de la capital mexicana, se anunci\u00f3 que hoy habr\u00e1 una velada por parte de familiares para recordar a las v\u00edctimas del feminicidio.<\/p>\n\n\n\n<p class=\"wp-block-paragraph\">Por otra parte, en ciudad Netza, Estado de M\u00e9xico, Irinea Buend\u00eda, acompa\u00f1ada de mujeres, entre ellas la coordinadora del&nbsp;Observatorio Ciudadano Nacional del Feminicidio,convoc\u00f3 a las madres de v\u00edctimas de feminicidio a participar en una movilizaci\u00f3n nacional contra las violencias machistas y los feminicidios.<\/p>\n\n\n\n<p class=\"wp-block-paragraph\">En esa ciudad del Estado de M\u00e9xico, considerada una de las m\u00e1s peligrosas para las mujeres, se inaugur\u00f3 un antimonumento semejante al que hace poco m\u00e1s de un a\u00f1o familiares de las v\u00edctimas de feminicidio y colectivos colocaron en la ciudad de M\u00e9xico, frente al edificio de Bellas Artes.<\/p>\n\n\n\n<p class=\"wp-block-paragraph\">Por otro lado, la familia Lesvy anunci\u00f3 que, con el Grupo de Acompa\u00f1amiento Pol\u00edtico, anunciaron para esta ma\u00f1ana la presentaci\u00f3n p\u00fablicadel Espacio de Memoria para Lesvy, Campira, Abigail, Yang Kyung, Zyanya, Lupita y todas las ni\u00f1as y mujeres asesinadas o violentadas en cualquiera de sus formas por razones de g\u00e9nero, fruto de la desigualdad y discriminaci\u00f3n que vivimos en este pa\u00eds que es M\u00e9xico.<\/p>\n\n\n\n<p class=\"wp-block-paragraph\">Dicho Memorial es fruto de la recomendaci\u00f3n 01\/2018 CDHCDMX e intervendr\u00e1 el edificio de la&nbsp;PGJCDMX y tiene la intenci\u00f3n de enviar un triple mensaje a quienes ah\u00ed acuden en busca de justicia:&nbsp;<\/p>\n\n\n\n<p class=\"wp-block-paragraph\">1) a denunciar o dar seguimiento a su proceso.&nbsp;<\/p>\n\n\n\n<p class=\"wp-block-paragraph\">2) Motivar al funcionariado p\u00fablico a la reflexi\u00f3n oportuna, paulatina y que derive en una atenci\u00f3n integral adecuada basada en el principio pro persona, as\u00ed como en los m\u00e1s altos est\u00e1ndares que garanticen el derecho de las ni\u00f1as y mujeres a una vida libre de violencia&nbsp;<\/p>\n\n\n\n<p class=\"wp-block-paragraph\">3) Hacia la ciudadan\u00eda en general, para que tomemos conciencia de est\u00e1s graves violencias feminicidas y provoque la reflexi\u00f3n, toma de conciencia y acciones tambi\u00e9n en nuestros c\u00edrculos m\u00e1s cercanos.<\/p>\n\n\n\n<p class=\"wp-block-paragraph\">De acuerdo con el INEGI, el n\u00famero de mujeres asesinadas durante 2018 es el octavo m\u00e1s alto registrado en los \u00faltimos 29 a\u00f1os -1990 a 2018- por abajo de los registrados entre 1990 y 1994 (575 y 481, respectivamente) que fueron los m\u00e1s altos del periodo. En 11 a\u00f1os 2008-2018, se duplic\u00f3 el n\u00famero de fallecidas por agresiones intencionales, al pasar de 224 a 456 muertes.<\/p>\n\n\n\n<p class=\"wp-block-paragraph\">Al revisar las defunciones por homicidio ocurridas en el periodo 1990-2018 y agruparlas por intervalos sexenales, el n\u00famero de mujeres que murieron por agresiones intencionales en los periodos 1990-1994, 1995-2000 y 2001-2006 se ubicaron en el orden de 2 mil 724 a 1 mil 901. Sin embargo, durante 2007-2012 se registr\u00f3 el asesinato de 1 mil 706 mujeres, llegando en el sexenio 2013-2018 a 2 mil 589, lo que representa un incremento de 36.2 %, con respecto al sexenio<br>2001-2006, dice la dependencia.<\/p>\n\n\n\n<p class=\"wp-block-paragraph\">SEM\/sj<\/p>\n","protected":false},"excerpt":{"rendered":"<p>* Familiares y organizaciones realizan movilizaciones para recordar a v\u00edctimas de feminicidio * En Neza levantan un antimonumento, en la CDMX habr\u00e1 un Memorial en la&nbsp;PGJCDMX Soledad Jarqu\u00edn Edgar SemM\u00e9xico, Ciudad de M\u00e9xico, 25 noviembre 2019.- Familiares y activistas realizaron desde el domingo sendas marchas y actos para recordar el D\u00eda Internacional de la Eliminaci\u00f3n [&hellip;]<\/p>\n","protected":false},"author":3,"featured_media":14306,"comment_status":"open","ping_status":"open","sticky":false,"template":"","format":"standard","meta":{"_monsterinsights_skip_tracking":false,"footnotes":""},"categories":[690,54],"tags":[],"class_list":["post-14304","post","type-post","status-publish","format-standard","has-post-thumbnail","category-690","category-mujeres"],"_links":{"self":[{"href":"https:\/\/redsemlac.com\/semmexico\/wp-json\/wp\/v2\/posts\/14304","targetHints":{"allow":["GET"]}}],"collection":[{"href":"https:\/\/redsemlac.com\/semmexico\/wp-json\/wp\/v2\/posts"}],"about":[{"href":"https:\/\/redsemlac.com\/semmexico\/wp-json\/wp\/v2\/types\/post"}],"author":[{"embeddable":true,"href":"https:\/\/redsemlac.com\/semmexico\/wp-json\/wp\/v2\/users\/3"}],"replies":[{"embeddable":true,"href":"https:\/\/redsemlac.com\/semmexico\/wp-json\/wp\/v2\/comments?post=14304"}],"version-history":[{"count":0,"href":"https:\/\/redsemlac.com\/semmexico\/wp-json\/wp\/v2\/posts\/14304\/revisions"}],"wp:featuredmedia":[{"embeddable":true,"href":"https:\/\/redsemlac.com\/semmexico\/wp-json\/wp\/v2\/media\/14306"}],"wp:attachment":[{"href":"https:\/\/redsemlac.com\/semmexico\/wp-json\/wp\/v2\/media?parent=14304"}],"wp:term":[{"taxonomy":"category","embeddable":true,"href":"https:\/\/redsemlac.com\/semmexico\/wp-json\/wp\/v2\/categories?post=14304"},{"taxonomy":"post_tag","embeddable":true,"href":"https:\/\/redsemlac.com\/semmexico\/wp-json\/wp\/v2\/tags?post=14304"}],"curies":[{"name":"wp","href":"https:\/\/api.w.org\/{rel}","templated":true}]}}