{"id":14300,"date":"2019-11-25T18:51:22","date_gmt":"2019-11-25T18:51:22","guid":{"rendered":"https:\/\/redsemlac.com\/semmexico\/?p=14300"},"modified":"2023-07-21T15:15:05","modified_gmt":"2023-07-21T20:15:05","slug":"mujer-y-poder-33","status":"publish","type":"post","link":"https:\/\/redsemlac.com\/semmexico\/mujer-y-poder-33\/","title":{"rendered":"Mujer y Poder"},"content":{"rendered":"\n<p class=\"wp-block-paragraph\"><strong>El Mejor Presupuesto de la Historia\u2026antigua.&nbsp;<\/strong><\/p>\n\n\n\n<p class=\"wp-block-paragraph\"><strong>*Natalia Vidales Rodr\u00edguez<\/strong><\/p>\n\n\n\n<p class=\"wp-block-paragraph\">SemM\u00e9xico. Sonora. 25 de noviembre de 2019.- Por fin,\u00a0\u00a0\u00a0la\u00a0\u00a0<em>C\u00e1mara de\u00a0\u00a0Diputados<\/em>\u00a0\u00a0\u00a0aprob\u00f3,\u00a0la madrugada del viernes,\u00a0\u00a0el\u00a0\u00a0gasto de 6 billones de pesos para el\u00a0\u00a0gobierno federal\u00a0\u00a0con\u00a0321\u00a0\u00a0el votos a favor,\u00a0\u00a0\u00a0y\u00a0\u00a078 en contra por parte\u00a0\u00a0del PRI, del PRD y de\u00a0<em>Movimiento Ciudadano\u00a0<\/em>(MC)\u00a0<em>;\u00a0<\/em>\u00a0y con la ausencia de los diputados del PAN que se negaron a acudir a una sesi\u00f3n\u00a0\u00a0\u201c a escondidas\u201d (en un auditorio de la\u00a0<em>Expo Santa Fe<\/em>, en la CDMX,\u00a0\u00a0en vez del domicilio legal en el Palacio de San L\u00e1zaro, dado el bloqueo de campesinos inconformes con la 4T).\u00a0<\/p>\n\n\n\n<p class=\"wp-block-paragraph\">Parad\u00f3jicamente,&nbsp;&nbsp;el presupuesto contempla recursos adicionales millonarios para el agro, pero para darles apoyos&nbsp;&nbsp;&nbsp;directos &#8211;y a&nbsp;&nbsp;fondo perdido&#8211;&nbsp;&nbsp;a los campesinos m\u00e1s pobres,&nbsp;&nbsp;y ya no a los llamados ejidatarios \u201cnaylon\u201d,&nbsp;&nbsp;como por ejemplo a&nbsp;&nbsp;los miembros de Antorcha Campesina, una lucrativa&nbsp;&nbsp;organizaci\u00f3n&nbsp;&nbsp;intermediaria entre el erario y los productores que por fin desaparecer\u00e1 si el gobierno &#8211;como parece&#8211; deja de mantener. Como en otros programas del nuevo r\u00e9gimen,&nbsp;&nbsp;la idea es que el favor se lo deban los campesinos directamente al Presidente y a MORENA y a nadie m\u00e1s, y esperar&nbsp;&nbsp;despu\u00e9s el pago del favor&nbsp;&nbsp;en las urnas.&nbsp;<\/p>\n\n\n\n<p class=\"wp-block-paragraph\">La diputada del M.C.,&nbsp;&nbsp;Fabiola Loya Hern\u00e1ndez se\u00f1al\u00f3 que el Presupuesto&nbsp;&nbsp;\u201crespond\u00eda&nbsp;&nbsp;a&nbsp;&nbsp;la visi\u00f3n de un solo hombre&nbsp;&nbsp;y no a las aspiraciones del pa\u00eds\u201d. Y es que, efectivamente, la Constituci\u00f3n se\u00f1ala como facultad exclusiva de la&nbsp;<em>C\u00e1mara de Diputados<\/em>la asignaci\u00f3n del gasto oficial y, este Presupuesto fue aprobado&nbsp;&nbsp;tal cual fue enviado por el Presidente L\u00f3pez Obrador&nbsp;&nbsp;( salvo&nbsp;&nbsp;un par de cambios como para dorarle&nbsp;&nbsp;la p\u00edldora a los ciudadanos).&nbsp;<\/p>\n\n\n\n<p class=\"wp-block-paragraph\">Lo anterior hace recordar la \u00e9poca del priato, cuando todo lo que mandaba el Presidente de la Rep\u00fablica a la legislatura&nbsp;&nbsp;era una orden ( y como dej\u00f3 de serlo, por ejemplo con Fox, cuando tuvo que reconocer que el Poder&nbsp;&nbsp;Ejecutivo propon\u00eda\u2026y el Legislativo dispon\u00eda). Pero hoy vamos otra vez para atr\u00e1s, olvidando que aunque el partido del&nbsp;&nbsp;Presidente, en este caso MORENA,&nbsp;&nbsp;tenga la mayor\u00eda&nbsp;&nbsp;en la legislatura,&nbsp;&nbsp;&nbsp;los diputados son otro Poder,&nbsp;&nbsp;y&nbsp;&nbsp;no se deben ni a uno ni a otro, sino a los ciudadanos y a cuyo inter\u00e9s debe orientarse&nbsp;&nbsp;el gasto del gobierno.<\/p>\n\n\n\n<p class=\"wp-block-paragraph\">Cuando se abri\u00f3 la sesi\u00f3n del&nbsp;&nbsp;Presupuesto, el 6 de Noviembre,&nbsp;&nbsp;el partido de AMLO y sus sat\u00e9lites no lograron&nbsp;&nbsp;el m\u00ednimo de 251 diputados para alcanzar la mayor\u00eda simple necesaria para acordarlo tal cual, precisamente porque no obedec\u00eda a lo esperado por los ciudadanos ( a los que, como dijimos, se deben). Pero finalmente decenas m\u00e1s&nbsp;fueron \u201cconvencidos\u201d&nbsp;&nbsp;de que se alinearan al Presidente&nbsp;&nbsp;o se olvidaran de su reelecci\u00f3n ( de la de ellos, no la de AMLO),&nbsp;&nbsp;y de sus futuros pol\u00edticos, tambi\u00e9n al estilo del priato.&nbsp;<\/p>\n\n\n\n<p class=\"wp-block-paragraph\">En s\u00edntesis, ante la prevista falta de crecimiento econ\u00f3mico para el pr\u00f3ximo&nbsp;a\u00f1o 2020 ( si acaso del 1% del PIB, luego de que este 2019 terminar\u00e1 en cero crecimiento), el Presupuesto&nbsp;&nbsp;hace unos hoyos para cubrir&nbsp;&nbsp;otros:&nbsp;&nbsp;les reduce en mil millones de pesos el gasto al INE, al&nbsp;<em>Poder Judicial&nbsp;&nbsp;Federal<\/em>, y a la&nbsp;<em>Fiscal\u00eda General de la Rep\u00fablica<\/em>( a cada una) y en menor medida al IFETEL, al INAH, a la&nbsp;<em>Comisi\u00f3n Nacional de los Derechos Humanos<\/em>&nbsp;y a otras instancias, para aplicarlos en el gasto social directo (a&nbsp;&nbsp;ocho&nbsp;millones de adultos mayores y a 11&nbsp;millones de becarios entre otros beneficiados) que m\u00e1s que salir de su situaci\u00f3n&nbsp;&nbsp;&nbsp;pasar\u00e1n&nbsp;&nbsp;a formar parte de la clientela electoral del gobierno.&nbsp;&nbsp;En realidad la \u00fanica manera de trasmontar los \u00edndices de pobreza es con mayor crecimiento econ\u00f3mico, con mayor&nbsp;&nbsp;productividad y esfuerzo de los ciudadanos&nbsp;&nbsp;en un ambiente de respeto a las&nbsp;&nbsp;libertades civiles, seguridad p\u00fablica y estado de Derecho ( lo cual luce por su ausencia en el Presupuesto).&nbsp;<\/p>\n\n\n\n<p class=\"wp-block-paragraph\">Ciertamente no habr\u00e1 crisis: el fondo de estabilizaci\u00f3n del gobierno; un superh\u00e1bit del 7%&nbsp;&nbsp;previsto en las finanzas oficiales, as\u00ed como el gasto del erario y la inversi\u00f3n p\u00fablica ( sumada a la actividad privada) la contienen.&nbsp;&nbsp;<\/p>\n\n\n\n<p class=\"wp-block-paragraph\">Los allegados al poder celebran que no hubo \u201cgasolinazo\u201d ( \u2026s\u00ed hubo y se dej\u00f3 vigente, que es muy diferente),\u00a0\u00a0\u00a0ni nuevos impuestos;\u00a0\u00a0que la inflaci\u00f3n y la paridad cambiaria est\u00e1n bajo control; y que, en general,\u00a0\u00a0los indicadores macroecon\u00f3micos est\u00e1n nivelados, lo cual es cierto.\u00a0\u00a0Pero esas condiciones ya las hemos tenido en otros sexenios\u00a0\u00a0sin que ello signifique ninguna\u00a0\u00a0gran transformaci\u00f3n y que, en realidad, mantienen prendida a la econom\u00eda\u00a0con\u00a0\u00a0alfileres: mientras los mexicanos no trabajemos m\u00e1s y mejor y nos olvidemos del populismo del gobierno,\u00a0cualquier Presupuesto ser\u00e1 lo mismo que el anterior y similar al que sigue.\u00a0\u00a0\u00a0\u00a0<\/p>\n","protected":false},"excerpt":{"rendered":"<p>El Mejor Presupuesto de la Historia\u2026antigua.&nbsp; *Natalia Vidales Rodr\u00edguez SemM\u00e9xico. Sonora. 25 de noviembre de 2019.- Por fin,\u00a0\u00a0\u00a0la\u00a0\u00a0C\u00e1mara de\u00a0\u00a0Diputados\u00a0\u00a0\u00a0aprob\u00f3,\u00a0la madrugada del viernes,\u00a0\u00a0el\u00a0\u00a0gasto de 6 billones de pesos para el\u00a0\u00a0gobierno federal\u00a0\u00a0con\u00a0321\u00a0\u00a0el votos a favor,\u00a0\u00a0\u00a0y\u00a0\u00a078 en contra por parte\u00a0\u00a0del PRI, del PRD y de\u00a0Movimiento Ciudadano\u00a0(MC)\u00a0;\u00a0\u00a0y con la ausencia de los diputados del PAN que se negaron a [&hellip;]<\/p>\n","protected":false},"author":3,"featured_media":8677,"comment_status":"open","ping_status":"open","sticky":false,"template":"","format":"standard","meta":{"_monsterinsights_skip_tracking":false,"footnotes":""},"categories":[690,100,72,35],"tags":[],"class_list":["post-14300","post","type-post","status-publish","format-standard","has-post-thumbnail","category-690","category-mujer-y-poder","category-natalia-vidales","category-opinion"],"_links":{"self":[{"href":"https:\/\/redsemlac.com\/semmexico\/wp-json\/wp\/v2\/posts\/14300","targetHints":{"allow":["GET"]}}],"collection":[{"href":"https:\/\/redsemlac.com\/semmexico\/wp-json\/wp\/v2\/posts"}],"about":[{"href":"https:\/\/redsemlac.com\/semmexico\/wp-json\/wp\/v2\/types\/post"}],"author":[{"embeddable":true,"href":"https:\/\/redsemlac.com\/semmexico\/wp-json\/wp\/v2\/users\/3"}],"replies":[{"embeddable":true,"href":"https:\/\/redsemlac.com\/semmexico\/wp-json\/wp\/v2\/comments?post=14300"}],"version-history":[{"count":0,"href":"https:\/\/redsemlac.com\/semmexico\/wp-json\/wp\/v2\/posts\/14300\/revisions"}],"wp:featuredmedia":[{"embeddable":true,"href":"https:\/\/redsemlac.com\/semmexico\/wp-json\/wp\/v2\/media\/8677"}],"wp:attachment":[{"href":"https:\/\/redsemlac.com\/semmexico\/wp-json\/wp\/v2\/media?parent=14300"}],"wp:term":[{"taxonomy":"category","embeddable":true,"href":"https:\/\/redsemlac.com\/semmexico\/wp-json\/wp\/v2\/categories?post=14300"},{"taxonomy":"post_tag","embeddable":true,"href":"https:\/\/redsemlac.com\/semmexico\/wp-json\/wp\/v2\/tags?post=14300"}],"curies":[{"name":"wp","href":"https:\/\/api.w.org\/{rel}","templated":true}]}}