{"id":14296,"date":"2019-11-25T18:49:30","date_gmt":"2019-11-25T18:49:30","guid":{"rendered":"https:\/\/redsemlac.com\/semmexico\/?p=14296"},"modified":"2023-07-21T15:15:05","modified_gmt":"2023-07-21T20:15:05","slug":"medio-promueve-video-incitando-al-odio-por-marcha-del-25n","status":"publish","type":"post","link":"https:\/\/redsemlac.com\/semmexico\/medio-promueve-video-incitando-al-odio-por-marcha-del-25n\/","title":{"rendered":"Medio promueve video incitando al odio por marcha del 25N"},"content":{"rendered":"\n<p class=\"wp-block-paragraph\">* Feministas convocaron a una marcha del silencio este d\u00eda en esta ciudad<\/p>\n\n\n\n<p class=\"wp-block-paragraph\">* Hacen responsable a Telesur Yucat\u00e1n de cualquier agresi\u00f3n o incidente<\/p>\n\n\n\n<p class=\"wp-block-paragraph\">Lorena Castellanos Rinc\u00f3n<\/p>\n\n\n\n<p class=\"wp-block-paragraph\">SemM\u00e9xico, M\u00e9rida, Yuc., 25 noviembre 2019.- En el marco del D\u00eda Internacional de la Eliminaci\u00f3n de la Violencia contra la Mujer, el medio de comunicaci\u00f3n Telesur Yucat\u00e1n lanz\u00f3 un video que ha sido se\u00f1alado por activistas feministas y la sociedad civil por incitar al odio en contra del movimiento del #25N.<\/p>\n\n\n\n<p class=\"wp-block-paragraph\">La publicaci\u00f3n que el medio subi\u00f3 a sus redes sociales el pasado domingo refiere a la Marcha del Silencio que las yucatecas realizar\u00e1n este lunes en el Remate de Paseo Montejo, despertando opiniones contrarias entre la sociedad yucateca.<\/p>\n\n\n\n<p class=\"wp-block-paragraph\">En sus cuentas personales, activistas y miembros de la sociedad civil comenzaron a circular comunicados para denunciar el video en la categor\u00eda de \u00abLenguaje que incita al odio\u00bb y no compartirlo en redes. Adem\u00e1s, que hacen responsable al medio de cualquier incidencia que pudiese suceder en contra de las manifestantes durante la marcha.<\/p>\n\n\n\n<p class=\"wp-block-paragraph\">\u00abTelesur acaba de sacar un v\u00eddeo acerca de la manifestaci\u00f3n #25N, que se llevar\u00e1 a cabo ma\u00f1ana. B\u00e1sicamente, desinformando desde el prejuicio y proporcionando un lugar para generar comentarios mis\u00f3ginos y violentos\u00bb, dice una de las publicaciones de las activistas.<\/p>\n\n\n\n<p class=\"wp-block-paragraph\">Seg\u00fan el portal local de noticias Haz Ruido, usuarias y usuarios de redes solicitaron a la Comisi\u00f3n de Derechos Humanos del Estado de Yucat\u00e1n (Codhey) que env\u00ede a un Visitador como medida cautelar para resguardar la seguridad e integridad f\u00edsica de las participantes a la marcha.<\/p>\n\n\n\n<p class=\"wp-block-paragraph\">\u00abHagamos frente a la criminalizaci\u00f3n de las manifestaciones sociales a favor de los derechos humanos y a favor de nuestro derecho a una VIDA LIBRE DE VIOLENCIA\u00bb.<\/p>\n\n\n\n<p class=\"wp-block-paragraph\">La manifestaci\u00f3n se llevar\u00e1 a cabo en punto de las 6:00 de la tarde. Se invita a las participantes a asistir con el rostro cubierto por su seguridad.&nbsp;<\/p>\n\n\n\n<p class=\"wp-block-paragraph\">SEM\/lc\/sj<\/p>\n","protected":false},"excerpt":{"rendered":"<p>* Feministas convocaron a una marcha del silencio este d\u00eda en esta ciudad * Hacen responsable a Telesur Yucat\u00e1n de cualquier agresi\u00f3n o incidente Lorena Castellanos Rinc\u00f3n SemM\u00e9xico, M\u00e9rida, Yuc., 25 noviembre 2019.- En el marco del D\u00eda Internacional de la Eliminaci\u00f3n de la Violencia contra la Mujer, el medio de comunicaci\u00f3n Telesur Yucat\u00e1n lanz\u00f3 [&hellip;]<\/p>\n","protected":false},"author":3,"featured_media":14298,"comment_status":"open","ping_status":"open","sticky":false,"template":"","format":"standard","meta":{"_monsterinsights_skip_tracking":false,"footnotes":""},"categories":[690,55],"tags":[],"class_list":["post-14296","post","type-post","status-publish","format-standard","has-post-thumbnail","category-690","category-periodistas"],"_links":{"self":[{"href":"https:\/\/redsemlac.com\/semmexico\/wp-json\/wp\/v2\/posts\/14296","targetHints":{"allow":["GET"]}}],"collection":[{"href":"https:\/\/redsemlac.com\/semmexico\/wp-json\/wp\/v2\/posts"}],"about":[{"href":"https:\/\/redsemlac.com\/semmexico\/wp-json\/wp\/v2\/types\/post"}],"author":[{"embeddable":true,"href":"https:\/\/redsemlac.com\/semmexico\/wp-json\/wp\/v2\/users\/3"}],"replies":[{"embeddable":true,"href":"https:\/\/redsemlac.com\/semmexico\/wp-json\/wp\/v2\/comments?post=14296"}],"version-history":[{"count":0,"href":"https:\/\/redsemlac.com\/semmexico\/wp-json\/wp\/v2\/posts\/14296\/revisions"}],"wp:featuredmedia":[{"embeddable":true,"href":"https:\/\/redsemlac.com\/semmexico\/wp-json\/wp\/v2\/media\/14298"}],"wp:attachment":[{"href":"https:\/\/redsemlac.com\/semmexico\/wp-json\/wp\/v2\/media?parent=14296"}],"wp:term":[{"taxonomy":"category","embeddable":true,"href":"https:\/\/redsemlac.com\/semmexico\/wp-json\/wp\/v2\/categories?post=14296"},{"taxonomy":"post_tag","embeddable":true,"href":"https:\/\/redsemlac.com\/semmexico\/wp-json\/wp\/v2\/tags?post=14296"}],"curies":[{"name":"wp","href":"https:\/\/api.w.org\/{rel}","templated":true}]}}