{"id":14292,"date":"2019-11-25T18:37:33","date_gmt":"2019-11-25T18:37:33","guid":{"rendered":"https:\/\/redsemlac.com\/semmexico\/?p=14292"},"modified":"2023-07-21T15:15:05","modified_gmt":"2023-07-21T20:15:05","slug":"con-procesion-de-catrinas-exigieron-alto-a-los-feminicidios-en-morelos","status":"publish","type":"post","link":"https:\/\/redsemlac.com\/semmexico\/con-procesion-de-catrinas-exigieron-alto-a-los-feminicidios-en-morelos\/","title":{"rendered":"Con procesi\u00f3n de catrinas, exigieron alto a los feminicidios en Morelos"},"content":{"rendered":"\n<p class=\"wp-block-paragraph\">* Por octava ocasi\u00f3n, buscan hacer visible la violencia contra las mujeres<\/p>\n\n\n\n<p class=\"wp-block-paragraph\">* Es un acto para exigir verdad, justicia, fortaleza y memoria por ellas<\/p>\n\n\n\n<p class=\"wp-block-paragraph\">Estrella Pedroza&nbsp;<\/p>\n\n\n\n<p class=\"wp-block-paragraph\">SemM\u00e9xico, Cuernavaca, Mor., 25 noviembre 2019.- Mujeres de sociedad civil organizada realizaron, la noche de este domingo, una procesi\u00f3n de catrinas en Centro Hist\u00f3rico de Cuernavaca&nbsp; para exigir \u201calto a los feminicidio, a la violencia machista en Morelos y pedir verdad y justicia para las ni\u00f1as y mujeres que la violencia machista nos ha arrebatado\u201d.<\/p>\n\n\n\n<p class=\"wp-block-paragraph\">Esta fue la octava edici\u00f3n de la procesi\u00f3n de catrinas, que se realiza desde el 2009, y consiste en un rito preformanece en&nbsp;espacios p\u00fablicos para visibilizar las violencias contra las mujeres y principalmente los feminicidios -que desde el 2000 se comenten en la entidad-.<\/p>\n\n\n\n<p class=\"wp-block-paragraph\">En esta ocasi\u00f3n se realiz\u00f3 en Plaza de Armas, situada en el centro de la capital de Morelos justo frente a Palacio de Gobierno \u2013sede oficial del Poder Ejecutivo-.<\/p>\n\n\n\n<p class=\"wp-block-paragraph\">\u201cRealizamos este acto para exigir verdad, justicia, dar un poco de fortaleza y hacer memoria de esas hermanas que nos han sido arrebatas por la violencia machista\u201d, sostuvo B\u00e1rbara Duran, feministas y coordinadora del acto pol\u00edtico- cultural.<\/p>\n\n\n\n<p class=\"wp-block-paragraph\">Desde agosto del 2015 fue decretada Alerta de Violencia de G\u00e9nero (AVG) por el alto \u00edndice de violencia contra las mujeres y por el n\u00famero de feminicidios que se hab\u00edan registrado en la \u00faltima d\u00e9cada. A cuatro a\u00f1os de esa medida, la realidad en la entidad no se ha modificado, los feminicidios han aumentado.<\/p>\n\n\n\n<p class=\"wp-block-paragraph\">\u201cEl d\u00eda de hoy volvemos a tomar las calles, volvemos a tomar el escenario p\u00fablico para levantar la voz, para manifestarnos por medio del arte, de la m\u00fasica&nbsp; y del performance, para hacer memoria y encender&nbsp;una vela a cada una de estas mujeres y recordarles, que la sociedad&nbsp;civil sigue en pie de lucha y no vamos a detenernos y que&nbsp; estamos organizadas\u201d, dijo, mientras montaban&nbsp; una ofrenda para las ni\u00f1as&nbsp; y mujeres v\u00edctimas de feminicidio.<\/p>\n\n\n\n<p class=\"wp-block-paragraph\">En la ofrenda figur\u00f3 la fotograf\u00eda de Magaly, la peque\u00f1a de seis a\u00f1os que fue abusada sexualmente y asesinada por un desconocido que ingres\u00f3 a su casa, situada en la colonia Carolina del municipio de Cuernavaca, en agosto de este a\u00f1o.<\/p>\n\n\n\n<p class=\"wp-block-paragraph\">Por \u00faltimo, lanz\u00f3 un llamado a la ciudadan\u00eda a sumarse a protestar contra la violencia feminicida.<\/p>\n","protected":false},"excerpt":{"rendered":"<p>* Por octava ocasi\u00f3n, buscan hacer visible la violencia contra las mujeres * Es un acto para exigir verdad, justicia, fortaleza y memoria por ellas Estrella Pedroza&nbsp; SemM\u00e9xico, Cuernavaca, Mor., 25 noviembre 2019.- Mujeres de sociedad civil organizada realizaron, la noche de este domingo, una procesi\u00f3n de catrinas en Centro Hist\u00f3rico de Cuernavaca&nbsp; para exigir [&hellip;]<\/p>\n","protected":false},"author":3,"featured_media":14294,"comment_status":"open","ping_status":"open","sticky":false,"template":"","format":"standard","meta":{"_monsterinsights_skip_tracking":false,"footnotes":""},"categories":[690,54],"tags":[],"class_list":["post-14292","post","type-post","status-publish","format-standard","has-post-thumbnail","category-690","category-mujeres"],"_links":{"self":[{"href":"https:\/\/redsemlac.com\/semmexico\/wp-json\/wp\/v2\/posts\/14292","targetHints":{"allow":["GET"]}}],"collection":[{"href":"https:\/\/redsemlac.com\/semmexico\/wp-json\/wp\/v2\/posts"}],"about":[{"href":"https:\/\/redsemlac.com\/semmexico\/wp-json\/wp\/v2\/types\/post"}],"author":[{"embeddable":true,"href":"https:\/\/redsemlac.com\/semmexico\/wp-json\/wp\/v2\/users\/3"}],"replies":[{"embeddable":true,"href":"https:\/\/redsemlac.com\/semmexico\/wp-json\/wp\/v2\/comments?post=14292"}],"version-history":[{"count":0,"href":"https:\/\/redsemlac.com\/semmexico\/wp-json\/wp\/v2\/posts\/14292\/revisions"}],"wp:featuredmedia":[{"embeddable":true,"href":"https:\/\/redsemlac.com\/semmexico\/wp-json\/wp\/v2\/media\/14294"}],"wp:attachment":[{"href":"https:\/\/redsemlac.com\/semmexico\/wp-json\/wp\/v2\/media?parent=14292"}],"wp:term":[{"taxonomy":"category","embeddable":true,"href":"https:\/\/redsemlac.com\/semmexico\/wp-json\/wp\/v2\/categories?post=14292"},{"taxonomy":"post_tag","embeddable":true,"href":"https:\/\/redsemlac.com\/semmexico\/wp-json\/wp\/v2\/tags?post=14292"}],"curies":[{"name":"wp","href":"https:\/\/api.w.org\/{rel}","templated":true}]}}