{"id":14282,"date":"2019-11-25T18:30:09","date_gmt":"2019-11-25T18:30:09","guid":{"rendered":"https:\/\/redsemlac.com\/semmexico\/?p=14282"},"modified":"2023-07-21T15:15:06","modified_gmt":"2023-07-21T20:15:06","slug":"argentina-retirada-de-macri-en-tono-celeste","status":"publish","type":"post","link":"https:\/\/redsemlac.com\/semmexico\/argentina-retirada-de-macri-en-tono-celeste\/","title":{"rendered":"Argentina: Retirada de Macri en tono celeste"},"content":{"rendered":"\n<p class=\"wp-block-paragraph\">* La sociedad espera como m\u00ednimo: que se cumpla lo que dice la ley, pero truncan el protocolo<\/p>\n\n\n\n<p class=\"wp-block-paragraph\">* A 17 d\u00edas para que deje la presidencia, hace un gui\u00f1o a los sectores opositores al aborto<\/p>\n\n\n\n<p class=\"wp-block-paragraph\">Norma Loto<\/p>\n\n\n\n<p class=\"wp-block-paragraph\">SemM\u00e9xico, Buenos Aires, 25 noviembre 2019.-Tras una vergonzosa jugada a favor de los movimientos que se auto atribuyen salvar las dos vidas, el gobierno nacional argentino puso freno a la actualizaci\u00f3n del Protocolo ILE, que hab\u00eda anunciado quien a hasta ayer era el secretario de salud, Adolfo Rubinstein.<\/p>\n\n\n\n<p class=\"wp-block-paragraph\">Si bien Argentina posee un protocolo ILE (interrupci\u00f3n legal del embarazo), pero no todas las provincias est\u00e1n adheridas. Lo que Rubinsntein public\u00f3 en el Bolet\u00edn Oficial, fue una actualizaci\u00f3n que se adapta al C\u00f3digo Civil y Comercial que rige desde 2015 e incorpora algunas de las recomendaciones internacionales (dosis de medicamentos y AMEU).<\/p>\n\n\n\n<p class=\"wp-block-paragraph\">Seg\u00fan la Campa\u00f1a Nacional por el Aborto Legal, Seguro y Gratuito: \u201cotorgaba m\u00e1s claridad legal en las pr\u00e1cticas ILE, una protecci\u00f3n hacia las mujeres y especialmente la adaptaci\u00f3n del Protocolo al C\u00f3digo Civil y Comercial en resguardo de ni\u00f1as y adolescentes menores de 15 a\u00f1os que proh\u00edbe como regla, la sustituci\u00f3n del consentimiento. Y todo esto era obligatorio para provincias con o sin protocolos\u201d. Este punto se basa en la Autonom\u00eda progresiva que de acuerdo al nuevo C\u00f3digo Civil a partir de los 13 a\u00f1os una adolescente decidir.&nbsp;&nbsp;<\/p>\n\n\n\n<p class=\"wp-block-paragraph\">En cuanto a la responsabilidad de los profesionales refer\u00eda que \u00e9stos no deb\u00edan pasar m\u00e1s de 10 d\u00edas en realizar la ILE. A la vez que se les recordaba su responsabilidad civil y penal si se negaban o si trataban de cambiar la decisi\u00f3n de la paciente. Respecto a la objeci\u00f3n de conciencia refer\u00eda que \u00e9sta no significa un incumplimiento de los deberes de los profesionales prestadores de salud, ni da\u00f1ar a terceros en su salud, su autonom\u00eda y su dignidad, ni restringir el acceso a prestaciones de salud contempladas en la legislaci\u00f3n vigente. Tambi\u00e9n aclaraba que, si un profesional de la salud deseaba ser objetor de conciencia, deber\u00e1 notificarlo a las autoridades del establecimiento de salud.<\/p>\n\n\n\n<p class=\"wp-block-paragraph\">Esta iniciativa no solo qued\u00f3 derogada, sino que tambi\u00e9n provoc\u00f3 que Rubinstein renuncie a la Secretar\u00eda de Salud. Desde el gobierno se dijo que el conflicto surgi\u00f3 a causa de que fue una medida inconsulta por parte de Rubinstein. Lo cierto es que no se trataba de una inconducta, sino que es evidente que no fue en sinton\u00eda con la visi\u00f3n antiderecho de la c\u00fapula del poder y pone en riesgo alianzas del macrismo.<\/p>\n\n\n\n<p class=\"wp-block-paragraph\">El peso pol\u00edtico y social de haber dado marcha atr\u00e1s al protocolo actualizado es inmenso en una sociedad que a\u00fan espera como m\u00ednimo: que se cumpla lo que dice la ley. Es que el protocolo est\u00e1 pensado para actuar en los casos en los que el aborto es legal. En este pa\u00eds, se puede abortar si es que el embarazo representa un peligro para la vida de la persona gestante; si el embarazo representa un peligro para la salud de la persona gestante o si el embarazo proviene de una violaci\u00f3n (se trate o no de una persona con discapacidad intelectual o psicosocial).<\/p>\n\n\n\n<p class=\"wp-block-paragraph\">El derecho est\u00e1 (escrito) pero muchas veces cuando la persona gestante llega a solicitarlo se encuentra con m\u00faltiples obst\u00e1culos que van desde la negativa del cuerpo m\u00e9dico, la judicializaci\u00f3n y todo tipo de maltrato. Tambi\u00e9n el cuerpo m\u00e9dico que se dispone a cumplir con la ley es perseguido.<\/p>\n\n\n\n<p class=\"wp-block-paragraph\">Apenas faltan 17 d\u00edas para que Mauricio Macri deje la presidencia y con este esc\u00e1ndalo se evidencia un claro gui\u00f1o a los sectores opositores al aborto. Que Macri no apoya la legalizaci\u00f3n del aborto no es noticia, de hecho, durante su campa\u00f1a por la reelecci\u00f3n presidencial no escondi\u00f3 su postura.&nbsp;<\/p>\n\n\n\n<p class=\"wp-block-paragraph\">Quiz\u00e1s su \u00faltima decisi\u00f3n no fue sorpresiva ya que est\u00e1 en sinton\u00eda con la decisi\u00f3n de quitar rango ministerial a la salud para reducirla a secretar\u00eda. Si bien no es la primera vez que Salud deja de ser ministerio, pero resulta indignante en esta democracia que ya lleva 36 a\u00f1os cumplidos y que se supone que se sabe que los errores no deben repetirse.<\/p>\n\n\n\n<p class=\"wp-block-paragraph\">El hecho de dejar sin efecto al protocolo actualizado ILE otorga a Macri un horizonte m\u00e1s firme que le garantizar\u00eda la alianza con los celestes para un intento de volver en 2024.&nbsp;<\/p>\n\n\n\n<p class=\"wp-block-paragraph\">Mauricio Macri se va as\u00ed como lleg\u00f3: ninguneando necesidades, no garantizando derechos, truncado un protocolo que garantizaba ni m\u00e1s ni menos que un trato digno para quienes necesiten abortar y habi\u00e9ndose perdido la oportunidad de que su gesti\u00f3n fuera recordada como la que consigui\u00f3 hacer legal, seguro y gratuito el aborto. Es que si bien, la decisi\u00f3n de legalizar y despenalizar el aborto fue legislativa, el presidente Macri no supo tener responsabilidad pol\u00edtica frente a una de las deudas sociales m\u00e1s urgentes.<\/p>\n\n\n\n<p class=\"wp-block-paragraph\"><strong>&nbsp;<\/strong><strong>Recuadro:<\/strong><\/p>\n\n\n\n<p class=\"wp-block-paragraph\">Durante el a\u00f1o 2017:<\/p>\n\n\n\n<ul class=\"wp-block-list\"><li>el 60% de las muertes por embarazo terminado en aborto correspondi\u00f3 a mujeres de 15 a 29 a\u00f1os.&nbsp;<\/li><li>la muerte por embarazo terminado en aborto est\u00e1 entre las primeras causas de muerte materna.&nbsp;<\/li><li>las muertes por embarazos terminados en abortos representaron el 14,85% del total de muertes maternas.<\/li><\/ul>\n\n\n\n<p class=\"wp-block-paragraph\">( Fuente: DEIS, 2018 )<\/p>\n","protected":false},"excerpt":{"rendered":"<p>* La sociedad espera como m\u00ednimo: que se cumpla lo que dice la ley, pero truncan el protocolo * A 17 d\u00edas para que deje la presidencia, hace un gui\u00f1o a los sectores opositores al aborto Norma Loto SemM\u00e9xico, Buenos Aires, 25 noviembre 2019.-Tras una vergonzosa jugada a favor de los movimientos que se auto [&hellip;]<\/p>\n","protected":false},"author":3,"featured_media":14284,"comment_status":"open","ping_status":"open","sticky":false,"template":"","format":"standard","meta":{"_monsterinsights_skip_tracking":false,"footnotes":""},"categories":[690,53],"tags":[],"class_list":["post-14282","post","type-post","status-publish","format-standard","has-post-thumbnail","category-690","category-internacional"],"_links":{"self":[{"href":"https:\/\/redsemlac.com\/semmexico\/wp-json\/wp\/v2\/posts\/14282","targetHints":{"allow":["GET"]}}],"collection":[{"href":"https:\/\/redsemlac.com\/semmexico\/wp-json\/wp\/v2\/posts"}],"about":[{"href":"https:\/\/redsemlac.com\/semmexico\/wp-json\/wp\/v2\/types\/post"}],"author":[{"embeddable":true,"href":"https:\/\/redsemlac.com\/semmexico\/wp-json\/wp\/v2\/users\/3"}],"replies":[{"embeddable":true,"href":"https:\/\/redsemlac.com\/semmexico\/wp-json\/wp\/v2\/comments?post=14282"}],"version-history":[{"count":0,"href":"https:\/\/redsemlac.com\/semmexico\/wp-json\/wp\/v2\/posts\/14282\/revisions"}],"wp:featuredmedia":[{"embeddable":true,"href":"https:\/\/redsemlac.com\/semmexico\/wp-json\/wp\/v2\/media\/14284"}],"wp:attachment":[{"href":"https:\/\/redsemlac.com\/semmexico\/wp-json\/wp\/v2\/media?parent=14282"}],"wp:term":[{"taxonomy":"category","embeddable":true,"href":"https:\/\/redsemlac.com\/semmexico\/wp-json\/wp\/v2\/categories?post=14282"},{"taxonomy":"post_tag","embeddable":true,"href":"https:\/\/redsemlac.com\/semmexico\/wp-json\/wp\/v2\/tags?post=14282"}],"curies":[{"name":"wp","href":"https:\/\/api.w.org\/{rel}","templated":true}]}}