{"id":14271,"date":"2019-11-25T18:22:13","date_gmt":"2019-11-25T18:22:13","guid":{"rendered":"https:\/\/redsemlac.com\/semmexico\/?p=14271"},"modified":"2023-07-21T15:15:06","modified_gmt":"2023-07-21T20:15:06","slug":"cuba-solicitud-de-ley-contra-violencia-concita-apoyo-de-la-ciudadania","status":"publish","type":"post","link":"https:\/\/redsemlac.com\/semmexico\/cuba-solicitud-de-ley-contra-violencia-concita-apoyo-de-la-ciudadania\/","title":{"rendered":"Cuba: Solicitud de ley contra violencia concita apoyo de la ciudadan\u00eda"},"content":{"rendered":"\n<p class=\"wp-block-paragraph\">* No debe ser solo punitiva sino debe \u00abcrear las bases para implementar un sistema integral de prevenci\u00f3n y atenci\u00f3n\u00bb.<\/p>\n\n\n\n<p class=\"wp-block-paragraph\">* Solicitamos un instrumento&nbsp;que permita y exija a otras normas el reconocimiento y atenci\u00f3n a la violencia de g\u00e9nero<\/p>\n\n\n\n<p class=\"wp-block-paragraph\">Redacci\u00f3n<\/p>\n\n\n\n<p class=\"wp-block-paragraph\">SemM\u00e9xico\/SEMlac, La Habana, 25 noviembre 2019.- Unas 340 personas hab\u00edan dado su apoyo hasta la noche del 24 de noviembre a una&nbsp;<a href=\"https:\/\/www.facebook.com\/yositecreoCuba\/posts\/495124391089481\" target=\"_blank\" rel=\"noreferrer noopener\">Solicitud de Ley Integral contra la Violencia de g\u00e9nero en Cuba<\/a>&nbsp;que, desde el pasado 21 de noviembre, hicieron llegar 40 cubanas a la Asamblea Nacional del Poder Popular, \u00f3rgano con potestad constituyente y legislativa en la naci\u00f3n caribe\u00f1a.<\/p>\n\n\n\n<p class=\"wp-block-paragraph\"><br>La iniciativa, difundida la pasada semana por correos electr\u00f3nicos e Internet, desde la p\u00e1gina en Facebook&nbsp;<a href=\"https:\/\/www.facebook.com\/yositecreoCuba\/posts\/494244711177449\" target=\"_blank\" rel=\"noreferrer noopener\">Yo s\u00ed te creo en Cuba<\/a>, pide \u00abque se incluya en el cronograma legislativo (previsto para entregar hasta abril de 2020) un proyecto de Ley Integral Contra la Violencia de G\u00e9nero\u00bb.<\/p>\n\n\n\n<p class=\"wp-block-paragraph\"><br>La solicitud est\u00e1 dirigida al presidente de la Asamblea, Esteban Lazo; su vicepresidenta Ana Mar\u00eda Mari Machado; el secretario del Parlamento, Homero Acosta y Arelys Santana, quien preside la Comisi\u00f3n Permanente de Atenci\u00f3n a la Ni\u00f1ez, la Juventud y los Derechos de Igualdad de la Mujer.<\/p>\n\n\n\n<p class=\"wp-block-paragraph\"><br>La carta abunda en que la mencionada&nbsp;ley integral&nbsp;no debe ser solo punitiva y sancionar los delitos, sino que debe de \u00abcrear las bases para implementar un sistema integral de prevenci\u00f3n y atenci\u00f3n\u00bb.<\/p>\n\n\n\n<p class=\"wp-block-paragraph\"><br>Aboga para que eduque a la ciudadan\u00eda en una vida sin violencia de g\u00e9nero, garantice el acceso a la justicia, preserve las vidas de las mujeres, considere la necesidad de la habilitaci\u00f3n de refugios y casas de acogida para las v\u00edctimas, y construya programas de concientizaci\u00f3n para las mujeres, los agresores, las instituciones y la sociedad en su conjunto.<\/p>\n\n\n\n<p class=\"wp-block-paragraph\"><br>\u00abLo que solicitamos no es una norma fragmentada, sectorial ni focalizada, sino&nbsp;un instrumento&nbsp;que, en su integralidad, permita y exija a otras normas el reconocimiento y atenci\u00f3n a la violencia de g\u00e9nero y ampare, regule y estimule el dise\u00f1o de pol\u00edticas p\u00fablicas en ese sentido\u00bb, afirma la misiva que han suscrito activistas y profesionales de diversas disciplinas y sectores.<\/p>\n\n\n\n<p class=\"wp-block-paragraph\"><br>La solicitud alega que Cuba cuenta con personas, instituciones e historia para dar ese paso y contar con instrumento indispensable para el dise\u00f1o de pol\u00edticas p\u00fablicas que intervengan en los procesos de producci\u00f3n y reproducci\u00f3n de la violencia, identifique sus causas, reconozca la diversidad de v\u00edctimas (incluidas ni\u00f1as, adolescentes, personas trans y con identidades no binarias), permita acompa\u00f1arlas y disminuir progresivamente su n\u00famero.<\/p>\n\n\n\n<p class=\"wp-block-paragraph\"><br>Explica, adem\u00e1s, que la&nbsp;<a href=\"http:\/\/www.redsemlac-cuba.net\/violencia\/necesarios-mecanismos-legales-frente-a-violencia-machista-s.html\" target=\"_blank\" rel=\"noreferrer noopener\">necesidad de una ley espec\u00edfica sobre violencia de g\u00e9nero<\/a>&nbsp;ha comenzado a integrarse al debate desde 1999 desde las voces de activistas, juristas, investigadoras y acad\u00e9micas, y cuenta ahora con m\u00e1s sustento en la nueva Constituci\u00f3n aprobada en febrero de este a\u00f1o.<\/p>\n\n\n\n<p class=\"wp-block-paragraph\"><br>La Carta Magna se\u00f1ala el deber de Estado de proteger a las mujeres de \u00abla violencia de g\u00e9nero en cualquiera de sus manifestaciones y espacios\u00bb y crear \u00ablos mecanismos institucionales y legales para ello\u00bb.<\/p>\n\n\n\n<p class=\"wp-block-paragraph\"><br>Pese al trabajo que se ha hecho, la violencia de g\u00e9nero se reproduce y es notable, indica la misiva y cita datos de la Encuesta Nacional de Igualdad de G\u00e9nero.<\/p>\n\n\n\n<p class=\"wp-block-paragraph\"><br>Aunque 51,9 por ciento de la poblaci\u00f3n encuestada considera que la violencia contra la mujer es poca, 26,6 por ciento de las mujeres han sido v\u00edctima de violencia en sus relaciones de pareja en los 12 meses previos a la encuesta y 39,6 por ciento ha sufrido violencia en alg\u00fan otro momento de su vida.<\/p>\n\n\n\n<p class=\"wp-block-paragraph\"><br>Esa investigaci\u00f3n revel\u00f3 tambi\u00e9n que la b\u00fasqueda de ayuda institucional no es una pr\u00e1ctica recurrente en las v\u00edctimas, quienes carecen de redes de apoyo e informaci\u00f3n para buscar asistencia.<br>En tanto, la tasa de\u00a0<a rel=\"noreferrer noopener\" href=\"http:\/\/www.redsemlac-cuba.net\/violencia\/femicidios-en-cuba-el-poder-de-los-datos.html\" target=\"_blank\">femicidios<\/a>\u00a0fue de 0,99 por 100.000 adolescentes y mujeres a partir de los 15 a\u00f1os de edad en 2016, para un promedio de una muerte por semana, de acuerdo con las primeras cifras oficiales de este tipo divulgadas en el\u00a0<a rel=\"noreferrer noopener\" href=\"https:\/\/foroalc2030.cepal.org\/2019\/sites\/foro2019\/files\/informe_nacional_voluntario_de_cuba_sobre_implementacion_de_la_agenda_2030.pdf\" target=\"_blank\">Informe Nacional sobre la implementaci\u00f3n de la Agenda 2030<\/a>.<\/p>\n\n\n\n<p class=\"wp-block-paragraph\"><br>Sin embargo, el C\u00f3digo Penal cubano no reconoce la\u00a0<a rel=\"noreferrer noopener\" href=\"http:\/\/www.redsemlac-cuba.net\/violencia\/las-leyes-deben-visibilizar-el-delito-de-violencia-de-g%C3%A9nero.html\" target=\"_blank\">violencia de g\u00e9nero como un crimen espec\u00edfico<\/a>\u00a0y tampoco los femicidios, insiste la misiva.<\/p>\n\n\n\n<p class=\"wp-block-paragraph\"><br>A la par, testimonios y evidencias reportadas por investigaciones cualitativas y medios de comunicaci\u00f3n muestran diversas barreras en la atenci\u00f3n de estos casos desde la gesti\u00f3n policial y judicial, desamparo institucional, inexistencia de refugios y de espacios seguros para las mujeres denunciantes, se\u00f1ala la solicitud.<\/p>\n\n\n\n<p class=\"wp-block-paragraph\"><br>Tambi\u00e9n alude a la persistencia de estereotipos que dificultan la b\u00fasqueda de apoyo en casos de violencia, as\u00ed como la inexistencia de normas sociales que reconozcan la diversidad de escenarios y formatos en los que se expresa la violencia de g\u00e9nero.<\/p>\n\n\n\n<p class=\"wp-block-paragraph\">SEM-SEMlac<\/p>\n","protected":false},"excerpt":{"rendered":"<p>* No debe ser solo punitiva sino debe \u00abcrear las bases para implementar un sistema integral de prevenci\u00f3n y atenci\u00f3n\u00bb. * Solicitamos un instrumento&nbsp;que permita y exija a otras normas el reconocimiento y atenci\u00f3n a la violencia de g\u00e9nero Redacci\u00f3n SemM\u00e9xico\/SEMlac, La Habana, 25 noviembre 2019.- Unas 340 personas hab\u00edan dado su apoyo hasta la [&hellip;]<\/p>\n","protected":false},"author":3,"featured_media":14273,"comment_status":"open","ping_status":"open","sticky":false,"template":"","format":"standard","meta":{"_monsterinsights_skip_tracking":false,"footnotes":""},"categories":[690,53],"tags":[],"class_list":["post-14271","post","type-post","status-publish","format-standard","has-post-thumbnail","category-690","category-internacional"],"_links":{"self":[{"href":"https:\/\/redsemlac.com\/semmexico\/wp-json\/wp\/v2\/posts\/14271","targetHints":{"allow":["GET"]}}],"collection":[{"href":"https:\/\/redsemlac.com\/semmexico\/wp-json\/wp\/v2\/posts"}],"about":[{"href":"https:\/\/redsemlac.com\/semmexico\/wp-json\/wp\/v2\/types\/post"}],"author":[{"embeddable":true,"href":"https:\/\/redsemlac.com\/semmexico\/wp-json\/wp\/v2\/users\/3"}],"replies":[{"embeddable":true,"href":"https:\/\/redsemlac.com\/semmexico\/wp-json\/wp\/v2\/comments?post=14271"}],"version-history":[{"count":0,"href":"https:\/\/redsemlac.com\/semmexico\/wp-json\/wp\/v2\/posts\/14271\/revisions"}],"wp:featuredmedia":[{"embeddable":true,"href":"https:\/\/redsemlac.com\/semmexico\/wp-json\/wp\/v2\/media\/14273"}],"wp:attachment":[{"href":"https:\/\/redsemlac.com\/semmexico\/wp-json\/wp\/v2\/media?parent=14271"}],"wp:term":[{"taxonomy":"category","embeddable":true,"href":"https:\/\/redsemlac.com\/semmexico\/wp-json\/wp\/v2\/categories?post=14271"},{"taxonomy":"post_tag","embeddable":true,"href":"https:\/\/redsemlac.com\/semmexico\/wp-json\/wp\/v2\/tags?post=14271"}],"curies":[{"name":"wp","href":"https:\/\/api.w.org\/{rel}","templated":true}]}}