{"id":14259,"date":"2019-11-25T17:15:07","date_gmt":"2019-11-25T17:15:07","guid":{"rendered":"https:\/\/redsemlac.com\/semmexico\/?p=14259"},"modified":"2023-07-21T15:15:06","modified_gmt":"2023-07-21T20:15:06","slug":"en-francia-marchan-miles-contra-violencia-de-genero-y-feminicidios","status":"publish","type":"post","link":"https:\/\/redsemlac.com\/semmexico\/en-francia-marchan-miles-contra-violencia-de-genero-y-feminicidios\/","title":{"rendered":"En Francia marchan miles contra violencia de g\u00e9nero y feminicidios"},"content":{"rendered":"\n<p class=\"wp-block-paragraph\">* Decenas de miles de personas se manifestaron en una concentraci\u00f3n hist\u00f3rica en las calles de Par\u00eds.<br>*Seg\u00fan datos oficiales, cada a\u00f1o 213.000 mujeres mayores de edad son v\u00edctimas de violencia f\u00edsica y\/o sexual por parte de su c\u00f3nyuge o exc\u00f3nyuge.<ins><ins><\/ins><\/ins><\/p>\n\n\n\n<p class=\"wp-block-paragraph\">Redacci\u00f3n.<\/p>\n\n\n\n<p class=\"wp-block-paragraph\">SemM\u00e9xico\/ Billie Parker Noticias. Francia. 25 noviembre 2019 &#8211; Decenas de miles de personas se manifestaron este s\u00e1bado en Francia arengando un \u201cbasta\u201d a la violencia sexual de g\u00e9nero y a los feminicidios cuyo n\u00famero (116 por lo menos desde principios de a\u00f1o) suscitan una indignaci\u00f3n sin precedentes en el pa\u00eds Galo.<\/p>\n\n\n\n<p class=\"wp-block-paragraph\">En la marcha de Par\u00eds participaron un paroximado de 49.000 personas, de acuerdo al recuento realizado por el gabinete Occurrence para un colectivo de medios de prensa (AFP).<ins><\/ins><\/p>\n\n\n\n<p class=\"wp-block-paragraph\">La comitiva parisina, compuesta en su mayor\u00eda por mujeres pero tambi\u00e9n por hombres, exhib\u00eda carteles que mostraban la foto de una pariente asesinada.<\/p>\n\n\n\n<p class=\"wp-block-paragraph\">Una gran pancarta se alzaba contra una \u201cJusticia c\u00f3mplice\u201d, mientras que una multitud de carteles proclamaban: \u201cNo la violaci\u00f3n\u201d, \u201cFeminicidios, ni uno m\u00e1s\u201d, \u201cRompamos el silencio\u201d, \u201cQuien calla NO consiente\u201d.<\/p>\n\n\n\n<p class=\"wp-block-paragraph\">Desde principios de 2019, al menos 116 mujeres fueron asesinadas por sus c\u00f3nyuges o exc\u00f3nyuges, seg\u00fan un recuento y un estudio caso por caso realizado por la AFP.<\/p>\n\n\n\n<p class=\"wp-block-paragraph\">El colectivo feminista \u201cfeminicidios por compa\u00f1eros o excompa\u00f1eros\u201d, cont\u00f3 137 mujeres asesinadas en el marco conyugal desde el 1 de enero. Seg\u00fan el ministerio del Interior, en 2018 la cifra lleg\u00f3 a 121 mujeres v\u00edctimas.<ins><\/ins><\/p>\n\n\n\n<p class=\"wp-block-paragraph\">En el resto de Francia se organizaron unas 30 marchas, en particular en Toulouse (suroeste), donde la manifestaci\u00f3n reuni\u00f3 a varios centenares de personas, seg\u00fan la AFP.<ins><ins><\/ins><\/ins><\/p>\n\n\n\n<p class=\"wp-block-paragraph\">\u201cAbajo el patriarcado\u201d, \u201cNunca m\u00e1s nos dejaremos enga\u00f1ar\u201d, gritaban las manifestantes. El a\u00f1o pasado, cerca de 50.000 personas se reunieron a finales de noviembre en todo Francia, de las cuales 30.000 en Par\u00eds seg\u00fan los organizadores, 12.000 seg\u00fan la polic\u00eda.<\/p>\n\n\n\n<p class=\"wp-block-paragraph\">\u201cPensamos que va a ser una marcha hist\u00f3rica\u201d, hab\u00eda declarado el s\u00e1bado una de las organizadoras, Caroline De Haas, convencida de que \u201cel nivel de conciencia (\u2026) sobre la cuesti\u00f3n de la violencia se est\u00e1 moviendo de manera bastante radical\u201d.<\/p>\n","protected":false},"excerpt":{"rendered":"<p>* Decenas de miles de personas se manifestaron en una concentraci\u00f3n hist\u00f3rica en las calles de Par\u00eds.*Seg\u00fan datos oficiales, cada a\u00f1o 213.000 mujeres mayores de edad son v\u00edctimas de violencia f\u00edsica y\/o sexual por parte de su c\u00f3nyuge o exc\u00f3nyuge. Redacci\u00f3n. SemM\u00e9xico\/ Billie Parker Noticias. Francia. 25 noviembre 2019 &#8211; Decenas de miles de personas [&hellip;]<\/p>\n","protected":false},"author":3,"featured_media":14261,"comment_status":"open","ping_status":"open","sticky":false,"template":"","format":"standard","meta":{"_monsterinsights_skip_tracking":false,"footnotes":""},"categories":[690,53,1],"tags":[],"class_list":["post-14259","post","type-post","status-publish","format-standard","has-post-thumbnail","category-690","category-internacional","category-uncategorized"],"_links":{"self":[{"href":"https:\/\/redsemlac.com\/semmexico\/wp-json\/wp\/v2\/posts\/14259","targetHints":{"allow":["GET"]}}],"collection":[{"href":"https:\/\/redsemlac.com\/semmexico\/wp-json\/wp\/v2\/posts"}],"about":[{"href":"https:\/\/redsemlac.com\/semmexico\/wp-json\/wp\/v2\/types\/post"}],"author":[{"embeddable":true,"href":"https:\/\/redsemlac.com\/semmexico\/wp-json\/wp\/v2\/users\/3"}],"replies":[{"embeddable":true,"href":"https:\/\/redsemlac.com\/semmexico\/wp-json\/wp\/v2\/comments?post=14259"}],"version-history":[{"count":0,"href":"https:\/\/redsemlac.com\/semmexico\/wp-json\/wp\/v2\/posts\/14259\/revisions"}],"wp:featuredmedia":[{"embeddable":true,"href":"https:\/\/redsemlac.com\/semmexico\/wp-json\/wp\/v2\/media\/14261"}],"wp:attachment":[{"href":"https:\/\/redsemlac.com\/semmexico\/wp-json\/wp\/v2\/media?parent=14259"}],"wp:term":[{"taxonomy":"category","embeddable":true,"href":"https:\/\/redsemlac.com\/semmexico\/wp-json\/wp\/v2\/categories?post=14259"},{"taxonomy":"post_tag","embeddable":true,"href":"https:\/\/redsemlac.com\/semmexico\/wp-json\/wp\/v2\/tags?post=14259"}],"curies":[{"name":"wp","href":"https:\/\/api.w.org\/{rel}","templated":true}]}}