{"id":14238,"date":"2019-11-24T22:11:52","date_gmt":"2019-11-24T22:11:52","guid":{"rendered":"https:\/\/redsemlac.com\/semmexico\/?p=14238"},"modified":"2023-07-21T15:15:07","modified_gmt":"2023-07-21T20:15:07","slug":"cladem-rechaza-presencia-de-gerardo-ortiz-en-la-universidad-de-guadalajara","status":"publish","type":"post","link":"https:\/\/redsemlac.com\/semmexico\/cladem-rechaza-presencia-de-gerardo-ortiz-en-la-universidad-de-guadalajara\/","title":{"rendered":"Cladem rechaza presencia de Gerardo Ortiz en la Universidad de Guadalajara"},"content":{"rendered":"\n<p class=\"wp-block-paragraph\">Redacci\u00f3n <\/p>\n\n\n\n<p class=\"wp-block-paragraph\">SemM\u00e9xico. Jalisco. 24 de noviembre de 2019.- El Comit\u00e9 de Am\u00e9rica Latina y el Caribe para la Defensa de los Derechos de las Mujeres, (CLADEM) manifiesta un en\u00e9rgico rechazo a la presencia del se\u00f1or Gerardo Ortiz en el Auditorio Telmex de la Universidad de Guadalajara programado para el pr\u00f3ximo 29 de noviembre. <\/p>\n\n\n\n<p class=\"wp-block-paragraph\">El se\u00f1or Ortiz tiene antecedentes en el Estado de Jalisco de ser promotor de la violencia contra las mujeres por lo que en su momento se le declar\u00f3 persona No grata y se inici\u00f3 un proceso en su contra por Apolog\u00eda del delito de feminicidio en 2016 por la Fiscal\u00eda General del Estado. <br>\nGerardo Ortiz, utiliz\u00f3 su video musical Fuiste m\u00eda, en 2016, en el cual una mujer era asesinada para hacer apolog\u00eda del delito de Feminicidio. Desde entonces, CLADEM se\u00f1al\u00f3 la gravedad de la utilizaci\u00f3n de recursos p\u00fablicos para la realizaci\u00f3n de un video de esta naturaleza. <\/p>\n\n\n\n<p class=\"wp-block-paragraph\">En un comunicado de presa se\u00f1alaron que a tres a\u00f1os de esos lamentables hechos, en un Estado que se encuentra en Alerta de Violencia de G\u00e9nero, es inadmisible que se autorice la presentaci\u00f3n en Jalisco del cantante de narcocorridos Gerardo Ortiz, quien ha sido se\u00f1alado por hacer apolog\u00eda de la delincuencia organizado y el feminicido a trav\u00e9s de sus canciones.<\/p>\n\n\n\n<p class=\"wp-block-paragraph\">El feminicidio en Jalisco es una grave problem\u00e1tica que se ha acentuado en los \u00faltimos a\u00f1os. 2019 se ha significado por la<br>\nAgudizaci\u00f3n de la violencia de G\u00e9nero, las desapariciones y los Feminicidios. La cifra de mujeres asesinadas en este a\u00f1o, rebasa los casos de los \u00faltimos 20 a\u00f1os. Tan s\u00f3lo de enero a noviembre de2019 han sido asesinadas 232 mujeres y solo el 20% se han consignado como feminicidios, lo que incrementa los niveles de impunidad.<\/p>\n\n\n\n<p class=\"wp-block-paragraph\">Con este contexto de violencia generalizada y de agudizaci\u00f3n de violencia contra las mujeres, ES INACEPTABLE que sea la Universidad de Guadalajara quien le d\u00e9 cabida a Gerardo Ortiz. (\u00bfEs parte de las acciones universitarias en el marco del 25 de noviembre d\u00eda de la eliminaci\u00f3n de la violencia contra las mujeres?)<\/p>\n\n\n\n<p class=\"wp-block-paragraph\">\u00abEs INADMISIBLE que sea en un recinto Universitario donde se presentar\u00e1 este se\u00f1or promotor de violencias de g\u00e9nero. (Esto explica porqu\u00e9 la Universidad de Guadalajara (UdeG) es la instituci\u00f3n que m\u00e1s quejas tiene a nivel nacional  al registrar 260 quejas de enero a octubre de 2019, de las que 45 son por acoso sexual y 40 por hostigamiento seg\u00fan informaci\u00f3n period\u00edstica.)\u00bb<\/p>\n\n\n\n<p class=\"wp-block-paragraph\">Por lo que exigen:  <\/p>\n\n\n\n<p class=\"wp-block-paragraph\">Primero. A la Defensor\u00eda de los Derechos Universitarios y a la propia Universidad de Guadalajara acciones contundentes para eliminar la violencia de g\u00e9nero, el acoso y el<br>\nHostigamiento al interior de la propia instituci\u00f3n. <\/p>\n\n\n\n<p class=\"wp-block-paragraph\">Segundo. Que la promoci\u00f3n de la Cultura de la Paz y No violencia en la Red Universitaria que impulsa la Defensor\u00eda y la Universidad, sean congruentes con las acciones que se realizan en los espacios Universitarios, por lo que se solicita la cancelaci\u00f3n de la presentaci\u00f3n del se\u00f1or Ortiz en cualquier instalaci\u00f3n universitaria, incluyendo el Auditorio Telmex. <\/p>\n\n\n\n<p class=\"wp-block-paragraph\">Tercero. Al gobierno del Estado y del municipio de Zapopan, que cancelen el otorgamiento de permisos y licencias para la presentaci\u00f3n de quienes son promotores de la cultura de la violencia en nuestra entidad. <\/p>\n\n\n\n<p class=\"wp-block-paragraph\">Comit\u00e9 de Am\u00e9rica Latina y el Caribe para la Defensa de los Derechos de las Mujeres. <br>\nCLADEM<\/p>\n","protected":false},"excerpt":{"rendered":"<p>Redacci\u00f3n SemM\u00e9xico. Jalisco. 24 de noviembre de 2019.- El Comit\u00e9 de Am\u00e9rica Latina y el Caribe para la Defensa de los Derechos de las Mujeres, (CLADEM) manifiesta un en\u00e9rgico rechazo a la presencia del se\u00f1or Gerardo Ortiz en el Auditorio Telmex de la Universidad de Guadalajara programado para el pr\u00f3ximo 29 de noviembre. El se\u00f1or [&hellip;]<\/p>\n","protected":false},"author":3,"featured_media":14240,"comment_status":"open","ping_status":"open","sticky":false,"template":"","format":"standard","meta":{"_monsterinsights_skip_tracking":false,"footnotes":""},"categories":[690,54,1],"tags":[],"class_list":["post-14238","post","type-post","status-publish","format-standard","has-post-thumbnail","category-690","category-mujeres","category-uncategorized"],"_links":{"self":[{"href":"https:\/\/redsemlac.com\/semmexico\/wp-json\/wp\/v2\/posts\/14238","targetHints":{"allow":["GET"]}}],"collection":[{"href":"https:\/\/redsemlac.com\/semmexico\/wp-json\/wp\/v2\/posts"}],"about":[{"href":"https:\/\/redsemlac.com\/semmexico\/wp-json\/wp\/v2\/types\/post"}],"author":[{"embeddable":true,"href":"https:\/\/redsemlac.com\/semmexico\/wp-json\/wp\/v2\/users\/3"}],"replies":[{"embeddable":true,"href":"https:\/\/redsemlac.com\/semmexico\/wp-json\/wp\/v2\/comments?post=14238"}],"version-history":[{"count":0,"href":"https:\/\/redsemlac.com\/semmexico\/wp-json\/wp\/v2\/posts\/14238\/revisions"}],"wp:featuredmedia":[{"embeddable":true,"href":"https:\/\/redsemlac.com\/semmexico\/wp-json\/wp\/v2\/media\/14240"}],"wp:attachment":[{"href":"https:\/\/redsemlac.com\/semmexico\/wp-json\/wp\/v2\/media?parent=14238"}],"wp:term":[{"taxonomy":"category","embeddable":true,"href":"https:\/\/redsemlac.com\/semmexico\/wp-json\/wp\/v2\/categories?post=14238"},{"taxonomy":"post_tag","embeddable":true,"href":"https:\/\/redsemlac.com\/semmexico\/wp-json\/wp\/v2\/tags?post=14238"}],"curies":[{"name":"wp","href":"https:\/\/api.w.org\/{rel}","templated":true}]}}