{"id":14234,"date":"2019-11-24T22:08:03","date_gmt":"2019-11-24T22:08:03","guid":{"rendered":"https:\/\/redsemlac.com\/semmexico\/?p=14234"},"modified":"2023-07-21T15:15:07","modified_gmt":"2023-07-21T20:15:07","slug":"en-chile-agreden-violan-a-mujeres-y-matan-a-periodistas-justiciaporalbertina","status":"publish","type":"post","link":"https:\/\/redsemlac.com\/semmexico\/en-chile-agreden-violan-a-mujeres-y-matan-a-periodistas-justiciaporalbertina\/","title":{"rendered":"En #CHILE agreden, violan a mujeres y matan a periodistas #JusticiaPorAlbertina"},"content":{"rendered":"\n<p class=\"wp-block-paragraph\">SemM\u00e9xico\/Billie Parker Noticias. 24 de noviembre de 2019.- Albertina Martinez fotoperiodista chilena hallada muerta a golpes y apu\u00f1alada. Del departamento desapareci\u00f3 su computadora y su c\u00e1mara.<br>Participaba activamente registrando la represi\u00f3n y los abusos de los Carabineros hacia mujeres comunicadoras.<br>#JusticiaPorAlbertina<\/p>\n\n\n\n<p class=\"wp-block-paragraph\">Esta es apenas una de la m\u00faltiples denuncias que se exhiben en redes sociales sobre los abusos de poder de los carabineros. Las mujeres en \u00e9pocas convulsas son bot\u00edn de guerra y no permiten que mujeres periodistas exhiban a sus agresores. #YaBasta.<\/p>\n","protected":false},"excerpt":{"rendered":"<p>SemM\u00e9xico\/Billie Parker Noticias. 24 de noviembre de 2019.- Albertina Martinez fotoperiodista chilena hallada muerta a golpes y apu\u00f1alada. Del departamento desapareci\u00f3 su computadora y su c\u00e1mara.Participaba activamente registrando la represi\u00f3n y los abusos de los Carabineros hacia mujeres comunicadoras.#JusticiaPorAlbertina Esta es apenas una de la m\u00faltiples denuncias que se exhiben en redes sociales sobre los [&hellip;]<\/p>\n","protected":false},"author":3,"featured_media":14236,"comment_status":"open","ping_status":"open","sticky":false,"template":"","format":"standard","meta":{"_monsterinsights_skip_tracking":false,"footnotes":""},"categories":[690,53,1],"tags":[],"class_list":["post-14234","post","type-post","status-publish","format-standard","has-post-thumbnail","category-690","category-internacional","category-uncategorized"],"_links":{"self":[{"href":"https:\/\/redsemlac.com\/semmexico\/wp-json\/wp\/v2\/posts\/14234","targetHints":{"allow":["GET"]}}],"collection":[{"href":"https:\/\/redsemlac.com\/semmexico\/wp-json\/wp\/v2\/posts"}],"about":[{"href":"https:\/\/redsemlac.com\/semmexico\/wp-json\/wp\/v2\/types\/post"}],"author":[{"embeddable":true,"href":"https:\/\/redsemlac.com\/semmexico\/wp-json\/wp\/v2\/users\/3"}],"replies":[{"embeddable":true,"href":"https:\/\/redsemlac.com\/semmexico\/wp-json\/wp\/v2\/comments?post=14234"}],"version-history":[{"count":0,"href":"https:\/\/redsemlac.com\/semmexico\/wp-json\/wp\/v2\/posts\/14234\/revisions"}],"wp:featuredmedia":[{"embeddable":true,"href":"https:\/\/redsemlac.com\/semmexico\/wp-json\/wp\/v2\/media\/14236"}],"wp:attachment":[{"href":"https:\/\/redsemlac.com\/semmexico\/wp-json\/wp\/v2\/media?parent=14234"}],"wp:term":[{"taxonomy":"category","embeddable":true,"href":"https:\/\/redsemlac.com\/semmexico\/wp-json\/wp\/v2\/categories?post=14234"},{"taxonomy":"post_tag","embeddable":true,"href":"https:\/\/redsemlac.com\/semmexico\/wp-json\/wp\/v2\/tags?post=14234"}],"curies":[{"name":"wp","href":"https:\/\/api.w.org\/{rel}","templated":true}]}}