{"id":14230,"date":"2019-11-23T18:11:51","date_gmt":"2019-11-23T18:11:51","guid":{"rendered":"https:\/\/redsemlac.com\/semmexico\/?p=14230"},"modified":"2023-07-21T15:15:07","modified_gmt":"2023-07-21T20:15:07","slug":"continua-violencia-de-genero-en-notimex-despiden-a-otra-trabajadora-una-mas-en-el-hospital","status":"publish","type":"post","link":"https:\/\/redsemlac.com\/semmexico\/continua-violencia-de-genero-en-notimex-despiden-a-otra-trabajadora-una-mas-en-el-hospital\/","title":{"rendered":"Contin\u00faa violencia de g\u00e9nero en Notimex: despiden a otra trabajadora; una m\u00e1s en el hospital"},"content":{"rendered":"\n<ul class=\"wp-block-list\"><li><strong>Mitin en conferencia diaria del presidente de la rep\u00fablica, entre las acciones de protesta&nbsp;<\/strong><\/li><li><strong>Un d\u00eda despu\u00e9s, allanan local sindical&nbsp;<\/strong><\/li><\/ul>\n\n\n\n<p class=\"wp-block-paragraph\">Redacci\u00f3n<\/p>\n\n\n\n<p class=\"wp-block-paragraph\">SemM\u00e9xico, Ciudad de M\u00e9xico, 23 de noviembre de 2019.- El presidente Andr\u00e9s Manuel L\u00f3pez Obrador acaba de decirnos que los derechos de las mujeres son importantes. Por eso, le pedimos \u201ca gritos\u201d que nos voltee a ver y que intervenga de manera directa para frenar la situaci\u00f3n que viven las y los trabajadores en la Agencia de Noticias del Estado Mexicano, Notimex, exclam\u00f3 Mar\u00eda del Refugio Guti\u00e9rrez Villavicencio, de 57 a\u00f1os y con dos de antig\u00fcedad, quien fue despedida ayer por la tarde.<\/p>\n\n\n\n<p class=\"wp-block-paragraph\">La redactora del \u00e1rea de Negocios ten\u00eda un horario laboral de 8 a 15 horas, con descansos de s\u00e1bados y domingos, pero el 7 de noviembre pasado \u2014sin previo aviso\u2014 la cambiaron al turno de 15 a 22 horas, con descansos de mi\u00e9rcoles y jueves. Lo anterior, asegura, fue una represalia de la administraci\u00f3n por haber mostrado su apoyo a Diana P\u00e9rez Caballero, otra trabajadora a quien tambi\u00e9n le modificaron las condiciones laborales, aunque despu\u00e9s lleg\u00f3 a un arreglo parcial con la empresa de Estado.<\/p>\n\n\n\n<p class=\"wp-block-paragraph\">Este viernes, cuando Mar\u00eda del Refugio se present\u00f3 en su horario laboral, Pedro Mart\u00ednez, quien se dijo ser encargado de Administraci\u00f3n \u2014aunque no se hab\u00eda visto por la empresa estatal\u2014 la detuvo a la entrada del edificio de Baja California, n\u00famero 200, en la colonia Roma Sur; le indic\u00f3 que no pod\u00eda entrar por haber faltado durante un mes y que estaba despedida.&nbsp;<\/p>\n\n\n\n<p class=\"wp-block-paragraph\">A Guti\u00e9rrez Villavicencio le pareci\u00f3 absurdo el argumento, pues cuenta con toda la documentaci\u00f3n para comprobar que ella cumpli\u00f3 con su jornada laboral; incluso, los recibos de pago. Tambi\u00e9n, los documentos que avalan una incapacidad de 48 d\u00edas, durante los meses de septiembre y octubre, por fractura de un dedo.&nbsp;<\/p>\n\n\n\n<p class=\"wp-block-paragraph\">Lo que indigna es que se burlen, que nos falten al respeto y atropellen nuestros derechos. Creemos, adem\u00e1s, que al mandatario mexicano no le est\u00e1 llegando la informaci\u00f3n real de lo que pasa en la agencia, desde la llegada a su direcci\u00f3n de la periodista Sanjuana Mart\u00ednez, expres\u00f3 a SemM\u00e9xico la trabajadora, quien aparece en un video transmitido en la cuenta del twitter del Sindicato \u00danico de Trabajadores de Notimex.&nbsp;&nbsp;&nbsp;<\/p>\n\n\n\n<p class=\"wp-block-paragraph\">En un bolet\u00edn del mismo viernes, el gremio report\u00f3 el ingreso hospitalario de la trabajadora Cristina Margarita Rubio Morales, al sufrir un ataque asm\u00e1tico, luego Alejandro Salas Gonz\u00e1lez, subdirector de Informaci\u00f3n Legislativa, la oblig\u00f3 a realizar actividades que no le correspond\u00edan. Hace unas semanas, a la editora de noticias nacionales la hab\u00edan cambiado de \u00e1rea de adscripci\u00f3n y de d\u00edas de descanso.&nbsp;<\/p>\n\n\n\n<p class=\"wp-block-paragraph\">El 19 de noviembre pasado, trabajadoras\/es despedidos de Notimex, entre estos la dirigente sindical Adriana Urrea, se hab\u00edan manifestado nuevamente en la conferencia de prensa que diariamente ofrece el presidente L\u00f3pez Obrador, para exponer los despidos injustificados y la situaci\u00f3n laboral que priva en la agencia de noticias.<\/p>\n\n\n\n<p class=\"wp-block-paragraph\">El sindicato emiti\u00f3 un bolet\u00edn ese mismo d\u00eda en el que da a conocer que el vocero de la Presidencia de la Rep\u00fablica, Jes\u00fas Ram\u00edrez, quien se comprometi\u00f3 a tener reuniones de seguimiento para encontrar una soluci\u00f3n a las demandas planteadas, sin que hasta el momento haya una respuesta positiva.&nbsp;<\/p>\n\n\n\n<p class=\"wp-block-paragraph\">El 20 de noviembre, el Sutnotimex report\u00f3 el allanamiento de su local sindical, por parte de Jes\u00fas Rodr\u00edguez, secretario general del Sindicato Independiente de Notimex, y de Luis Monroy, jefe del departamento de Gesti\u00f3n, donde se resguardan los expedientes de la base trabajadora.&nbsp;<\/p>\n\n\n\n<p class=\"wp-block-paragraph\">SEM\/glg<\/p>\n","protected":false},"excerpt":{"rendered":"<p>Mitin en conferencia diaria del presidente de la rep\u00fablica, entre las acciones de protesta&nbsp; Un d\u00eda despu\u00e9s, allanan local sindical&nbsp; Redacci\u00f3n SemM\u00e9xico, Ciudad de M\u00e9xico, 23 de noviembre de 2019.- El presidente Andr\u00e9s Manuel L\u00f3pez Obrador acaba de decirnos que los derechos de las mujeres son importantes. Por eso, le pedimos \u201ca gritos\u201d que nos [&hellip;]<\/p>\n","protected":false},"author":3,"featured_media":14232,"comment_status":"open","ping_status":"open","sticky":false,"template":"","format":"standard","meta":{"_monsterinsights_skip_tracking":false,"footnotes":""},"categories":[690,51,1],"tags":[],"class_list":["post-14230","post","type-post","status-publish","format-standard","has-post-thumbnail","category-690","category-ejecutivo","category-uncategorized"],"_links":{"self":[{"href":"https:\/\/redsemlac.com\/semmexico\/wp-json\/wp\/v2\/posts\/14230","targetHints":{"allow":["GET"]}}],"collection":[{"href":"https:\/\/redsemlac.com\/semmexico\/wp-json\/wp\/v2\/posts"}],"about":[{"href":"https:\/\/redsemlac.com\/semmexico\/wp-json\/wp\/v2\/types\/post"}],"author":[{"embeddable":true,"href":"https:\/\/redsemlac.com\/semmexico\/wp-json\/wp\/v2\/users\/3"}],"replies":[{"embeddable":true,"href":"https:\/\/redsemlac.com\/semmexico\/wp-json\/wp\/v2\/comments?post=14230"}],"version-history":[{"count":0,"href":"https:\/\/redsemlac.com\/semmexico\/wp-json\/wp\/v2\/posts\/14230\/revisions"}],"wp:featuredmedia":[{"embeddable":true,"href":"https:\/\/redsemlac.com\/semmexico\/wp-json\/wp\/v2\/media\/14232"}],"wp:attachment":[{"href":"https:\/\/redsemlac.com\/semmexico\/wp-json\/wp\/v2\/media?parent=14230"}],"wp:term":[{"taxonomy":"category","embeddable":true,"href":"https:\/\/redsemlac.com\/semmexico\/wp-json\/wp\/v2\/categories?post=14230"},{"taxonomy":"post_tag","embeddable":true,"href":"https:\/\/redsemlac.com\/semmexico\/wp-json\/wp\/v2\/tags?post=14230"}],"curies":[{"name":"wp","href":"https:\/\/api.w.org\/{rel}","templated":true}]}}