{"id":14226,"date":"2019-11-23T18:10:28","date_gmt":"2019-11-23T18:10:28","guid":{"rendered":"https:\/\/redsemlac.com\/semmexico\/?p=14226"},"modified":"2023-07-21T15:15:07","modified_gmt":"2023-07-21T20:15:07","slug":"dia-internacional-de-la-eliminacion-de-la-violencia-contra-la-mujer","status":"publish","type":"post","link":"https:\/\/redsemlac.com\/semmexico\/dia-internacional-de-la-eliminacion-de-la-violencia-contra-la-mujer\/","title":{"rendered":"D\u00eda Internacional de la Eliminaci\u00f3n de la Violencia contra la Mujer"},"content":{"rendered":"\n<p class=\"wp-block-paragraph\">Luis Serieys Z\u00e1rate<\/p>\n\n\n\n<p class=\"wp-block-paragraph\">SemM\u00e9xico\/CCO Noticias. 23 de noviembre de 2019.- Los trabajadores del ISSSTE apoyamos los programas del Presidente de la Rep\u00fablica, licenciado Andr\u00e9s Manuel L\u00f3pez Obrador, y por supuesto, le reconocemos y lo felicitamos por firmar hoy el Acuerdo Nacional por la Igualdad entre Mujeres y Hombres, en Palacio Nacional.<\/p>\n\n\n\n<p class=\"wp-block-paragraph\">La maestra Vanessa Prieto Barrientos, Subdirectora de Atenci\u00f3n al Derechohabiente, en representaci\u00f3n del maestro Luis Antonio Ram\u00edrez Pineda, Director General del ISSSTE, en el marco de la conmemoraci\u00f3n del D\u00eda Internacional de la Eliminaci\u00f3n de la Violencia contra la Mujer, que realiz\u00f3 la Organizaci\u00f3n sindical en el Teatro Ciudadela, el 21 de noviembre del presente a\u00f1o, manifest\u00f3 que necesitamos trabajar de forma m\u00e1s coordinada y consciente como representantes del Estado.\u00a0<\/p>\n\n\n\n<p class=\"wp-block-paragraph\">Invit\u00f3 a todos a preguntarse, a trav\u00e9s de un acto reflexivo, desde el cargo o funci\u00f3n que ocupan o desempe\u00f1an como representantes del Instituto \u00bfc\u00f3mo puedo comenzar a erradicar la violencia en el trato que ofrezco a m\u00ed y a las dem\u00e1s personas? \u201cSi lo crees, lo creas, creamos entonces que es posible, con el compromiso de cada uno de nosotros consolidar un ISSSTE m\u00e1s justo y equitativo, donde la igualdad sea una realidad y la violencia de g\u00e9nero algo que no debemos permitir\u201d, a\u00f1adi\u00f3.<\/p>\n\n\n\n<p class=\"wp-block-paragraph\">El licenciado Luis Miguel Victoria Ranfla, Presidente del CEN del SNTISSSTE, asegur\u00f3  que el Sindicato del ISSSTE \u00a0con su pol\u00edtica de suma de voluntades para transformar apoya la convocatoria de la Organizaci\u00f3n de las Naciones Unidas a esta conmemoraci\u00f3n, porque este d\u00eda es muy importante para hacer conciencia, dado que la violencia contra las mujeres y las ni\u00f1as es la m\u00e1s extendida en todo el mundo; es una violaci\u00f3n de los derechos humanos, a la justicia social y un problema de salud p\u00fablica que afecta a todos los niveles de la sociedad.<\/p>\n\n\n\n<p class=\"wp-block-paragraph\">Abund\u00f3 que las cifras en M\u00e9xico son lamentables en una gran parte de las entidades del pa\u00eds y refiri\u00f3 que seg\u00fan la encuesta nacional sobre violencia contra las mujeres del INEGI en 2017, de los 46.5 millones de mujeres mayores de 15 a\u00f1os el 66.1 por ciento hab\u00eda sufrido violencia emocional, el 49.09 por ciento de violencia f\u00edsica y sexual y el 41.3 de violencia econ\u00f3mica o discriminaci\u00f3n laboral, al menos una vez en su vida.<\/p>\n\n\n\n<p class=\"wp-block-paragraph\">Manifest\u00f3 que las mujeres en todas partes del mundo pueden sufrir violencia de g\u00e9nero, \u201cpor ello nos sumamos a mujeres empresarias, emprendedoras, funcionarias p\u00fablicas, con las que se ha tenido oportunidad de trabajar en cursos de empoderamiento, liderazgo y desarrollo, que coinciden en que estamos en momentos cr\u00edticos que deben llevarnos a reflexionar sobre la urgente necesidad de trabajar para acabar con la indiferencia y la impunidad; nosotros siendo parte de esta sociedad debemos actuar con sentido cr\u00edtico, pero tambi\u00e9n activo y propositivo\u201d.<\/p>\n\n\n\n<p class=\"wp-block-paragraph\">Consider\u00f3 que todos los asistentes y los compa\u00f1eros de los 25 estados que siguieron el evento a distancia por el canal de YouTube del SNTISSSTE, deben sumar debilidades para construir fortalezas, que permitan otorgar especial atenci\u00f3n a la educaci\u00f3n de conductas, encaminadas a la concientizaci\u00f3n de la sociedad hacia pr\u00e1cticas de convivencia arm\u00f3nica, de buen trato y combate a la impunidad para la eliminaci\u00f3n de la violencia contra la mujer.<\/p>\n\n\n\n<p class=\"wp-block-paragraph\">El trabajo en equipo, la suma de voluntades, entre la Administraci\u00f3n del Instituto y la Organizaci\u00f3n sindical debe aplicarse para llevar a cabo acciones que lleven a la concientizaci\u00f3n y a mejores resultados, ya que a quien m\u00e1s le interesa que el ISSSTE est\u00e9 bien es a sus propios trabajadores, pues es nuestro patrimonio de seguridad social y nuestra fuente de empleo, asegur\u00f3.&nbsp;<\/p>\n\n\n\n<p class=\"wp-block-paragraph\">Estim\u00f3 que no hay un instituto en el mundo que brinde 21 seguros, servicios y prestaciones y que atienda a sus derechohabientes desde antes de nacer y hasta despu\u00e9s de la muerte, porque tenemos el pago de m\u00e1s de 1 mill\u00f3n 200 mil pensiones.<\/p>\n\n\n\n<p class=\"wp-block-paragraph\">Indic\u00f3 que la mayor\u00eda de los trabajadores del ISSSTE son del sexo femenino, por lo que hizo un exhorto a seguir trabajando en pol\u00edticas de igualdad y respeto acordes a los programas del gobierno federal.<\/p>\n\n\n\n<p class=\"wp-block-paragraph\">La enfermera Mar\u00eda de Lourdes Leyva G\u00f3mez, Secretaria de Acci\u00f3n Femenil del SNTISSSTE, afirm\u00f3 que se atiende la convocatoria que la Organizaci\u00f3n de las Naciones Unidas hizo en 1960, cuando un caso de feminicidio alarm\u00f3 a Rep\u00fablica Dominicana, a la comunidad Latinoamericana y a medios internacionales cuando tres hermanas fueron asesinadas un 25 de noviembre por el dictador Rafael Le\u00f3nidas Trujillo.<\/p>\n\n\n\n<p class=\"wp-block-paragraph\">Esta Jornada fue organizada por el SNTISSSTE, sumando voluntades con el ISSSTE, la Secretar\u00eda de las Mujeres y la Unidad Departamental de Atenci\u00f3n y Prevenci\u00f3n de la Alcald\u00eda de Tlalpan, lo que favorece la concientizaci\u00f3n de la eliminaci\u00f3n de la violencia contra la mujer, finaliz\u00f3.<\/p>\n\n\n\n<p class=\"wp-block-paragraph\">El programa estuvo conformado por las conferencias: \u201cLunas de las SEMUJERES: Espacios para la Prevenci\u00f3n y Atenci\u00f3n de la Violencia de G\u00e9nero\u201d; \u201cPautas para la Prevenci\u00f3n de la Violencia\u201d; y para cerrar, se present\u00f3 la obra teatral \u201cRosa de Dos Aromas\u201d por la compa\u00f1\u00eda de Teatro M\u00e9xico \u201cCotemex\u201d.<\/p>\n\n\n\n<p class=\"wp-block-paragraph\">Estuvieron presentes la licenciada Norma Moreno R\u00edos, Jefa de la Unidad Departamental de Atenci\u00f3n y Prevenci\u00f3n en la Alcald\u00eda Tlalpan; la licenciada Durely Nuem\u00ed Carbajal Cruz, Jefa del Departamento de Programas de Equidad del ISSSTE, integrantes del Comit\u00e9 Ejecutivo Nacional y Secretarios Generales del SNTISSSTE con sus respectivos Comit\u00e9s Seccionales, entre otras personalidades.<\/p>\n\n\n\n<p class=\"wp-block-paragraph\"><\/p>\n","protected":false},"excerpt":{"rendered":"<p>Luis Serieys Z\u00e1rate SemM\u00e9xico\/CCO Noticias. 23 de noviembre de 2019.- Los trabajadores del ISSSTE apoyamos los programas del Presidente de la Rep\u00fablica, licenciado Andr\u00e9s Manuel L\u00f3pez Obrador, y por supuesto, le reconocemos y lo felicitamos por firmar hoy el Acuerdo Nacional por la Igualdad entre Mujeres y Hombres, en Palacio Nacional. La maestra Vanessa Prieto [&hellip;]<\/p>\n","protected":false},"author":3,"featured_media":14228,"comment_status":"open","ping_status":"open","sticky":false,"template":"","format":"standard","meta":{"_monsterinsights_skip_tracking":false,"footnotes":""},"categories":[690,51,1],"tags":[],"class_list":["post-14226","post","type-post","status-publish","format-standard","has-post-thumbnail","category-690","category-ejecutivo","category-uncategorized"],"_links":{"self":[{"href":"https:\/\/redsemlac.com\/semmexico\/wp-json\/wp\/v2\/posts\/14226","targetHints":{"allow":["GET"]}}],"collection":[{"href":"https:\/\/redsemlac.com\/semmexico\/wp-json\/wp\/v2\/posts"}],"about":[{"href":"https:\/\/redsemlac.com\/semmexico\/wp-json\/wp\/v2\/types\/post"}],"author":[{"embeddable":true,"href":"https:\/\/redsemlac.com\/semmexico\/wp-json\/wp\/v2\/users\/3"}],"replies":[{"embeddable":true,"href":"https:\/\/redsemlac.com\/semmexico\/wp-json\/wp\/v2\/comments?post=14226"}],"version-history":[{"count":0,"href":"https:\/\/redsemlac.com\/semmexico\/wp-json\/wp\/v2\/posts\/14226\/revisions"}],"wp:featuredmedia":[{"embeddable":true,"href":"https:\/\/redsemlac.com\/semmexico\/wp-json\/wp\/v2\/media\/14228"}],"wp:attachment":[{"href":"https:\/\/redsemlac.com\/semmexico\/wp-json\/wp\/v2\/media?parent=14226"}],"wp:term":[{"taxonomy":"category","embeddable":true,"href":"https:\/\/redsemlac.com\/semmexico\/wp-json\/wp\/v2\/categories?post=14226"},{"taxonomy":"post_tag","embeddable":true,"href":"https:\/\/redsemlac.com\/semmexico\/wp-json\/wp\/v2\/tags?post=14226"}],"curies":[{"name":"wp","href":"https:\/\/api.w.org\/{rel}","templated":true}]}}