{"id":14222,"date":"2019-11-23T18:06:06","date_gmt":"2019-11-23T18:06:06","guid":{"rendered":"https:\/\/redsemlac.com\/semmexico\/?p=14222"},"modified":"2023-07-21T15:15:07","modified_gmt":"2023-07-21T20:15:07","slug":"confia-monreal-en-proceso-meditado-para-elegir-ministra-de-la-corte","status":"publish","type":"post","link":"https:\/\/redsemlac.com\/semmexico\/confia-monreal-en-proceso-meditado-para-elegir-ministra-de-la-corte\/","title":{"rendered":"Conf\u00eda Monreal en proceso meditado para elegir ministra de la Corte"},"content":{"rendered":"\n<p class=\"wp-block-paragraph\">Redacci\u00f3n <\/p>\n\n\n\n<p class=\"wp-block-paragraph\">SemM\u00e9xico\/CCO Noticias. 23 de noviembre de 2019.- El presidente de la Junta de Coordinaci\u00f3n Pol\u00edtica del Senado de la Rep\u00fablica, Ricardo Monreal, confi\u00f3 en que el proceso para elegir a la nueva ministra de la Corte se lleve en calma, a diferencia de la elecci\u00f3n para renovar la titularidad de la Comisi\u00f3n Nacional de Derechos Humanos (CNDH).<\/p>\n\n\n\n<p class=\"wp-block-paragraph\">Esta ma\u00f1ana, el presidente Andr\u00e9s Manuel L\u00f3pez Obrador inform\u00f3 que la subsecretaria de Gobernaci\u00f3n, Diana \u00c1lvarez Maury; la acad\u00e9mica Ana Laura Magaloni Kerpel, y la directora del Servicio de Administraci\u00f3n Tributaria (SAT), Margarita R\u00edos-Farjat, integran la terna que enviar\u00e1 al Senado para ocupar la vacante de ministro en la Suprema Corte de Justicia de la Naci\u00f3n.<\/p>\n\n\n\n<p class=\"wp-block-paragraph\">De cara al inicio de dicho proceso legislativo de elecci\u00f3n, el morenista dijo que debido a la dificultad de construir mayor\u00edas calificadas, se tendr\u00e1 que revisar cuidadosamente el perfil de las candidatas.<\/p>\n\n\n\n<p class=\"wp-block-paragraph\">Aunque confi\u00f3 en que este proceso sea m\u00e1s meditado y se maneje con tranquilidad, asegur\u00f3 que los nombres&nbsp;anunciados por el Ejecutivo federal re\u00fanen las caracter\u00edsticas necesarias para ocupar el cargo.<\/p>\n\n\n\n<p class=\"wp-block-paragraph\">\u201cMe parecen bien, rinden los perfiles, re\u00fanen los perfiles que hab\u00edamos solicitado de independencia, profesionalismo, capacidad y ahora ser\u00e1 al interior que decidamos\u201d,&nbsp;subray\u00f3.<\/p>\n\n\n\n<p class=\"wp-block-paragraph\">Monreal \u00c1vila coment\u00f3 que la terna no ha sido enviada de manera oficial al Senado, pero adelant\u00f3 que de llegar este viernes, solicitar\u00e1 una reuni\u00f3n la semana pr\u00f3xima con los grupos parlamentarios para evaluar los perfiles de las aspirantes.<\/p>\n\n\n\n<p class=\"wp-block-paragraph\">Se\u00f1al\u00f3 que a partir de la primera semana de diciembre podr\u00edan comenzar las comparecencias y antes del 12 de diciembre, fecha en que concluye el periodo extraordinario de sesiones, llevar la terna a votaci\u00f3n.<\/p>\n\n\n\n<p class=\"wp-block-paragraph\">El legislador de Morena rechaz\u00f3 que&nbsp;Diana \u00c1lvarez y Margarita R\u00edos-Farjat est\u00e9n impedidas para participar en la elecci\u00f3n, \u201clas dos son funcionarias (\u2026) en este caso no hay impedimento alguno\u201d, acot\u00f3.<\/p>\n\n\n\n<p class=\"wp-block-paragraph\">Por su parte,&nbsp;el senador del PRD, Miguel \u00c1ngel Mancera, dijo que Morena, quien tiene la mayor\u00eda en la C\u00e1mara de Diputados, debe optar por el di\u00e1logo con los distintos institutos pol\u00edticos representados y construir una candidatura a la Suprema Corte de Justicia de la Naci\u00f3n (SCJN) con el mayor consenso posible.<\/p>\n\n\n\n<p class=\"wp-block-paragraph\">\u201cAqu\u00ed va a ser muy importante lo que platiquemos en el bloque de contenci\u00f3n. No creo que el grupo mayoritario se arriesgar\u00e1 a no construir una candidatura que alcance sin problema la mayor\u00eda calificada\u201d, expres\u00f3 el legislador del Partido de la Revoluci\u00f3n Democr\u00e1tica (PRD).<\/p>\n\n\n\n<p class=\"wp-block-paragraph\">Advirti\u00f3 que \u201csi volvemos a tener dudas, si volvemos a tener una votaci\u00f3n en donde apenas se alcancen los votos, ser\u00eda lamentable para la misma Suprema Corte. Me parece que hay que buscar, con la construcci\u00f3n de un acuerdo, una candidatura de amplio consenso\u201d.<\/p>\n\n\n\n<p class=\"wp-block-paragraph\">En entrevista, agreg\u00f3 que las propuestas que envi\u00f3 el Ejecutivo federal cumplen con algunos requisitos planteados para la vacante de ministro, pero que esperar\u00e1n a revisar los perfiles y escuchar sus planes de trabajo para as\u00ed poder elegir.<\/p>\n","protected":false},"excerpt":{"rendered":"<p>Redacci\u00f3n SemM\u00e9xico\/CCO Noticias. 23 de noviembre de 2019.- El presidente de la Junta de Coordinaci\u00f3n Pol\u00edtica del Senado de la Rep\u00fablica, Ricardo Monreal, confi\u00f3 en que el proceso para elegir a la nueva ministra de la Corte se lleve en calma, a diferencia de la elecci\u00f3n para renovar la titularidad de la Comisi\u00f3n Nacional de [&hellip;]<\/p>\n","protected":false},"author":3,"featured_media":14224,"comment_status":"open","ping_status":"open","sticky":false,"template":"","format":"standard","meta":{"_monsterinsights_skip_tracking":false,"footnotes":""},"categories":[690,50,1],"tags":[],"class_list":["post-14222","post","type-post","status-publish","format-standard","has-post-thumbnail","category-690","category-congreso","category-uncategorized"],"_links":{"self":[{"href":"https:\/\/redsemlac.com\/semmexico\/wp-json\/wp\/v2\/posts\/14222","targetHints":{"allow":["GET"]}}],"collection":[{"href":"https:\/\/redsemlac.com\/semmexico\/wp-json\/wp\/v2\/posts"}],"about":[{"href":"https:\/\/redsemlac.com\/semmexico\/wp-json\/wp\/v2\/types\/post"}],"author":[{"embeddable":true,"href":"https:\/\/redsemlac.com\/semmexico\/wp-json\/wp\/v2\/users\/3"}],"replies":[{"embeddable":true,"href":"https:\/\/redsemlac.com\/semmexico\/wp-json\/wp\/v2\/comments?post=14222"}],"version-history":[{"count":0,"href":"https:\/\/redsemlac.com\/semmexico\/wp-json\/wp\/v2\/posts\/14222\/revisions"}],"wp:featuredmedia":[{"embeddable":true,"href":"https:\/\/redsemlac.com\/semmexico\/wp-json\/wp\/v2\/media\/14224"}],"wp:attachment":[{"href":"https:\/\/redsemlac.com\/semmexico\/wp-json\/wp\/v2\/media?parent=14222"}],"wp:term":[{"taxonomy":"category","embeddable":true,"href":"https:\/\/redsemlac.com\/semmexico\/wp-json\/wp\/v2\/categories?post=14222"},{"taxonomy":"post_tag","embeddable":true,"href":"https:\/\/redsemlac.com\/semmexico\/wp-json\/wp\/v2\/tags?post=14222"}],"curies":[{"name":"wp","href":"https:\/\/api.w.org\/{rel}","templated":true}]}}