{"id":14218,"date":"2019-11-23T18:04:26","date_gmt":"2019-11-23T18:04:26","guid":{"rendered":"https:\/\/redsemlac.com\/semmexico\/?p=14218"},"modified":"2023-07-21T15:15:08","modified_gmt":"2023-07-21T20:15:08","slug":"urge-scjn-mejorar-atencion-de-reclusas","status":"publish","type":"post","link":"https:\/\/redsemlac.com\/semmexico\/urge-scjn-mejorar-atencion-de-reclusas\/","title":{"rendered":"Urge SCJN mejorar atenci\u00f3n de reclusas"},"content":{"rendered":"\n<p class=\"wp-block-paragraph\">Redacci\u00f3n <\/p>\n\n\n\n<p class=\"wp-block-paragraph\">SemM\u00e9xico\/CCO Noticias. 23 de noviembre de 2019.- La Ministra de la Suprema Corte de Justicia de la Naci\u00f3n (SCJN), Norma Luc\u00eda Pi\u00f1a Hern\u00e1ndez, se\u00f1al\u00f3 que la situaci\u00f3n de las mujeres en reclusi\u00f3n y su vida fuera y dentro de la c\u00e1rcel es alarmante.\u00a0<\/p>\n\n\n\n<p class=\"wp-block-paragraph\">\u201cSon v\u00edctimas de violencia d\u00eda con d\u00eda y enfrentan obst\u00e1culos inimaginables para poder ejercer sus derechos m\u00e1s b\u00e1sicos, estamos en deuda con ellas\u201d, expuso.&nbsp;<\/p>\n\n\n\n<p class=\"wp-block-paragraph\">En la presentaci\u00f3n del Informe \u201cMujeres privadas de libertad\u201d, elaborado por el Grupo de Trabajo sobre la Discriminaci\u00f3n Contra las Mujeres y Ni\u00f1as de la Organizaci\u00f3n de las Naciones Unidas (ONU), dijo que \u00e9ste es un avance fundamental para continuar con el combate a la violencia contra las mujeres en reclusi\u00f3n.&nbsp;<\/p>\n\n\n\n<p class=\"wp-block-paragraph\">La tambi\u00e9n presidenta del Comit\u00e9 Interinstitucional de Igualdad de G\u00e9nero del Poder Judicial de la Federaci\u00f3n (PJF) afirm\u00f3 que Alto Tribunal, a trav\u00e9s de la Unidad de G\u00e9nero, reiter\u00f3 su compromiso de no abandonar a las mujeres en reclusi\u00f3n y hacer que se respeten sus derechos en los t\u00e9rminos que mandata la Constituci\u00f3n.<\/p>\n\n\n\n<p class=\"wp-block-paragraph\">La ministra estuvo acompa\u00f1ada por Arturo B\u00e1rcena Zubieta, director general de Estudios, Promoci\u00f3n y Desarrollo de los Derechos Humanos de la SCJN; Alda Facio e Ivana Rada?i?, del Grupo de Trabajo sobre la Discriminaci\u00f3n Contra las Mujeres y Ni\u00f1as de la ONU.<\/p>\n\n\n\n<p class=\"wp-block-paragraph\">Fuente: NTX<\/p>\n","protected":false},"excerpt":{"rendered":"<p>Redacci\u00f3n SemM\u00e9xico\/CCO Noticias. 23 de noviembre de 2019.- La Ministra de la Suprema Corte de Justicia de la Naci\u00f3n (SCJN), Norma Luc\u00eda Pi\u00f1a Hern\u00e1ndez, se\u00f1al\u00f3 que la situaci\u00f3n de las mujeres en reclusi\u00f3n y su vida fuera y dentro de la c\u00e1rcel es alarmante.\u00a0 \u201cSon v\u00edctimas de violencia d\u00eda con d\u00eda y enfrentan obst\u00e1culos inimaginables [&hellip;]<\/p>\n","protected":false},"author":3,"featured_media":14220,"comment_status":"open","ping_status":"open","sticky":false,"template":"","format":"standard","meta":{"_monsterinsights_skip_tracking":false,"footnotes":""},"categories":[690,51,1],"tags":[],"class_list":["post-14218","post","type-post","status-publish","format-standard","has-post-thumbnail","category-690","category-ejecutivo","category-uncategorized"],"_links":{"self":[{"href":"https:\/\/redsemlac.com\/semmexico\/wp-json\/wp\/v2\/posts\/14218","targetHints":{"allow":["GET"]}}],"collection":[{"href":"https:\/\/redsemlac.com\/semmexico\/wp-json\/wp\/v2\/posts"}],"about":[{"href":"https:\/\/redsemlac.com\/semmexico\/wp-json\/wp\/v2\/types\/post"}],"author":[{"embeddable":true,"href":"https:\/\/redsemlac.com\/semmexico\/wp-json\/wp\/v2\/users\/3"}],"replies":[{"embeddable":true,"href":"https:\/\/redsemlac.com\/semmexico\/wp-json\/wp\/v2\/comments?post=14218"}],"version-history":[{"count":0,"href":"https:\/\/redsemlac.com\/semmexico\/wp-json\/wp\/v2\/posts\/14218\/revisions"}],"wp:featuredmedia":[{"embeddable":true,"href":"https:\/\/redsemlac.com\/semmexico\/wp-json\/wp\/v2\/media\/14220"}],"wp:attachment":[{"href":"https:\/\/redsemlac.com\/semmexico\/wp-json\/wp\/v2\/media?parent=14218"}],"wp:term":[{"taxonomy":"category","embeddable":true,"href":"https:\/\/redsemlac.com\/semmexico\/wp-json\/wp\/v2\/categories?post=14218"},{"taxonomy":"post_tag","embeddable":true,"href":"https:\/\/redsemlac.com\/semmexico\/wp-json\/wp\/v2\/tags?post=14218"}],"curies":[{"name":"wp","href":"https:\/\/api.w.org\/{rel}","templated":true}]}}