{"id":14214,"date":"2019-11-23T18:00:09","date_gmt":"2019-11-23T18:00:09","guid":{"rendered":"https:\/\/redsemlac.com\/semmexico\/?p=14214"},"modified":"2023-07-21T15:15:08","modified_gmt":"2023-07-21T20:15:08","slug":"confirman-que-habra-instancia-contra-el-acoso-sexual-en-poder-judicial","status":"publish","type":"post","link":"https:\/\/redsemlac.com\/semmexico\/confirman-que-habra-instancia-contra-el-acoso-sexual-en-poder-judicial\/","title":{"rendered":"Confirman que habr\u00e1 instancia contra el acoso sexual en Poder Judicial"},"content":{"rendered":"\n<p class=\"wp-block-paragraph\">Redacci\u00f3n <\/p>\n\n\n\n<p class=\"wp-block-paragraph\">SemM\u00e9xico\/CCO Noticias. 23 de noviembre de 2019.- El presidente de la Suprema Corte de Justicia de la Naci\u00f3n (SCJN), Arturo Zald\u00edvar Lelo de Larrea, advirti\u00f3 que habr\u00e1 cero tolerancia al acoso sexual y en el Poder Judicial Federal, a partir de 2020, se instalar\u00e1 una Unidad Especial en el Consejo de la Judicatura de apoyo a las mujeres en casos de acoso sexual.<\/p>\n\n\n\n<p class=\"wp-block-paragraph\">Al ofrecer una conferencia magistral en el marco de la clausura del V Congreso Internacional de Derecho Constitucional con el tema \u201cLa constitucionalizaci\u00f3n del derecho de la familia\u201d, tambi\u00e9n reiter\u00f3 su postura sobre la despenalizaci\u00f3n del aborto.<\/p>\n\n\n\n<p class=\"wp-block-paragraph\">En el acto, realizado en el Auditorio \u201cMinistro Jos\u00e9 Vicente Aguinaco Alem\u00e1n\u201d, en una de las sedes del Consejo de la Judicatura Federal, agreg\u00f3 que existen mujeres ind\u00edgenas y pobres que por tener un aborto espont\u00e1neo cumplen una condena y, por la misma raz\u00f3n, las mujeres con recursos econ\u00f3micos \u201cse encuentran en casa\u201d.<\/p>\n\n\n\n<p class=\"wp-block-paragraph\">Respecto a los m\u00f3dulos de informaci\u00f3n el ministro Zald\u00edvar detall\u00f3 que buscan erradicar los casos de acoso sexual por parte de integrantes del Poder Judicial, por lo que en la Unidad que funcionar\u00e1 en el Consejo de la Judicatura se brindar\u00e1 apoyo psicol\u00f3gico, m\u00e9dico y jur\u00eddico a las mujeres.<\/p>\n\n\n\n<p class=\"wp-block-paragraph\">Por otra parte, abord\u00f3 el tema del derecho familiar sobre las custodias de los menores de edad en caso de separaci\u00f3n de los padres, y lament\u00f3 que los hijos sean \u201cbot\u00edn\u201d por parte de las mam\u00e1s y los pap\u00e1s y \u00e9stos lucren cuando se encuentran en un tr\u00e1mite de divorcio.<\/p>\n\n\n\n<p class=\"wp-block-paragraph\">\u201cLo que ocurre normalmente es que los padres, que todav\u00eda en una sociedad como la nuestra son los que tienen el poder econ\u00f3mico, tratan de no hacerse cargo de los ni\u00f1os\u201d, adem\u00e1s \u201cllegan a usar su poder econ\u00f3mico para presionar a las madres de los ni\u00f1os, a trav\u00e9s del apoyo de aparatos de procuraci\u00f3n de justicia, y de recurrir a abogados corruptos para fabricar delitos\u201d, anot\u00f3.<\/p>\n\n\n\n<p class=\"wp-block-paragraph\">Tambi\u00e9n como parte el derecho familiar, Zald\u00edvar se refiri\u00f3 a las madres en reclusi\u00f3n y pidi\u00f3 reconocer que&nbsp;\u201cen M\u00e9xico, a pesar de los criterios que tiene la (Suprema) Corte, todav\u00eda no logra ser comprendido por todas las instancias\u201d.<\/p>\n\n\n\n<p class=\"wp-block-paragraph\">Abund\u00f3 que \u201clamentablemente no son pocos los casos en los que los juzgadores buscan c\u00f3mo darle la vuelta a la resoluci\u00f3n de la Corte para no cumplir con su obligaci\u00f3n de cumplir con la Constituci\u00f3n y los derechos humanos\u201d.<\/p>\n\n\n\n<p class=\"wp-block-paragraph\">El ministro adem\u00e1s destac\u00f3 el trabajo de la SCJN sobre la defensa del derecho de las mujeres a decidir sobre su la maternidad, \u201caunque en esto no hemos logrado todav\u00eda los criterios mayoritarios\u2026 seguiremos impulsando y ojal\u00e1 alg\u00fan d\u00eda el aborto seguro sea una realidad en M\u00e9xico\u201d.<\/p>\n\n\n\n<p class=\"wp-block-paragraph\">Aclar\u00f3 que nadie est\u00e1 a favor del aborto: \u201clo que estamos a favor es de su despenalizaci\u00f3n, nadie est\u00e1 en contra de la vida, estamos en contra de que se criminalice a la mujer por tener un aborto.<\/p>\n\n\n\n<p class=\"wp-block-paragraph\">\u201cPorque en prisi\u00f3n est\u00e1n s\u00f3lo las mujeres pobres e ind\u00edgenas, y aunque les duela que diga las ni\u00f1as ricas siempre han abortado y lo seguir\u00e1n haciendo y no hay una sola ni\u00f1a rica en prisi\u00f3n. Esto es una injusticia social\u201d, a\u00f1adi\u00f3.<\/p>\n\n\n\n<p class=\"wp-block-paragraph\">Fuente: NTX<\/p>\n","protected":false},"excerpt":{"rendered":"<p>Redacci\u00f3n SemM\u00e9xico\/CCO Noticias. 23 de noviembre de 2019.- El presidente de la Suprema Corte de Justicia de la Naci\u00f3n (SCJN), Arturo Zald\u00edvar Lelo de Larrea, advirti\u00f3 que habr\u00e1 cero tolerancia al acoso sexual y en el Poder Judicial Federal, a partir de 2020, se instalar\u00e1 una Unidad Especial en el Consejo de la Judicatura de [&hellip;]<\/p>\n","protected":false},"author":3,"featured_media":14215,"comment_status":"open","ping_status":"open","sticky":false,"template":"","format":"standard","meta":{"_monsterinsights_skip_tracking":false,"footnotes":""},"categories":[690,51,1],"tags":[],"class_list":["post-14214","post","type-post","status-publish","format-standard","has-post-thumbnail","category-690","category-ejecutivo","category-uncategorized"],"_links":{"self":[{"href":"https:\/\/redsemlac.com\/semmexico\/wp-json\/wp\/v2\/posts\/14214","targetHints":{"allow":["GET"]}}],"collection":[{"href":"https:\/\/redsemlac.com\/semmexico\/wp-json\/wp\/v2\/posts"}],"about":[{"href":"https:\/\/redsemlac.com\/semmexico\/wp-json\/wp\/v2\/types\/post"}],"author":[{"embeddable":true,"href":"https:\/\/redsemlac.com\/semmexico\/wp-json\/wp\/v2\/users\/3"}],"replies":[{"embeddable":true,"href":"https:\/\/redsemlac.com\/semmexico\/wp-json\/wp\/v2\/comments?post=14214"}],"version-history":[{"count":0,"href":"https:\/\/redsemlac.com\/semmexico\/wp-json\/wp\/v2\/posts\/14214\/revisions"}],"wp:featuredmedia":[{"embeddable":true,"href":"https:\/\/redsemlac.com\/semmexico\/wp-json\/wp\/v2\/media\/14215"}],"wp:attachment":[{"href":"https:\/\/redsemlac.com\/semmexico\/wp-json\/wp\/v2\/media?parent=14214"}],"wp:term":[{"taxonomy":"category","embeddable":true,"href":"https:\/\/redsemlac.com\/semmexico\/wp-json\/wp\/v2\/categories?post=14214"},{"taxonomy":"post_tag","embeddable":true,"href":"https:\/\/redsemlac.com\/semmexico\/wp-json\/wp\/v2\/tags?post=14214"}],"curies":[{"name":"wp","href":"https:\/\/api.w.org\/{rel}","templated":true}]}}