{"id":14210,"date":"2019-11-23T01:34:43","date_gmt":"2019-11-23T01:34:43","guid":{"rendered":"https:\/\/redsemlac.com\/semmexico\/?p=14210"},"modified":"2023-07-21T15:15:08","modified_gmt":"2023-07-21T20:15:08","slug":"saludan-senadores-de-morena-alerta-de-genero-en-la-cdmx","status":"publish","type":"post","link":"https:\/\/redsemlac.com\/semmexico\/saludan-senadores-de-morena-alerta-de-genero-en-la-cdmx\/","title":{"rendered":"Saludan senadores de Morena alerta de g\u00e9nero en la CDMX"},"content":{"rendered":"\n<p class=\"wp-block-paragraph\"> <strong>Redacci\u00f3n\u00a0<\/strong><br>SemM\u00e9xico. Cd. de M\u00e9xico. 22 de noviembre de 2019.- Los senadores y senadoras del Grupo Parlamentario de Morena, Citlalli Hern\u00e1ndez \u00a0Mora, Martha Guerrero, Jesusa Rodr\u00edguez y Mart\u00ed Batres Guadarrama, manifestaron su benepl\u00e1cito y agradecimiento a la jefa de gobierno de la Ciudad de M\u00e9xico, Claudia Sheinbaum, por emitir la alerta de g\u00e9nero en materia de violencia contra las mujeres.\u200b<\/p>\n\n\n\n<p class=\"wp-block-paragraph\">Hicieron un llamado al resto de las entidades de la Rep\u00fablica Mexicana a sumarse en estas acciones para proteger la integridad de la mujer, al promover protocolos en favor de ellas. \u200b<\/p>\n\n\n\n<p class=\"wp-block-paragraph\">En conferencia de prensa el senador Mart\u00ed Batres se\u00f1al\u00f3 que a finales de la administraci\u00f3n que encabez\u00f3 Miguel \u00c1ngel Mancera, cuando el n\u00famero de feminicidios en la Ciudad de M\u00e9xico fue similar al del Estado de M\u00e9xico, Morena realiz\u00f3 diversos movimientos sociales para demandar a las autoridades que emitieran esta disposici\u00f3n. Sin embargo, dijo, no sucedi\u00f3. \u200b<\/p>\n\n\n\n<p class=\"wp-block-paragraph\">En su opini\u00f3n, los gobiernos estatales se resisten a generar dicha alerta, pues piensan que es una manera de reconocer que est\u00e1 ocurriendo algo grave en sus entidades.\u200bRecord\u00f3 que el gobierno encabezado por Andr\u00e9s Manuel L\u00f3pez Obrador ha dejado en claro su esp\u00edritu feminista.<\/p>\n\n\n\n<p class=\"wp-block-paragraph\"> Dijo que a la brevedad el mandatario enviar\u00e1 al Senado de la Rep\u00fablica una terna de candidatas mujeres, de entre las cuales ser\u00e1 electa la que ocupar\u00e1 el espacio que dej\u00f3 Eduardo Medina Mora en la Suprema Corte de Justicia de la Naci\u00f3n. \u00a0 \u00a0 \u200b<\/p>\n\n\n\n<p class=\"wp-block-paragraph\">Citlalli Hern\u00e1ndez Mora anunci\u00f3 que\u00a0el lunes 25 de noviembre, con motivo del D\u00eda Mundial contra la Violencia hacia la Mujer, se realizar\u00e1 una manifestaci\u00f3n en calles de la Ciudad de M\u00e9xico. \u200bLlam\u00f3 a las mujeres, a manifestarse de manera pac\u00edfica y no caer en la trampa de la violencia. Acus\u00f3 que hay grupos ajenos que usan la violencia para desorientar y deslegitimar los movimientos feministas. \u00a0 <\/p>\n\n\n\n<p class=\"wp-block-paragraph\">\u200bMartha Guerrero, exhort\u00f3 al gobernador del Estado de M\u00e9xico, Alfredo del Mazo Maza, para que en reciprocidad a la alerta citadina, tambi\u00e9n emita el mismo protocolo dentro de su territorio, toda vez que es una de las entidades con mayor violencia contra las mujeres.\u200b <\/p>\n","protected":false},"excerpt":{"rendered":"<p>Hicieron un llamado al resto de las entidades de la Rep\u00fablica Mexicana a sumarse en estas acciones para proteger la integridad de la mujer, al promover protocolos en favor de ellas. \u200b<\/p>\n","protected":false},"author":3,"featured_media":14211,"comment_status":"open","ping_status":"open","sticky":false,"template":"","format":"standard","meta":{"_monsterinsights_skip_tracking":false,"footnotes":""},"categories":[690,50],"tags":[],"class_list":["post-14210","post","type-post","status-publish","format-standard","has-post-thumbnail","category-690","category-congreso"],"_links":{"self":[{"href":"https:\/\/redsemlac.com\/semmexico\/wp-json\/wp\/v2\/posts\/14210","targetHints":{"allow":["GET"]}}],"collection":[{"href":"https:\/\/redsemlac.com\/semmexico\/wp-json\/wp\/v2\/posts"}],"about":[{"href":"https:\/\/redsemlac.com\/semmexico\/wp-json\/wp\/v2\/types\/post"}],"author":[{"embeddable":true,"href":"https:\/\/redsemlac.com\/semmexico\/wp-json\/wp\/v2\/users\/3"}],"replies":[{"embeddable":true,"href":"https:\/\/redsemlac.com\/semmexico\/wp-json\/wp\/v2\/comments?post=14210"}],"version-history":[{"count":0,"href":"https:\/\/redsemlac.com\/semmexico\/wp-json\/wp\/v2\/posts\/14210\/revisions"}],"wp:featuredmedia":[{"embeddable":true,"href":"https:\/\/redsemlac.com\/semmexico\/wp-json\/wp\/v2\/media\/14211"}],"wp:attachment":[{"href":"https:\/\/redsemlac.com\/semmexico\/wp-json\/wp\/v2\/media?parent=14210"}],"wp:term":[{"taxonomy":"category","embeddable":true,"href":"https:\/\/redsemlac.com\/semmexico\/wp-json\/wp\/v2\/categories?post=14210"},{"taxonomy":"post_tag","embeddable":true,"href":"https:\/\/redsemlac.com\/semmexico\/wp-json\/wp\/v2\/tags?post=14210"}],"curies":[{"name":"wp","href":"https:\/\/api.w.org\/{rel}","templated":true}]}}