{"id":14205,"date":"2019-11-23T01:22:31","date_gmt":"2019-11-23T01:22:31","guid":{"rendered":"https:\/\/redsemlac.com\/semmexico\/?p=14205"},"modified":"2023-07-21T15:15:08","modified_gmt":"2023-07-21T20:15:08","slug":"propuesta-para-que-clinicas-y-hospitales-denuncien-los-casos-de-violencia-sexual-y-maltrato-infantil-vazquez-mota","status":"publish","type":"post","link":"https:\/\/redsemlac.com\/semmexico\/propuesta-para-que-clinicas-y-hospitales-denuncien-los-casos-de-violencia-sexual-y-maltrato-infantil-vazquez-mota\/","title":{"rendered":"Propuesta para que cl\u00ednicas y hospitales denuncien los casos de violencia sexual y maltrato infantil: V\u00e1zquez Mota"},"content":{"rendered":"\n<ul class=\"wp-block-list\"><li><strong>Exhorto para hacer efectiva la prohibici\u00f3n del matrimonio infantil\u00a0<\/strong><\/li><\/ul>\n\n\n\n<p class=\"wp-block-paragraph\"><strong>Elda Montiel\u00a0<\/strong><\/p>\n\n\n\n<p class=\"wp-block-paragraph\">SemM\u00e9xico. Cd. de M\u00e9xico. 22 de noviembre de 2019.- En el pa\u00eds existen 39.2 millones de ni\u00f1as o ni\u00f1os que est\u00e1n expuestos a la violencia y al maltrato tanto en la escuela como en la v\u00eda p\u00fablica, \u00e1mbitos donde se ha&nbsp;identificado&nbsp;que&nbsp;suceden 8 de cada 10 agresiones.<\/p>\n\n\n\n<p class=\"wp-block-paragraph\">La senadora Josefina V\u00e1zquez Mota, present\u00f3&nbsp;un dictamen de la Comisi\u00f3n de Derechos de la Ni\u00f1ez y de la Adolescencia&nbsp;para adicionar el art\u00edculo 31 Bis a la Ley General de Salud; y reformar el art\u00edculo 73 p\u00e1rrafo tercero de la Ley General de Educaci\u00f3n para que&nbsp;cl\u00ednicas y hospitales&nbsp;notifiquen al Ministerio P\u00fablico los casos que&nbsp;presenten lesiones, signos de maltrato, violencia f\u00edsica o sexual que presumiblemente se encuentren vinculadas a la violencia familiar, sexual u otro hecho il\u00edcito.<\/p>\n\n\n\n<p class=\"wp-block-paragraph\">En dicho dictamen tambi\u00e9n se exhorta&nbsp;al Sistema para el Desarrollo Integral de la Familia a que, en coordinaci\u00f3n con el Instituto Nacional de los Pueblos Ind\u00edgenas, las entidades federativas y los municipios, realice acciones que permitan el cumplimiento de las recientes reformas a la ley que dieron paso a la prohibici\u00f3n del matrimonio infantil.<\/p>\n\n\n\n<p class=\"wp-block-paragraph\">En su intervenci\u00f3n en el pleno, V\u00e1zquez Mota precis\u00f3 &nbsp;que si no somos capaces de proteger a las ni\u00f1as, ni\u00f1os y adolescentes, no podremos responder con grandeza a nuestro pa\u00eds, \u201cles pido su apoyo para enriquecer la Ley General de Salud, la Ley General de Educaci\u00f3n y darles a escuelas y hospitales las herramientas y los protocolos necesarios para que puedan denunciar, porque es tiempo de romper el silencio, porque es tiempo de acabar con la secrec\u00eda, porque es tiempo de estar del lado de las ni\u00f1as, de los ni\u00f1os y de los adolescentes\u201c.<\/p>\n\n\n\n<p class=\"wp-block-paragraph\"><strong>Cumplir con las reformas a la prohibici\u00f3n de matrimonio infantil<\/strong><\/p>\n\n\n\n<p class=\"wp-block-paragraph\">De acuerdo con las estad\u00edsticas&nbsp;en el mundo 15 millones de ni\u00f1as son casadas cada a\u00f1o, esto significa una ni\u00f1a cada dos segundos, y M\u00e9xico est\u00e1 entre los diez primeros pa\u00edses del mundo con matrimonio infantil, apenas estamos por debajo de la India, de Bangladesh, de Nigerias, de Etiop\u00eda y Pakist\u00e1n o de Indonesia.<\/p>\n\n\n\n<p class=\"wp-block-paragraph\">Al respecto se\u00f1al\u00f3&nbsp;es suficiente cambiar la ley, sabemos que hay comunidades de usos y costumbres, sabemos que hay municipios, que hay localidades donde no obstante la aprobaci\u00f3n de esta ley que, finalmente, proh\u00edbe el matrimonio infantil, una batalla de much\u00edsimos a\u00f1os, este matrimonio infantil se sigue llevando a cabo o se sigue encubriendo, violando la ley.<\/p>\n\n\n\n<p class=\"wp-block-paragraph\">La presidenta&nbsp;de la Comisi\u00f3n de Derechos de la Ni\u00f1ez y de la Adolescencia, destaca en su propuesta que se busca garantizar&nbsp;el inter\u00e9s superior de la ni\u00f1ez y dar cabal cumplimiento a los instrumentos internacionales firmados y ratificados por M\u00e9xico en la materia.&nbsp;<\/p>\n\n\n\n<p class=\"wp-block-paragraph\">La propuesta fue turnada para estudio de&nbsp;las comisiones unidas de Salud y de Estudios Legislativos.<\/p>\n\n\n\n<p class=\"wp-block-paragraph\">V\u00e1zquez Mota precis\u00f3 que el prop\u00f3sito de la iniciativa&nbsp;fue dotar&nbsp;de herramientas, dotar de protocolos mucho m\u00e1s fuertes y mucho m\u00e1s s\u00f3lidos y robustos a los doctores, a las doctoras, al personal del sistema de salud y al personal del sistema educativo, para que, al detectar un caso de violencia contra ni\u00f1as, ni\u00f1os y adolescentes, puedan denunciarlo frente al Ministerio P\u00fablico o la autoridad competente<\/p>\n\n\n\n<p class=\"wp-block-paragraph\">En M\u00e9xico, dijo, el Sistema de Protecci\u00f3n y Desarrollo Integral de la Familia (DIF) lo conceptualiza&nbsp;el maltrato infantil&nbsp;como \u00abun maltrato en el sentido amplio de la palabra donde se involucra no s\u00f3lo la agresi\u00f3n f\u00edsica, sexual o psicol\u00f3gica, sino tambi\u00e9n la falta de atenci\u00f3n a sus necesidades vitales como son la alimentaci\u00f3n, respuesta a sus dolores cuando enferman o al cuidado de su aseo y otras m\u00e1s\u00bb.<\/p>\n\n\n\n<p class=\"wp-block-paragraph\">Respecto a la violencia que sufren las ni\u00f1as, ni\u00f1os y adolescentes, indic\u00f3 que todos&nbsp;est\u00e1n en peligro de sufrir violencia sexual a cualquier edad,&nbsp;aunque&nbsp;las adolescentes se vuelven particularmente vulnerables.&nbsp;<\/p>\n\n\n\n<p class=\"wp-block-paragraph\">La legisladora precis\u00f3 que la violencia en la edad escolar (de los 6 a los 11 a\u00f1os),&nbsp;suele manifestarse dentro de la escuela por parte de maestros, en forma de castigo corporal o humillaciones y entre compa\u00f1eros, en forma de acoso o&nbsp;bullying.<\/p>\n\n\n\n<p class=\"wp-block-paragraph\">La violencia en la adolescencia (de los 12 a los 17 a\u00f1os), se manifiesta en diversos entornos sociales, como la escuela y la v\u00eda p\u00fablica, los cuales se han identificado como los \u00e1mbitos donde suceden 8 de cada 10 agresiones contra ni\u00f1as, ni\u00f1os y adolescentes.<\/p>\n\n\n\n<p class=\"wp-block-paragraph\">La UNICEF, por ejemplo, establece que la violencia en la primera infancia hasta los cinco a\u00f1os suele ser principalmente por los padres, las madres y los cuidadores, y lo hacen como un m\u00e9todo de disciplina, s\u00ed, equivocada, pero esto sigue siendo una realidad.<\/p>\n\n\n\n<p class=\"wp-block-paragraph\">En el caso de los adolescentes de 12 a 17 a\u00f1os se manifiesta en diferentes entornos, incluyendo por supuesto en todo esto el riesgo de sufrir violencia sexual.&nbsp;<\/p>\n\n\n\n<p class=\"wp-block-paragraph\">Mencion\u00f3 que de acuerdo a datos que recientemente publica el Consejo de la Ciudad de M\u00e9xico. Los principales agresores sexuales de los ni\u00f1os son familiares; luego, maestros; 30 % abuelos o padrastros, 13 % t\u00edos, 11 % padres, 10% primos, 7 % maestros y 3 % hermanos.<\/p>\n","protected":false},"excerpt":{"rendered":"<p>Exhorto para hacer efectiva la prohibici\u00f3n del matrimonio infantil <\/p>\n","protected":false},"author":3,"featured_media":14206,"comment_status":"open","ping_status":"open","sticky":false,"template":"","format":"standard","meta":{"_monsterinsights_skip_tracking":false,"footnotes":""},"categories":[690,50],"tags":[],"class_list":["post-14205","post","type-post","status-publish","format-standard","has-post-thumbnail","category-690","category-congreso"],"_links":{"self":[{"href":"https:\/\/redsemlac.com\/semmexico\/wp-json\/wp\/v2\/posts\/14205","targetHints":{"allow":["GET"]}}],"collection":[{"href":"https:\/\/redsemlac.com\/semmexico\/wp-json\/wp\/v2\/posts"}],"about":[{"href":"https:\/\/redsemlac.com\/semmexico\/wp-json\/wp\/v2\/types\/post"}],"author":[{"embeddable":true,"href":"https:\/\/redsemlac.com\/semmexico\/wp-json\/wp\/v2\/users\/3"}],"replies":[{"embeddable":true,"href":"https:\/\/redsemlac.com\/semmexico\/wp-json\/wp\/v2\/comments?post=14205"}],"version-history":[{"count":0,"href":"https:\/\/redsemlac.com\/semmexico\/wp-json\/wp\/v2\/posts\/14205\/revisions"}],"wp:featuredmedia":[{"embeddable":true,"href":"https:\/\/redsemlac.com\/semmexico\/wp-json\/wp\/v2\/media\/14206"}],"wp:attachment":[{"href":"https:\/\/redsemlac.com\/semmexico\/wp-json\/wp\/v2\/media?parent=14205"}],"wp:term":[{"taxonomy":"category","embeddable":true,"href":"https:\/\/redsemlac.com\/semmexico\/wp-json\/wp\/v2\/categories?post=14205"},{"taxonomy":"post_tag","embeddable":true,"href":"https:\/\/redsemlac.com\/semmexico\/wp-json\/wp\/v2\/tags?post=14205"}],"curies":[{"name":"wp","href":"https:\/\/api.w.org\/{rel}","templated":true}]}}