{"id":14202,"date":"2019-11-23T01:20:03","date_gmt":"2019-11-23T01:20:03","guid":{"rendered":"https:\/\/redsemlac.com\/semmexico\/?p=14202"},"modified":"2023-07-21T15:15:08","modified_gmt":"2023-07-21T20:15:08","slug":"por-el-bajo-salario-las-trabajadoras-del-hogar-no-se-han-registrado-en-el-imss","status":"publish","type":"post","link":"https:\/\/redsemlac.com\/semmexico\/por-el-bajo-salario-las-trabajadoras-del-hogar-no-se-han-registrado-en-el-imss\/","title":{"rendered":"Por el bajo salario, las trabajadoras del hogar no se han registrado en el IMSS"},"content":{"rendered":"\n<p class=\"wp-block-paragraph\"><strong>Elda Montiel\u00a0<\/strong><\/p>\n\n\n\n<p class=\"wp-block-paragraph\">SemM\u00e9xico. Cd. de M\u00e9xico. 22 de noviembre de 2019.- El programa&nbsp;piloto de afiliaci\u00f3n de las trabajadoras del hogar&nbsp;del IMSS,&nbsp;que entr\u00f3 en funcionamiento el pasado mes de abril, lleva 11,947 personas registradas de un universo de m\u00e1s de 2.4 millones de trabajadoras de este sector en todo el pa\u00eds, seg\u00fan estimaciones de&nbsp;INEGI.&nbsp;<\/p>\n\n\n\n<p class=\"wp-block-paragraph\">Una de las razones por las que el n\u00famero de afiliadas sea m\u00ednimo, es que solo&nbsp;alrededor&nbsp;del 50 por ciento de las empleadas dom\u00e9sticas&nbsp;alcanzan dicho ingreso, por lo que quedan&nbsp;sin la oportunidad de asegurarse, de acuerdo con la jefa del Gabinete Interamericano de Seguridad Social (GISS)&nbsp;Leyla&nbsp;Acedo&nbsp;Ung.<\/p>\n\n\n\n<p class=\"wp-block-paragraph\">Otra raz\u00f3n es que el&nbsp;esquema del IMSS para este prop\u00f3sito es que son las mismas trabajadoras las que deben inscribirse al programa una vez que convenzan a sus empleadores.<\/p>\n\n\n\n<p class=\"wp-block-paragraph\">Por su parte,&nbsp;Marcelina Bautista, secretaria colegiada del Sindicato Nacional de Trabajadores y Trabajadoras del Hogar&nbsp;considera que efectivamente el&nbsp;60% de quienes se dedican a ese sector percibe entre uno y dos salarios m\u00ednimos.&nbsp;<\/p>\n\n\n\n<p class=\"wp-block-paragraph\">Por lo que el bajo salario y la falta de seguridad social es el resultado de la desvalorizaci\u00f3n social de esa actividad econ\u00f3mica que ni siquiera es concebido como un trabajo.<\/p>\n\n\n\n<p class=\"wp-block-paragraph\">Lo anterior, se dijo durante la mesa Trabajo del Hogar y Cuidados dentro del simposio Retos y Perspectivas del Mundo Laboral. &nbsp;<\/p>\n","protected":false},"excerpt":{"rendered":"<p>Una de las razones por las que el n\u00famero de afiliadas sea m\u00ednimo, es que solo alrededor del 50 por ciento de las empleadas dom\u00e9sticas<\/p>\n","protected":false},"author":3,"featured_media":14203,"comment_status":"open","ping_status":"open","sticky":false,"template":"","format":"standard","meta":{"_monsterinsights_skip_tracking":false,"footnotes":""},"categories":[690,54],"tags":[],"class_list":["post-14202","post","type-post","status-publish","format-standard","has-post-thumbnail","category-690","category-mujeres"],"_links":{"self":[{"href":"https:\/\/redsemlac.com\/semmexico\/wp-json\/wp\/v2\/posts\/14202","targetHints":{"allow":["GET"]}}],"collection":[{"href":"https:\/\/redsemlac.com\/semmexico\/wp-json\/wp\/v2\/posts"}],"about":[{"href":"https:\/\/redsemlac.com\/semmexico\/wp-json\/wp\/v2\/types\/post"}],"author":[{"embeddable":true,"href":"https:\/\/redsemlac.com\/semmexico\/wp-json\/wp\/v2\/users\/3"}],"replies":[{"embeddable":true,"href":"https:\/\/redsemlac.com\/semmexico\/wp-json\/wp\/v2\/comments?post=14202"}],"version-history":[{"count":0,"href":"https:\/\/redsemlac.com\/semmexico\/wp-json\/wp\/v2\/posts\/14202\/revisions"}],"wp:featuredmedia":[{"embeddable":true,"href":"https:\/\/redsemlac.com\/semmexico\/wp-json\/wp\/v2\/media\/14203"}],"wp:attachment":[{"href":"https:\/\/redsemlac.com\/semmexico\/wp-json\/wp\/v2\/media?parent=14202"}],"wp:term":[{"taxonomy":"category","embeddable":true,"href":"https:\/\/redsemlac.com\/semmexico\/wp-json\/wp\/v2\/categories?post=14202"},{"taxonomy":"post_tag","embeddable":true,"href":"https:\/\/redsemlac.com\/semmexico\/wp-json\/wp\/v2\/tags?post=14202"}],"curies":[{"name":"wp","href":"https:\/\/api.w.org\/{rel}","templated":true}]}}