{"id":14192,"date":"2019-11-23T00:21:11","date_gmt":"2019-11-23T00:21:11","guid":{"rendered":"https:\/\/redsemlac.com\/semmexico\/?p=14192"},"modified":"2023-07-21T15:14:28","modified_gmt":"2023-07-21T20:14:28","slug":"opinion-230","status":"publish","type":"post","link":"https:\/\/redsemlac.com\/semmexico\/opinion-230\/","title":{"rendered":"R\u00e1faga"},"content":{"rendered":"\n<h2 class=\"wp-block-heading\"><strong>\u00a1Salvemos a Nuestra M\u00e1xima Casa de Estudios!<\/strong><\/h2>\n\n\n\n<ul class=\"wp-block-list\"><li> <strong>Gran reto para el Rector Graue Wiechers, su segundo mandato<\/strong>.<\/li><\/ul>\n\n\n\n<p class=\"wp-block-paragraph\"><strong>Jorge Herrera Valenzuela<\/strong><\/p>\n\n\n\n<p class=\"wp-block-paragraph\">SemM\u00e9xico. Cd. de M\u00e9xico. 22 de de 2019.-&nbsp;Es verdaderamente triste y lamentable que no haya una autoridad que ponga alto a los actos vand\u00e1licos que desde hace muchos&nbsp;a\u00f1ostienen como escenario las instalaciones de la Ciudad Universitaria, en la Ciudad de M\u00e9xico, principalmente en las instalaciones de la Rector\u00eda. Delincuentes, no estudiantes, est\u00e1n posesionados desde hace veinte a\u00f1os del Auditorio Justo Sierra, en la Facultad de Filosof\u00eda y Letras, imponi\u00e9ndole el nombre de&nbsp;Ernesto \u201cChe\u201d Guevara. Los narcomenudistas operan con libertad.<\/p>\n\n\n\n<p class=\"wp-block-paragraph\">Hace cuatro a\u00f1os, a los pocos d\u00edas de asumir la Rector\u00eda de la UNAM, el doctor Enrique Luis Graue Wiechers con mucha claridad expres\u00f3 que la autonom\u00eda universitaria de ninguna manera debe&nbsp;interpretarse como extraterritorialidad&nbsp;geogr\u00e1fica ni jur\u00eddica. Recuerdo que procedi\u00f3 a presentar una denuncia ante la entonces Procuradur\u00eda General de la Rep\u00fablica para que se procediera a desalojar al grupo de personas que desde 1999 est\u00e1 posesionado del auditorio m\u00e1s grande y representativo de los universitarios.&nbsp;Nunca hubo una respuesta, tampoco se actu\u00f3.<\/p>\n\n\n\n<p class=\"wp-block-paragraph\">Es oportuno comentar que en su momento los rectores&nbsp;Juan Ram\u00f3n de la Fuente Ram\u00edrez y Jos\u00e9 Ram\u00f3n Narro Robles, en sus ejercicios de noviembre de 1999 a noviembre de 2015, tambi\u00e9n demandaron la intervenci\u00f3n de las autoridades. Los gobiernos federal y de la Ciudad de M\u00e9xico argumentaron \u201cel respeto a la autonom\u00eda universitaria\u201d. La realidad es que no quisieron tener enfrentamientos con profesores y alumnos, pese a los da\u00f1os que se&nbsp;causan a los estudiantes, los destrozos materiales en las instalaciones, adem\u00e1s de manchar la imagen de la UNAM.<\/p>\n\n\n\n<p class=\"wp-block-paragraph\">Sumado a ese \u201cautogobierno y administraci\u00f3n aut\u00f3noma\u201d que implantaron los delincuentes, porque no son universitarios, los secuestradores del auditorio establecieron \u201cun comedor popular vegetariano\u201d e improvisaron un dormitorio conocido por ellos como \u201clas catacumbas\u201d. Reitero que la autoridad de la UNAM ha insistido en que sean&nbsp;las fuerzas polic\u00edacas las que act\u00faen, nada se ha hecho. El Consejo Universitario desde mayo de 2015&nbsp;solicit\u00f3 que se procediera a exigir la entrega del recinto.&nbsp;O\u00eddos sordos.&nbsp;<\/p>\n\n\n\n<p class=\"wp-block-paragraph\">De septiembre a noviembre de este 2019 en la Ciudad Universitaria se han registrado 8 actos vand\u00e1licos, en los que mujeres y hombres encapuchados y vestidos de negro, supongo que son j\u00f3venes, han atacado violentamente las instalaciones del edificio de la Rector\u00eda, la \u00faltima vez con el pretexto de estar inconformes con la reelecci\u00f3n del doctor Graue Wiechers; semanas antes para agredir a un grupo de estudiantes que recordaban un suceso ocurrido un a\u00f1o antes.<\/p>\n\n\n\n<p class=\"wp-block-paragraph\">Curiosa y coincidentemente esos v\u00e1ndalos son ubicados en el Auditorio Justo Sierra,&nbsp;y recientemente se dijo que fueron ellos los que cerraron&nbsp;el tr\u00e1nsito de veh\u00edculos en la Avenida Insurgentes Sur, frente a la Rector\u00edae hicieron desmanes de todo tipo. En esa ocasi\u00f3n, como en las anteriores a los miembros de ese grupo se&nbsp;les&nbsp;identifica como \u201canarquista\u201d, siendo en realidad&nbsp;delincuentes. La polic\u00eda los tiene identificados, pero nada se hace para ponerlos&nbsp;a disposici\u00f3n de las autoridades polic\u00edacas o judiciales, seg\u00fan corresponda.<\/p>\n\n\n\n<p class=\"wp-block-paragraph\">Hay una relaci\u00f3n de fechas, de datos precisos, de nombres de los sujetos que delinquen y que no pertenecen a ninguna actividad universitaria, inclusive hay narcomenudistas.&nbsp;El actual secretario&nbsp;general de la UNAM,&nbsp;Leonardo Lomel\u00ed, ha declarado que \u201ces evidente&nbsp;que (los v\u00e1ndalos) cuentan con&nbsp;un entrenamiento, saben que herramientas usar, hay l\u00edderes y personas que intercambian se\u00f1ales con bocinas y silbatos\u201d. Un investigador universitario dijo que \u201cson grupos de choque que obedecen a cuestiones pol\u00edticas. Son personas con entrenamiento militar\u201d. Ser\u00e1 el sereno, como dicen en mi pueblo, pero la verdad es que ya urge se ponga fin a esta ola de acontecimientos.<\/p>\n\n\n\n<p class=\"wp-block-paragraph\">El Auditorio Justo Sierra&nbsp;fue inaugurado en 1954, en el inicio de las actividades acad\u00e9micas, culturales y deportivas de la Ciudad Universitaria. Ese recinto fue escenario de conciertos con la participaci\u00f3n de los m\u00e1s destacados m\u00fasicos, int\u00e9rpretes y orquestas ejecutantes de m\u00fasica cl\u00e1sica.&nbsp;Hoy no tiene butacas, desaparecieron las alfombras, las paredes cubiertas de maderaest\u00e1n destrozadas. \u00bfQui\u00e9n pagar\u00e1 la millonaria restauraci\u00f3n?<\/p>\n\n\n\n<p class=\"wp-block-paragraph\">Nuestra Universidad Nacional Aut\u00f3noma de M\u00e9xico est\u00e1 clasificada entre las mejores 200 del&nbsp;mundo. Tenemos el orgullo de que nuestra M\u00e1xima Casa de Estudios&nbsp;seasemillero de investigadores, de cient\u00edficos, de deportistas, de Premios Nobel y donde profesionalmente se formaron cinco Presidentes de M\u00e9xico, en el siglo pasado; tambi\u00e9n el actual es egresado de esas aulas universitarias.<\/p>\n\n\n\n<p class=\"wp-block-paragraph\"><strong>PREGUNTA PARA MEDITAR:<\/strong><\/p>\n\n\n\n<p class=\"wp-block-paragraph\">\u00bfAlguna de 1014 denuncias que dicen se han presentado, desde hace veinte a\u00f1os, tendr\u00e1 elementos jur\u00eddicos para que act\u00faen la Fiscal\u00eda General de la Rep\u00fablica y la Procuradur\u00eda General de Justicia de la Ciudad de M\u00e9xico?&nbsp;<\/p>\n\n\n\n<p class=\"wp-block-paragraph\"><strong><a href=\"mailto:jherrerav@live.com.mx\" target=\"_blank\" rel=\"noreferrer noopener\">jherrerav@live.com.mx<\/a><\/strong><\/p>\n","protected":false},"excerpt":{"rendered":"<p>\u00a1Salvemos a Nuestra M\u00e1xima Casa de Estudios!<\/p>\n","protected":false},"author":3,"featured_media":14193,"comment_status":"open","ping_status":"open","sticky":false,"template":"","format":"standard","meta":{"_monsterinsights_skip_tracking":false,"footnotes":""},"categories":[690,94,107],"tags":[],"class_list":["post-14192","post","type-post","status-publish","format-standard","has-post-thumbnail","category-690","category-jorge-herrera-valenzuela","category-rafaga"],"_links":{"self":[{"href":"https:\/\/redsemlac.com\/semmexico\/wp-json\/wp\/v2\/posts\/14192","targetHints":{"allow":["GET"]}}],"collection":[{"href":"https:\/\/redsemlac.com\/semmexico\/wp-json\/wp\/v2\/posts"}],"about":[{"href":"https:\/\/redsemlac.com\/semmexico\/wp-json\/wp\/v2\/types\/post"}],"author":[{"embeddable":true,"href":"https:\/\/redsemlac.com\/semmexico\/wp-json\/wp\/v2\/users\/3"}],"replies":[{"embeddable":true,"href":"https:\/\/redsemlac.com\/semmexico\/wp-json\/wp\/v2\/comments?post=14192"}],"version-history":[{"count":0,"href":"https:\/\/redsemlac.com\/semmexico\/wp-json\/wp\/v2\/posts\/14192\/revisions"}],"wp:featuredmedia":[{"embeddable":true,"href":"https:\/\/redsemlac.com\/semmexico\/wp-json\/wp\/v2\/media\/14193"}],"wp:attachment":[{"href":"https:\/\/redsemlac.com\/semmexico\/wp-json\/wp\/v2\/media?parent=14192"}],"wp:term":[{"taxonomy":"category","embeddable":true,"href":"https:\/\/redsemlac.com\/semmexico\/wp-json\/wp\/v2\/categories?post=14192"},{"taxonomy":"post_tag","embeddable":true,"href":"https:\/\/redsemlac.com\/semmexico\/wp-json\/wp\/v2\/tags?post=14192"}],"curies":[{"name":"wp","href":"https:\/\/api.w.org\/{rel}","templated":true}]}}