{"id":14187,"date":"2019-11-23T00:02:54","date_gmt":"2019-11-23T00:02:54","guid":{"rendered":"https:\/\/redsemlac.com\/semmexico\/?p=14187"},"modified":"2023-07-21T15:14:28","modified_gmt":"2023-07-21T20:14:28","slug":"iluminan-de-naranja-el-senado-por-el-dia-internacional-de-la-eliminacion-de-la-violencia-contra-las-mujeres","status":"publish","type":"post","link":"https:\/\/redsemlac.com\/semmexico\/iluminan-de-naranja-el-senado-por-el-dia-internacional-de-la-eliminacion-de-la-violencia-contra-las-mujeres\/","title":{"rendered":"Iluminan de naranja el Senado por el D\u00eda Internacional de la Eliminaci\u00f3n de la Violencia contra las Mujeres"},"content":{"rendered":"\n<ul class=\"wp-block-list\"><li><strong>Tambi\u00e9n iniciaron los 16 d\u00edas de activismo contra la violencia de g\u00e9nero.<\/strong><\/li><\/ul>\n\n\n\n<p class=\"wp-block-paragraph\"><strong>Redacci\u00f3n\u00a0<\/strong><\/p>\n\n\n\n<p class=\"wp-block-paragraph\">SemM\u00e9xico. Cd de M\u00e9xico 22 de noviembre de 2019,- La senadora Martha Luc\u00eda Micher Camarena, de Morena, encabez\u00f3 la iluminaci\u00f3n de color naranja el edificio del Senado de la Rep\u00fablica, en conmemoraci\u00f3n del D\u00eda Internacional de la Eliminaci\u00f3n de la Violencia contra las Mujeres e iniciaron los 16 d\u00edas de activismo contra la violencia de g\u00e9nero.<\/p>\n\n\n\n<p class=\"wp-block-paragraph\">La presidenta de la Comisi\u00f3n para la Igualdad de G\u00e9nero, Micher Camarena, &nbsp;afirm\u00f3 que las mujeres necesitan empoderamiento pol\u00edtico, econ\u00f3mico y f\u00edsico para hacer frente a todas las formas de violencia en su contra, \u201cporque ya estamos artas de poner la mano aqu\u00ed y no denunciar; adem\u00e1s, hace falta reeducar a los hombres y continuar modificando la legislaci\u00f3n en la materia\u201d, indic\u00f3.<\/p>\n\n\n\n<p class=\"wp-block-paragraph\">La senadora Kenia L\u00f3pez Rabad\u00e1n, del PAN y presidenta de la Comisi\u00f3n de Derechos Humanos, expres\u00f3 que es absolutamente indispensable que se visibilice este tema en este recinto parlamentario, con el fin de decirles a los hombres \u201cYa basta de violencia en contra de las mujeres\u201d.&nbsp;<\/p>\n\n\n\n<figure class=\"wp-block-image\"><img decoding=\"async\" src=\"https:\/\/redsemlac.com\/semmexico\/wp-content\/uploads\/2019\/11\/ILUMINACION-2-1024x683.jpg\" alt=\"\" class=\"wp-image-14188\"\/><\/figure>\n\n\n\n<p class=\"wp-block-paragraph\">El senador Mart\u00ed Batres Guadarrama se\u00f1al\u00f3 que no se podr\u00e1 &nbsp;erradicar la violencia contra las mujeres, si no participan los hombres en un proceso de reedecucaci\u00f3n social, cultural y comunitaria.<\/p>\n\n\n\n<p class=\"wp-block-paragraph\">Asistieron al evento Paula N\u00e1rvaez Ojeda, representante de ONU-Mujeres en M\u00e9xico; Nadine Gasman, directora del Instituto Nacional de las Mujeres (Inmujeres); as\u00ed como las y los senadores Guadalupe Covarrubias Cervantes, Blanca Pi\u00f1a Gudi\u00f1o, Citlalli Hern\u00e1ndez Mora, Jos\u00e9 Luis Pechs Varguez, todos de Morena, y Miguel \u00c1ngel Mancera Espinoza, del PRD.<\/p>\n\n\n","protected":false},"excerpt":{"rendered":"<p>Tambi\u00e9n iniciaron los 16 d\u00edas de activismo contra la violencia de g\u00e9nero.<\/p>\n","protected":false},"author":3,"featured_media":14189,"comment_status":"open","ping_status":"open","sticky":false,"template":"","format":"standard","meta":{"_monsterinsights_skip_tracking":false,"footnotes":""},"categories":[690,50],"tags":[],"class_list":["post-14187","post","type-post","status-publish","format-standard","has-post-thumbnail","category-690","category-congreso"],"_links":{"self":[{"href":"https:\/\/redsemlac.com\/semmexico\/wp-json\/wp\/v2\/posts\/14187","targetHints":{"allow":["GET"]}}],"collection":[{"href":"https:\/\/redsemlac.com\/semmexico\/wp-json\/wp\/v2\/posts"}],"about":[{"href":"https:\/\/redsemlac.com\/semmexico\/wp-json\/wp\/v2\/types\/post"}],"author":[{"embeddable":true,"href":"https:\/\/redsemlac.com\/semmexico\/wp-json\/wp\/v2\/users\/3"}],"replies":[{"embeddable":true,"href":"https:\/\/redsemlac.com\/semmexico\/wp-json\/wp\/v2\/comments?post=14187"}],"version-history":[{"count":0,"href":"https:\/\/redsemlac.com\/semmexico\/wp-json\/wp\/v2\/posts\/14187\/revisions"}],"wp:featuredmedia":[{"embeddable":true,"href":"https:\/\/redsemlac.com\/semmexico\/wp-json\/wp\/v2\/media\/14189"}],"wp:attachment":[{"href":"https:\/\/redsemlac.com\/semmexico\/wp-json\/wp\/v2\/media?parent=14187"}],"wp:term":[{"taxonomy":"category","embeddable":true,"href":"https:\/\/redsemlac.com\/semmexico\/wp-json\/wp\/v2\/categories?post=14187"},{"taxonomy":"post_tag","embeddable":true,"href":"https:\/\/redsemlac.com\/semmexico\/wp-json\/wp\/v2\/tags?post=14187"}],"curies":[{"name":"wp","href":"https:\/\/api.w.org\/{rel}","templated":true}]}}