{"id":14184,"date":"2019-11-22T19:20:44","date_gmt":"2019-11-22T19:20:44","guid":{"rendered":"https:\/\/redsemlac.com\/semmexico\/?p=14184"},"modified":"2023-07-21T15:14:28","modified_gmt":"2023-07-21T20:14:28","slug":"guerrero-82","status":"publish","type":"post","link":"https:\/\/redsemlac.com\/semmexico\/guerrero-82\/","title":{"rendered":"Acapulco se une a los 16 d\u00edas de activismo en contra de la violencia de g\u00e9nero"},"content":{"rendered":"\n<p class=\"wp-block-paragraph\"><strong>Josefina Aguilar Pastor<\/strong><\/p>\n\n\n\n<p class=\"wp-block-paragraph\">SemM\u00e9xico. Chilpancingo, Guerrero, 22 de noviembre de 2019.- Anuncia el ayuntamiento de Acapulco 16 d\u00edas de activismo en contra de la violencia de g\u00e9nero\u201d, del 26 de noviembre al 10 de diciembre, en el marco del&nbsp;D\u00eda Intencional de la Eliminaci\u00f3n de la Violencia hacia las Mujeres, advierte cero tolerancia a la violencia de g\u00e9nero.<\/p>\n\n\n\n<p class=\"wp-block-paragraph\">En conferencia de prensa ofrecida este jueves, en el palacio edilicio porte\u00f1o,\u00a0\u00a0Rafael Flores Jim\u00e9nez, director de salud municipal; Laura G\u00f3mez Flores directora del Instituto Municipal de la Mujer (Inmujer); Adriana Rom\u00e1n Ocampo presidenta del DIF municipal\u00a0\u00a0y Liliana Quijano Buitr\u00f3n presidenta\u00a0\u00a0de la comisi\u00f3n de equidad de g\u00e9nero del ayuntamiento municipal, ofrecieron una conferencia de prensa en la que dieron a conocer las actividades a realizar en esta jornada de 16 d\u00edas.<\/p>\n\n\n\n<p class=\"wp-block-paragraph\">Adriana Rom\u00e1n Ocampo presidenta del DIF municipal, dijo que hoy el gobierno que representa la presidenta municipal Adela Rom\u00e1n se suma a actividades por el respeto a los derechos humanos y a la vida de todas, del 25 de al 10 de diciembre en diferentes puntos de y todo el municipio para que sepa toda la gente que el gobierno municipal esta ocupado en erradicar a violencia de genero de ni\u00f1as y adolescentes y mujeres.<\/p>\n\n\n\n<p class=\"wp-block-paragraph\">Garantizar el derecho de las mujeres a una vida libre de violencia, incluye coordinar estrategias no solo a novel municipal, se\u00f1alo la funcionaria, tambi\u00e9n a nivel federal y estatal, los tres \u00f3rdenes de gobierno, que unidos podr\u00e1n tener mayor fuerza y enfocar actividades, acciones y pol\u00edticas p\u00fablicas para erradicar la violencia contra la mujeres. Trabajar en la prevenci\u00f3n de este g\u00e9nero es un asunto insisti\u00f3,&nbsp;&nbsp;prioritario para la alcaldesa, de ah\u00ed refiri\u00f3 la instalaci\u00f3n del Sistema Municipal para Prevenir, Atender, Sancionar y Erradicar violencia contra las mujeres en Acapulco a muy \u201cpoquitos\u201d d\u00edas de iniciado su gobierno.<\/p>\n\n\n\n<p class=\"wp-block-paragraph\">Mencion\u00f3 que los objetivos de estos 16 d\u00edas de activismo, son concientizar a la poblaci\u00f3n y combatir de manera conjunta la discriminaci\u00f3n con motivos de g\u00e9nero,&nbsp;&nbsp;con acciones para poner fin a la violencia contra las mujeres, ni\u00f1as y adolescentes no solo del municipio, sino de todo el mundo; as\u00ed como crear espacios de reflexi\u00f3n movilizando a la sociedad civil, escuelas universidades, gobierno, sector privado, asociaciones deportivas, con el compromiso de hacer&nbsp;&nbsp;valer los derechos humanos de las mujeres, adolescentes y ni\u00f1as, a trav\u00e9s de conferencias, talleres, muestras fotogr\u00e1ficas, obras teatrales, proyecci\u00f3n de pel\u00edculas, capacitaciones, feria de empleo sociodramas, monologas entre otras actividades m\u00e1s.<\/p>\n\n\n\n<p class=\"wp-block-paragraph\">Destac\u00f3 la importancia de que sociedad y gobierno caminen de la mano, al considerar que si la sociedad se une, sin lugar a dudas habr\u00e1 sociedades m\u00e1s sanas, pacificas, m\u00e1s exitosas\u00a0\u00a0\u201ctrabajar colectivamente es indispensable para tener sociedades cimentadas en la paz, cero tolerancia a la violencia de g\u00e9nero\u201d, subray\u00f3 la presidenta del DIF municipal.<\/p>\n\n\n\n<p class=\"wp-block-paragraph\">Liliana Quijano Buitr\u00f3n regidora presidenta de la comisi\u00f3n de equidad de g\u00e9nero del ayuntamiento municipal, coment\u00f3 que estos 16 d\u00edas es el resultado del trabajo en equipo las diferentes dependencias que tienen que ver con la atenci\u00f3n de la violencia de g\u00e9nero, entre ellas, el\u00a0\u00a0DIF municipal, la unidad de g\u00e9nero, seguridad publica, salud municipal, derechos humanos, entre otras, y asociaciones civiles.<\/p>\n\n\n\n<p class=\"wp-block-paragraph\">Laura G\u00f3mez Flores di del Instituto Municipal de la Mujer dio a conocer las actividades a realizar en estos 16 d\u00edas que iniciaran a las 8 ma\u00f1ana, del d\u00eda 25 de noviembre, con la&nbsp;&nbsp;ceremonia inauguraci\u00f3n en el punto conocido como \u201cAsta Bandera\u201d, frente a la playa Papagayo;&nbsp;&nbsp;m\u00e1s tarde la conferencia \u201cEl derecho humano&nbsp;&nbsp;a una vida libre de violencia\u201d en la universidad Loyola; el taller sobre violencia en el noviazgo en la escuela secundaria \u201cAmado Nervo\u201d n\u00famero 70; a las 12 del d\u00eda, repartici\u00f3n de tr\u00edpticos \u201cEl Derecho de las Mujeres a una vida Libre de Violencia\u201d en z\u00f3calo porte\u00f1o.<\/p>\n\n\n\n<p class=\"wp-block-paragraph\">La organizaci\u00f3n de Costa Chica,&nbsp;&nbsp;Kinal Antzetik dedicada contra la mortalidad materna violencia obst\u00e9trica, y a favor del parto tradicional, presentar\u00e1 la obra \u201cla violencia a trav\u00e9s del espejo\u201d, en el z\u00f3calo de Acapulco; a las 12 capacitaci\u00f3n sobre el protocolo de actuaci\u00f3n policial en materia de violencia de g\u00e9nero contra las mujeres en la secretar\u00eda de seguridad p\u00fablica; a la misma hora, la muestra de cine \u201cEn el tiempo de las Mariposas\u201d, en el auditorio Ignacio Manuel Altamirano del&nbsp;&nbsp;IEPAS de la UAGro, a las 6.30 encendido de naranja.<\/p>\n\n\n\n<p class=\"wp-block-paragraph\">El 26 noviembre, se impartir\u00e1 el Taller de violencia en el noviazgo en la escuela secundaria \u201cAmado Nervo\u201d n\u00famero 70;&nbsp;&nbsp;a las 12:00 horas, la impartici\u00f3n de la capacitaci\u00f3n sobre el protocolo de actuaci\u00f3n policial en materia de violencia de g\u00e9nero contra las mujeres en la secretar\u00eda de seguridad p\u00fablica. Por la tarde, la conferencia \u201cMarco Internacional de la Prevenci\u00f3n, Combate y Erradicaci\u00f3n de la Violencia contra la Mujer\u201d,&nbsp;&nbsp;en la universidad Loyola.<\/p>\n\n\n\n<p class=\"wp-block-paragraph\">El 27 noviembre, el Taller de violencia en el noviazgo en la escuela secundaria \u201cAmado Nervo\u201d n\u00famero 70; a las 10 de la ma\u00f1ana&nbsp;&nbsp;la conferencia \u201cDerecho Humano de las mujeres a una Vida libre de Violencia\u201d, en la universidad Loyola; a las 11:00 la conferencia \u201cViolencia Digital\u201d en la sala de cabildo. El d\u00eda 28 de noviembre, de nueva cuenta el&nbsp;&nbsp;Taller de violencia en el noviazgo en la escuela secundaria \u201cAmado Nervo\u201d n\u00famero 70; segunda feria del empleo para mujeres a las 10 dela ma\u00f1ana en el z\u00f3calo.<\/p>\n\n\n\n<p class=\"wp-block-paragraph\">A las 11:00 horas, la conferencia \u201cDerechos Humanos y las formas de violencia contra las Mujeres, Adolescentes y Ni\u00f1as\u201d, en la Loyola;&nbsp;&nbsp;a las 12 capacitaci\u00f3n protocolo de actuaci\u00f3n policial en materia de violencia de g\u00e9nero contra las mujeres en la secretar\u00eda de seguridad p\u00fablica; a las 5 tarde, tercera sesi\u00f3n extraordinaria del sistema municipal para Prevenir, Atender, Sancionar y Erradicar la violencia contra las mujeres en la sala de cabildos.&nbsp;&nbsp;El 29 de noviembre, exposici\u00f3n de mujeres productoras y emprendedoras a las 10 de la ma\u00f1ana en el z\u00f3calo.<\/p>\n\n\n\n<p class=\"wp-block-paragraph\">El 30 de noviembre, a las 10 la conferencia \u201cConstrucci\u00f3n de Paz, practicas restaurativas para la Transformaci\u00f3n constructiva&nbsp;&nbsp;de los conflictos\u201d; el 1 de diciembre la conferencia \u201cMujer y VIH Sida\u201d, y m\u00edtines rel\u00e1mpago por una vida libre de violencia en colonias de la periferia, como Zapata, Progreso, Renacimiento, entre otras, donde distribuir\u00e1n tr\u00edpticos con temas como que es la violencia de g\u00e9nero, tambi\u00e9n lo har\u00e1n en hospitales y mercados. Entre otras actividades que concluir\u00e1n el 10 de diciembre pr\u00f3ximo.<\/p>\n","protected":false},"excerpt":{"rendered":"<p>Anuncia el ayuntamiento de Acapulco 16 d\u00edas de activismo en contra de la violencia de g\u00e9nero.<\/p>\n","protected":false},"author":3,"featured_media":14185,"comment_status":"open","ping_status":"open","sticky":false,"template":"","format":"standard","meta":{"_monsterinsights_skip_tracking":false,"footnotes":""},"categories":[690,51],"tags":[],"class_list":["post-14184","post","type-post","status-publish","format-standard","has-post-thumbnail","category-690","category-ejecutivo"],"_links":{"self":[{"href":"https:\/\/redsemlac.com\/semmexico\/wp-json\/wp\/v2\/posts\/14184","targetHints":{"allow":["GET"]}}],"collection":[{"href":"https:\/\/redsemlac.com\/semmexico\/wp-json\/wp\/v2\/posts"}],"about":[{"href":"https:\/\/redsemlac.com\/semmexico\/wp-json\/wp\/v2\/types\/post"}],"author":[{"embeddable":true,"href":"https:\/\/redsemlac.com\/semmexico\/wp-json\/wp\/v2\/users\/3"}],"replies":[{"embeddable":true,"href":"https:\/\/redsemlac.com\/semmexico\/wp-json\/wp\/v2\/comments?post=14184"}],"version-history":[{"count":0,"href":"https:\/\/redsemlac.com\/semmexico\/wp-json\/wp\/v2\/posts\/14184\/revisions"}],"wp:featuredmedia":[{"embeddable":true,"href":"https:\/\/redsemlac.com\/semmexico\/wp-json\/wp\/v2\/media\/14185"}],"wp:attachment":[{"href":"https:\/\/redsemlac.com\/semmexico\/wp-json\/wp\/v2\/media?parent=14184"}],"wp:term":[{"taxonomy":"category","embeddable":true,"href":"https:\/\/redsemlac.com\/semmexico\/wp-json\/wp\/v2\/categories?post=14184"},{"taxonomy":"post_tag","embeddable":true,"href":"https:\/\/redsemlac.com\/semmexico\/wp-json\/wp\/v2\/tags?post=14184"}],"curies":[{"name":"wp","href":"https:\/\/api.w.org\/{rel}","templated":true}]}}