{"id":14181,"date":"2019-11-22T19:11:22","date_gmt":"2019-11-22T19:11:22","guid":{"rendered":"https:\/\/redsemlac.com\/semmexico\/?p=14181"},"modified":"2023-07-21T15:14:29","modified_gmt":"2023-07-21T20:14:29","slug":"la-caravana-de-madres-centroamericanas-de-migrantes-desparecidos-recorre-los-estados-surenos-de-chiapas-y-veracruz","status":"publish","type":"post","link":"https:\/\/redsemlac.com\/semmexico\/la-caravana-de-madres-centroamericanas-de-migrantes-desparecidos-recorre-los-estados-surenos-de-chiapas-y-veracruz\/","title":{"rendered":"La Caravana de Madres Centroamericanas de Migrantes Desparecidos recorre los estados sure\u00f1os de Chiapas y Veracruz"},"content":{"rendered":"\n<p class=\"wp-block-paragraph\"><strong>Redacci\u00f3n<\/strong><\/p>\n\n\n\n<p class=\"wp-block-paragraph\">SemM\u00e9xico. Cd. de M\u00e9xico. 22 de noviembre de 2019.- La Caravana de Madres Centroamericanas de Migrantes Desaparecidos 2019, inici\u00f3 su d\u00e9cimoquinto a\u00f1o de b\u00fasqueda por sus hijos e hijas desparecidos en la ruta migratoria en el estado de Chiapas el 15 de noviembre. La Caravana sali\u00f3 de la frontera M\u00e9xico-Guatemala donde se agruparon los 38 familiares de Honduras, El Salvador, Guatemala y Nicaragua, y entraron a M\u00e9xico para iniciar un recorrido de casi 5,000 kil\u00f3metros.<\/p>\n\n\n\n<p class=\"wp-block-paragraph\">Acompa\u00f1an en la ruta este a\u00f1o seis activistas de la organizaci\u00f3n Carovane Migranti, de Turin, Italia y Ongi Etorri Errefuxiatuak de derechos de migrantes y refugiados del Pa\u00eds Vasco, como parte del compromiso de la caravana de hacer global las b\u00fasquedas, la defensa de los derechos y la resistencia a las pol\u00edticas que obligan a sus seres queridos a salir de sus hogares y que son la causa principal de la desaparici\u00f3n forzada en el camino.<\/p>\n\n\n\n<p class=\"wp-block-paragraph\">Despu\u00e9s de cruzar por Talism\u00e1n, la Caravana lleg\u00f3 a Tapachula donde realizamos las actividades que son la forma de trabajo de nuestro movimiento. La llegada se anuncia con la caminata por las calles, coreando consignas: \u00bfQui\u00e9nes somos? \u00a1Las madres centroamericanas!, \u00bfQu\u00e9 queremos? \u00a1Justicia!; \u00a1Vivos se vinieron, vivos los queremos!; \u00a1Las madres calladas, jam\u00e1s ser\u00e1n escuchadas!, para concientizar a la gente y pedir su apoyo y solidaridad con las personas migrantes centroamericanas que pasan por M\u00e9xico.<\/p>\n\n\n\n<p class=\"wp-block-paragraph\">En la plaza central, desplegaron las fotos de los familiares desparecidos y tambi\u00e9n las fotos que les encargaron las familias en sus pa\u00edses que no pudieron integrarse a la caravana.<\/p>\n\n\n\n<p class=\"wp-block-paragraph\">El 16, la Caravana visit\u00f3 a los Centros de Reinserci\u00f3n Social en Tapachula para ense\u00f1ar las fotos a las personas recluidas. Varias madres han encontrado sus hijos en penales del pa\u00eds, donde la falta de acceso a llamadas telef\u00f3nicas o la verg\u00fcenza, rompe el contacto con la familia. En los Centros se pregunta si alguien hab\u00eda visto a uno de los desaparecidos.<\/p>\n\n\n\n<p class=\"wp-block-paragraph\">En Huixtla el 17, las madres encontraron lo que es oro para ellas\u2014pistas sobre sus hijos. Varias personas reportaron haber visto algunos de los rostros que aparecen en las fotos. A base de pistas s\u00f3lidas empieza el largo trabajo de investigaci\u00f3n para lograr, con suerte y mucha diligencia por parte del equipo del Movimiento Migrante Mesoamericano, un reencuentro madre-hijo en una caravana futura.<\/p>\n\n\n\n<p class=\"wp-block-paragraph\">El Centro de Derechos Humanos Fray Mat\u00edas de C\u00f3rdova, Servicio Jesuita para Migrantes y Refugiados, Heyman V\u00e1zquez, M\u00e9dicins Du Monde, Centro Cultural La Estaci\u00f3n, Una Mano Amiga y los consulados de El Salvador y Guatemala colaboraron en la organizaci\u00f3n de las actividades de visibilidad, b\u00fasqueda, solidaridad y comunicaci\u00f3n en los tres d\u00edas de trabajo en esta zona fronteriza.<\/p>\n\n\n\n<p class=\"wp-block-paragraph\">El d\u00eda 18, la caravana viaj\u00f3 a Comit\u00e1n, donde fue recibido por los colectivos Kaltsilaltik Ixuk&#8217;c, OCEZCNPA, CISC, DIVIHSEX, Eventos Piscis, CISC, CEIBA, Colectiva Feminista, Xylaa Ja Kaltsili y Red de Mujeres por Comit\u00e1n. En la conferencia de prensa, en el Centro Cultural Rosario Castellanos\u2014gran mujer que, como las madres centroamericanas, dio voz a los sin voz en la regi\u00f3n\u2014los familiares hablaron de su trabajo, formas de organizaci\u00f3n y obst\u00e1culos en sus paises de or\u00edgen y en M\u00e9xico. Victor Joel Garc\u00eda, representante de la Asociaci\u00f3n de Migrantes Desparecidos de Guatemala, dijo, \u201cNosotros venimos en la caravana buscando respuestas, buscando apoyo, buscando justicia.\u201d En este lugar, reconocido por la resistencia ind\u00edgena, explic\u00f3, \u201cEn Guatemala, nuestros pueblos ind\u00edgenas, sus derechos han sido violados. Muchas personas no tienen acceso a una traducci\u00f3n, no pueden hablar el espa\u00f1ol, entonces estando aqu\u00ed en tierras mexicanas a veces no tienen un int\u00e9rprete y son encarcelados sin derecho alguno.\u201d<\/p>\n\n\n\n<p class=\"wp-block-paragraph\">Lucy Contreras de COFAMIDE en El Salvador, comit\u00e9 de familiares organizado desde el 2006, se\u00f1al\u00f3 que otra parte del trabajo de la caravana es la incidencia con el gobierno en M\u00e9xico. \u201cEs necesario que los gobiernos se involucren en los mecanismos de b\u00fasqueda, que haya m\u00e1s fortalecimiento de las redes consulares, y que nos ayuden tambi\u00e9n en la b\u00fasqueda de los migrantes\u201d. De los 346 casos que lleva la organizaci\u00f3n, han identificado 49 personas con prueblas de ADN y localizado con vida a 13.<\/p>\n\n\n\n<p class=\"wp-block-paragraph\">Las Caravanas de Madres han encontrado 310 personas en sus 15 a\u00f1os de b\u00fasqueda en M\u00e9xico.<\/p>\n\n\n\n<p class=\"wp-block-paragraph\">El siguiente d\u00eda, la Caravana avanz\u00f3 a San Crist\u00f3bal de las Casas, donde despu\u00e9s de la caminata por las calles empedradas se reuni\u00f3 en el Centro de Derechos Humanos Fray Bartolom\u00e9 de las Casas con la prensa y organizaciones sociales entre ellos Junax Ko\u2019 Tantic, colectivo de familiares de desaparecidos en Chiapas. Marcharon a la Plaza de la Catedral donde su puso un altar de las fotos en la cruz de madera y las madres y familiares compartieron sus testimonios sobre la desaparici\u00f3n de sus seres queridos y pidieron el apoyo de las personas que se acercaron a ver las fotos. Adem\u00e1s del Fray Bartolom\u00e9, los anfitriones en San Crist\u00f3bal fueron: Voces Mesoamericanas, Servicio Pastoral San Mart\u00edn de Porres, FOCA, American Friends Service Committee y Mujer, Salud y Migraci\u00f3n.<\/p>\n\n\n\n<p class=\"wp-block-paragraph\">De all\u00e1 sigui\u00f3 su ruta a Tuxtla Guti\u00e9rrez, donde la Caravana fue recibida en la iglesia Santo Domingo por las organizaciones locales Una Ayuda Para Ti Mujer Migrante, Casa de Enfermos el Buen Samaritano, y la Red de Familias V\u00edctimas de Feminicidios Chiapas. En este lugar se dio el segundo reencuentro de la Caravana, entre Claudia Joaquina Valladares y su hermana Jaquelin, de Guatemalita, Honduras. Las hermanas no se hab\u00edan visto en 15 a\u00f1os.<\/p>\n\n\n\n<p class=\"wp-block-paragraph\">La coordinadora Marta S\u00e1nchez Soler se\u00f1al\u00f3 que este a\u00f1o se ve\u00eda un panorama de mucha incertidumbre para la Caravana de Madres \u2014un nuevo gobierno en M\u00e9xico que prometi\u00f3 un cambio de modelo para la pol\u00edtica migratoria basado en los derechos humanos, y que bajo presiones del gobierno de EEUU ha fortalecido pol\u00edticas de contenci\u00f3n y crimnalizaci\u00f3n; las m\u00faltiples crisis en los pa\u00edses centroamericanos que ha causado un incremento en la migraci\u00f3n forzada y ha agravado la situaci\u00f3n de dolor y carencia en la que viven muchas de las madres que conforman la caravana, y la violencia que impera en el pa\u00eds.<\/p>\n\n\n\n<p class=\"wp-block-paragraph\">Sin embargo, esta primera etapa ha mostrado que el pueblo mexicano, a pesar del discurso de rechazo que emana de los medios masivos y ciertos sectores de la sociedad, recibe a las madres con corazones y manos abiertas. S\u00e1nchez Soler dijo que en la historia de las caravanas han participado m\u00e1s de 200 organizaciones de la sociedad civil, movilizando a su gente y sus recursos para recibir a las 50-70 personas de la caravana todos los a\u00f1os y ofrecerles hospedaje, alimentos, eventos culturales y esperanza. Adem\u00e1s de dar visibilidad a la epidemia de desaparici\u00f3n de migrantes en M\u00e9xico, crea redes y afinidades que dan sustento al trabajo de las madres.<\/p>\n\n\n\n<p class=\"wp-block-paragraph\">\u201cEs una parte muy importante que logra la caravana\u2014la solidaridad de la gente mexicana,\u201d destac\u00f3 Marta S\u00e1nchez. Se\u00f1al\u00f3 que el clima actual de criminalizaci\u00f3n y exclusi\u00f3n de las personas migrantes hace m\u00e1s importante que nunca la construcci\u00f3n y fortalecimiento de lazos entre la caravana y las organizaciones sociales mexicanas, para lograr cambios sociales profundos en su entorno. \u201cPara que cuando vuelvan a escuchar a alguien que habla mal de los migrantes, recuerden las caras de las madres, y recuerden que no son estad\u00edsticas, no son criminales\u2014son gente que tiene familia, que est\u00e1n buscando, y que son seres humanos, como todos nosotros\u2026\u201d<\/p>\n\n\n\n<p class=\"wp-block-paragraph\">De Coatzacoalcos, la Caravana hizo una parada en C\u00f3rdoba y Amatl\u00e1n, donde la recibi\u00f3 el grupo de Las Patronas, que apoya a personas migrantes en camino, y que cada a\u00f1o apoya a las madres. De aqu\u00ed, la ruta contin\u00faa el 21 de noviembre a Jalapa donde se llevar\u00e1n a cabo varias actividades, entre ellas un encuentro con el gobernador del estado de Veracruz, Cuitl\u00e1huac Garc\u00eda.<\/p>\n\n\n\n<p class=\"wp-block-paragraph\">SEM\/GR<\/p>\n","protected":false},"excerpt":{"rendered":"<p>En la plaza central, desplegaron las fotos de los familiares desparecidos y tambi\u00e9n las fotos que les encargaron las familias en sus pa\u00edses que no pudieron integrarse a la caravana.<\/p>\n","protected":false},"author":3,"featured_media":14182,"comment_status":"open","ping_status":"open","sticky":false,"template":"","format":"standard","meta":{"_monsterinsights_skip_tracking":false,"footnotes":""},"categories":[690,54],"tags":[],"class_list":["post-14181","post","type-post","status-publish","format-standard","has-post-thumbnail","category-690","category-mujeres"],"_links":{"self":[{"href":"https:\/\/redsemlac.com\/semmexico\/wp-json\/wp\/v2\/posts\/14181","targetHints":{"allow":["GET"]}}],"collection":[{"href":"https:\/\/redsemlac.com\/semmexico\/wp-json\/wp\/v2\/posts"}],"about":[{"href":"https:\/\/redsemlac.com\/semmexico\/wp-json\/wp\/v2\/types\/post"}],"author":[{"embeddable":true,"href":"https:\/\/redsemlac.com\/semmexico\/wp-json\/wp\/v2\/users\/3"}],"replies":[{"embeddable":true,"href":"https:\/\/redsemlac.com\/semmexico\/wp-json\/wp\/v2\/comments?post=14181"}],"version-history":[{"count":0,"href":"https:\/\/redsemlac.com\/semmexico\/wp-json\/wp\/v2\/posts\/14181\/revisions"}],"wp:featuredmedia":[{"embeddable":true,"href":"https:\/\/redsemlac.com\/semmexico\/wp-json\/wp\/v2\/media\/14182"}],"wp:attachment":[{"href":"https:\/\/redsemlac.com\/semmexico\/wp-json\/wp\/v2\/media?parent=14181"}],"wp:term":[{"taxonomy":"category","embeddable":true,"href":"https:\/\/redsemlac.com\/semmexico\/wp-json\/wp\/v2\/categories?post=14181"},{"taxonomy":"post_tag","embeddable":true,"href":"https:\/\/redsemlac.com\/semmexico\/wp-json\/wp\/v2\/tags?post=14181"}],"curies":[{"name":"wp","href":"https:\/\/api.w.org\/{rel}","templated":true}]}}