{"id":14177,"date":"2019-11-22T03:47:02","date_gmt":"2019-11-22T03:47:02","guid":{"rendered":"https:\/\/redsemlac.com\/semmexico\/?p=14177"},"modified":"2023-07-21T15:14:29","modified_gmt":"2023-07-21T20:14:29","slug":"oaxaca-91","status":"publish","type":"post","link":"https:\/\/redsemlac.com\/semmexico\/oaxaca-91\/","title":{"rendered":"Asesinan a hijo de periodista en Oaxaca"},"content":{"rendered":"\n<ul class=\"wp-block-list\"><li><strong>El joven de 30 a\u00f1os de edad recibi\u00f3 un disparo en la cabeza<\/strong><\/li><li><strong> El periodista Cirilo Carrera identific\u00f3 al asesino de su hijo<\/strong><\/li><\/ul>\n\n\n\n<p class=\"wp-block-paragraph\"> <strong>Patricia Brise\u00f1o<\/strong><br>SemM\u00e9xico, Oaxaca, 21 noviembre 2019.- A causa de las lesiones recibidas por una arma de fuego, \u00a0Cirilo Carrera, hijo del reportero de La Opini\u00f3n de Tuxtepec, \u00a0Ferm\u00edn Carrera, falleci\u00f3 este jueves en el hospital regional de la Secretar\u00eda de Salud, en la regi\u00f3n de la Cuenca del Papaloapan. <\/p>\n\n\n\n<p class=\"wp-block-paragraph\">Carrera de unos 30 a\u00f1os edad recibi\u00f3 un balazo en la cabeza la noche del mi\u00e9rcoles, mientras caminaba en las calles de San Miguel Soyaltepec, por un sujeto identificado como Filiberto Luis Hern\u00e1ndez &nbsp;\u201cEl Chiringuito\u201d, denunci\u00f3 el padre de la victima y reportero en su cuenta personal de Facebook.<\/p>\n\n\n\n<p class=\"wp-block-paragraph\">A trav\u00e9s de una carta p\u00fablica dirigida a los medios de comunicaci\u00f3n y quienes trabajan en el gremio, el periodista cuenque\u00f1o confirm\u00f3 el deceso de su hijo, &nbsp;despu\u00e9s de varias horas de debatirse entre la vida y la muerte; adem\u00e1s de difundir la fotograf\u00eda del presunto atacante.<\/p>\n\n\n\n<p class=\"wp-block-paragraph\">De acuerdo con Ferm\u00edn Carrera, el agresor \u201ctuvo la desfachatez y cinismo de pedirme disculpas diciendo que fue un accidente, cuando mi hijo solo iba pasando en la calle a d\u00f3nde est\u00e9 individuo tiene su negocio\u201d.<\/p>\n\n\n\n<div class=\"wp-block-image\"><figure class=\"alignleft is-resized\"><img loading=\"lazy\" decoding=\"async\" src=\"https:\/\/redsemlac.com\/semmexico\/wp-content\/uploads\/2019\/11\/WhatsApp-Image-2019-11-21-at-9.30.48-PM.jpeg\" alt=\"\" class=\"wp-image-14178\" width=\"247\" height=\"356\"\/><\/figure><\/div>\n\n\n\n<p class=\"wp-block-paragraph\">Por lo que pidi\u00f3 a sus compa\u00f1eros y compa\u00f1eras de gremio difundir la fotograf\u00eda del presunto atacante, porque seguramente \u201cya est\u00e1 huyendo\u201d.<\/p>\n\n\n\n<p class=\"wp-block-paragraph\">Al confirmarse la muerte de Cirilo cambiaron la fotograf\u00eda de su perfil &nbsp;por la de un list\u00f3n negro, aunque permanece su &nbsp;descripci\u00f3n donde se lee: &nbsp; \u201caprendiendo a ser reportero\u201d.<\/p>\n\n\n\n<p class=\"wp-block-paragraph\">\u00a0Por unanimidad, los mensajes en su red social lamentan su deceso, condenan el crimen y se solidarizan con sus padres, c\u00f3nyuge e hijo.<\/p>\n\n\n\n<p class=\"wp-block-paragraph\"><strong>Suman 3 los hijos e hijas de periodistas asesinados en Oaxaca<\/strong><\/p>\n\n\n\n<p class=\"wp-block-paragraph\">Entre junio de 2018 a noviembre de 2019, tres hijos de periodistas de Oaxaca han sido asesinados en hechos violentos. <\/p>\n\n\n\n<p class=\"wp-block-paragraph\">El primero de ellos ocurri\u00f3 en la regi\u00f3n del Istmo de Tehuantepec, en la ciudad de Juchit\u00e1n, el 2 de junio de 2018; cuando Mar\u00eda del Sol Cruz Jarqu\u00edn, hija de Soledad Jarqu\u00edn, fue asesinada junto con dos personas<\/p>\n\n\n\n<p class=\"wp-block-paragraph\">En septiembre del mismo a\u00f1o fue asesinado Bernardo Henestroza L\u00f3pez, hijo del locutor y periodista Bernardo Henestroza, presuntamente durante un asalto ocurrido en el tramo carretero Juchit\u00e1n-Uni\u00f3n Hidalgo, en la regi\u00f3n del Istmo de Oaxaca.<\/p>\n\n\n\n<p class=\"wp-block-paragraph\">Y, este jueves el deceso Cirilo,  hijo de  Ferm\u00edn Carrera, reportero de La Opini\u00f3n de Tuxtepec.<\/p>\n\n\n\n<p class=\"wp-block-paragraph\"><br>SEM\/pb\/sj<\/p>\n","protected":false},"excerpt":{"rendered":"<p>A trav\u00e9s de una carta p\u00fablica dirigida a los medios de comunicaci\u00f3n y quienes trabajan en el gremio, el periodista cuenque\u00f1o confirm\u00f3 el deceso de su hijo<\/p>\n","protected":false},"author":3,"featured_media":14179,"comment_status":"open","ping_status":"open","sticky":false,"template":"","format":"standard","meta":{"_monsterinsights_skip_tracking":false,"footnotes":""},"categories":[690,55],"tags":[],"class_list":["post-14177","post","type-post","status-publish","format-standard","has-post-thumbnail","category-690","category-periodistas"],"_links":{"self":[{"href":"https:\/\/redsemlac.com\/semmexico\/wp-json\/wp\/v2\/posts\/14177","targetHints":{"allow":["GET"]}}],"collection":[{"href":"https:\/\/redsemlac.com\/semmexico\/wp-json\/wp\/v2\/posts"}],"about":[{"href":"https:\/\/redsemlac.com\/semmexico\/wp-json\/wp\/v2\/types\/post"}],"author":[{"embeddable":true,"href":"https:\/\/redsemlac.com\/semmexico\/wp-json\/wp\/v2\/users\/3"}],"replies":[{"embeddable":true,"href":"https:\/\/redsemlac.com\/semmexico\/wp-json\/wp\/v2\/comments?post=14177"}],"version-history":[{"count":0,"href":"https:\/\/redsemlac.com\/semmexico\/wp-json\/wp\/v2\/posts\/14177\/revisions"}],"wp:featuredmedia":[{"embeddable":true,"href":"https:\/\/redsemlac.com\/semmexico\/wp-json\/wp\/v2\/media\/14179"}],"wp:attachment":[{"href":"https:\/\/redsemlac.com\/semmexico\/wp-json\/wp\/v2\/media?parent=14177"}],"wp:term":[{"taxonomy":"category","embeddable":true,"href":"https:\/\/redsemlac.com\/semmexico\/wp-json\/wp\/v2\/categories?post=14177"},{"taxonomy":"post_tag","embeddable":true,"href":"https:\/\/redsemlac.com\/semmexico\/wp-json\/wp\/v2\/tags?post=14177"}],"curies":[{"name":"wp","href":"https:\/\/api.w.org\/{rel}","templated":true}]}}