{"id":14175,"date":"2019-11-22T00:22:01","date_gmt":"2019-11-22T00:22:01","guid":{"rendered":"https:\/\/redsemlac.com\/semmexico\/?p=14175"},"modified":"2023-07-21T15:14:29","modified_gmt":"2023-07-21T20:14:29","slug":"opinion-229","status":"publish","type":"post","link":"https:\/\/redsemlac.com\/semmexico\/opinion-229\/","title":{"rendered":"Mujeres y Pol\u00edtica"},"content":{"rendered":"\n<h2 class=\"wp-block-heading\"><strong>La violencia contra las mujeres el fracaso de las pol\u00edticas p\u00fablicas<\/strong><\/h2>\n\n\n\n<p class=\"wp-block-paragraph\"><strong>* 59 a\u00f1os del asesinato de las\nhermanas Mirabal<\/strong><\/p>\n\n\n\n<p class=\"wp-block-paragraph\"><strong>Soledad Jarqu\u00edn Edgar<\/strong><\/p>\n\n\n\n<p class=\"wp-block-paragraph\">SemM\u00e9xico,\n21 noviembre 2019.- El brutal asesinato de las hermanas Patria, Mar\u00eda Teresa y Minerva\nMirabal, opositoras al r\u00e9gimen de dictador dominicano Rafael Le\u00f3nidas Trujillo,\nun 25 de noviembre de 1960, se convirti\u00f3 en la fecha emblem\u00e1tica de las mujeres\nlatinoamericanas, primero, y despu\u00e9s de todas las mujeres del mundo, para\nexigir la eliminaci\u00f3n de la violencia machista contra las mujeres.<\/p>\n\n\n\n<p class=\"wp-block-paragraph\">Fue\ndurante el Primer Encuentro Feminista Latinoamericano y del Caribe (1981)\ncuando se tom\u00f3 la decisi\u00f3n de tomar ese d\u00eda para luchar en la regi\u00f3n contra la\nviolencia y recordar el martirio de las Mirabal a manos de un sanguinario\ndictador. 12 a\u00f1os despu\u00e9s hizo lo propio la Asamblea General de las Naciones\nUnidas al aprobar la Declaraci\u00f3n sobre la eliminaci\u00f3n de la violencia contra la\nmujer. <\/p>\n\n\n\n<p class=\"wp-block-paragraph\">Este\na\u00f1o se cumplen entonces 59 a\u00f1os de la brutal ejecuci\u00f3n, 28 de la Campa\u00f1a\nde los 16 D\u00edas de Activismo contra la Violencia de G\u00e9nero&nbsp;y 26 a\u00f1os de la\ndeclaraci\u00f3n de la ONU, que junto con otras muchas declaraciones de organismos\ninternacionales y en todos los \u00e1mbitos de los gobiernos, que se traducen en\ntransformaciones legislativas y cambios institucionales. Pese a todo el sin\nembargo existe\u2026<\/p>\n\n\n\n<p class=\"wp-block-paragraph\">No es\nf\u00e1cil advertir de d\u00f3nde deviene la imparable violencia machista. En el caso de\nM\u00e9xico y sin duda de la gran mayor\u00eda de los pa\u00edses de la regi\u00f3n, detener la\nviolencia contra las mujeres es el m\u00e1s grande fracaso de los gobiernos en\nturno, no s\u00f3lo porque, como se dice, la violencia es estructural, est\u00e1 puesta\nen la costumbre, en la educaci\u00f3n, en las normas no escritas y a veces escritas,\nde la sociedad patriarcal en la que generaciones hemos vivido. \u201cNo es f\u00e1cil\u201d,\nse repite y de tanto repetir, se admite.<\/p>\n\n\n\n<p class=\"wp-block-paragraph\">Las escalas\nescalofriantes e indignas de las cifras sobre el n\u00famero de v\u00edctimas de la\nviolencia patriarcal, en todas sus expresiones y por ende en el feminicidio,\nrevelan c\u00f3mo las mexicanas vivimos esa violencia, c\u00f3mo a\u00fan no todas la\nmanifiestan, y c\u00f3mo otras la denuncian a gritos en las calles en demanda de la\nintangible justicia. <\/p>\n\n\n\n<p class=\"wp-block-paragraph\">Pero\nenfrente tenemos una pared dif\u00edcil de escalar: la simulaci\u00f3n de pol\u00edticas p\u00fablicas\nque apenas rozan por encima los problemas, pero que gastan millones de pesos;\nen el discurso vac\u00edo de hombres y mujeres con poder pol\u00edtico o p\u00fablico, que la\nbanalizan a conveniencia, incluso, a veces lloran; la ginop\u00eda de instituciones\nde todos los cortes ideol\u00f3gicos, que no ven, ni oyen, ni siente el dolor de\nnadie, que no quieren saber y la repetici\u00f3n producto de la impunidad, como un\nc\u00edrculo, que nos golpea a cada vuelta. Vivimos, las mexicanas, una permanente\nviolaci\u00f3n a nuestros derechos como personas.<\/p>\n\n\n\n<p class=\"wp-block-paragraph\">Tendr\u00eda\nque decir que de algo ha servido la demanda constante, permanente de las\nmujeres, s\u00ed. No todo el esfuerzo de las feministas ha sido en vano. Pero la\ninstitucionalizaci\u00f3n no da resultados, se minimizan los hechos grav\u00edsimos de la\nviolencia que nos rodea.<\/p>\n\n\n\n<p class=\"wp-block-paragraph\">En la\nv\u00edspera de un nuevo 25 de noviembre poco o nada se tiene que decir por parte de\nlas instituciones, bien valdr\u00eda la pena su silencio, bien valdr\u00eda respetar las\nvoces de las mujeres en demanda de justicia, bien valdr\u00eda la pena escuchar porque\nlas mujeres no estamos celebrando nada, demandamos respuestas concretas y que\nse haga realidad la justicia para miles de v\u00edctimas que hoy no la tienen,\nincluso para las hermanas Mirabal cuyos victimarios lograron evadir a la\njusticia a pesar de las sentencias que recibieron.<\/p>\n","protected":false},"excerpt":{"rendered":"<p>La violencia contra las mujeres el fracaso de las pol\u00edticas p\u00fablicas<\/p>\n","protected":false},"author":3,"featured_media":8460,"comment_status":"open","ping_status":"open","sticky":false,"template":"","format":"standard","meta":{"_monsterinsights_skip_tracking":false,"footnotes":""},"categories":[690,96,75],"tags":[],"class_list":["post-14175","post","type-post","status-publish","format-standard","has-post-thumbnail","category-690","category-mujeres-y-politica","category-soledad-jarquin-edgar"],"_links":{"self":[{"href":"https:\/\/redsemlac.com\/semmexico\/wp-json\/wp\/v2\/posts\/14175","targetHints":{"allow":["GET"]}}],"collection":[{"href":"https:\/\/redsemlac.com\/semmexico\/wp-json\/wp\/v2\/posts"}],"about":[{"href":"https:\/\/redsemlac.com\/semmexico\/wp-json\/wp\/v2\/types\/post"}],"author":[{"embeddable":true,"href":"https:\/\/redsemlac.com\/semmexico\/wp-json\/wp\/v2\/users\/3"}],"replies":[{"embeddable":true,"href":"https:\/\/redsemlac.com\/semmexico\/wp-json\/wp\/v2\/comments?post=14175"}],"version-history":[{"count":0,"href":"https:\/\/redsemlac.com\/semmexico\/wp-json\/wp\/v2\/posts\/14175\/revisions"}],"wp:featuredmedia":[{"embeddable":true,"href":"https:\/\/redsemlac.com\/semmexico\/wp-json\/wp\/v2\/media\/8460"}],"wp:attachment":[{"href":"https:\/\/redsemlac.com\/semmexico\/wp-json\/wp\/v2\/media?parent=14175"}],"wp:term":[{"taxonomy":"category","embeddable":true,"href":"https:\/\/redsemlac.com\/semmexico\/wp-json\/wp\/v2\/categories?post=14175"},{"taxonomy":"post_tag","embeddable":true,"href":"https:\/\/redsemlac.com\/semmexico\/wp-json\/wp\/v2\/tags?post=14175"}],"curies":[{"name":"wp","href":"https:\/\/api.w.org\/{rel}","templated":true}]}}