{"id":14173,"date":"2019-11-22T00:18:20","date_gmt":"2019-11-22T00:18:20","guid":{"rendered":"https:\/\/redsemlac.com\/semmexico\/?p=14173"},"modified":"2023-07-21T15:14:29","modified_gmt":"2023-07-21T20:14:29","slug":"opinion-228","status":"publish","type":"post","link":"https:\/\/redsemlac.com\/semmexico\/opinion-228\/","title":{"rendered":"Ambig\u00fa"},"content":{"rendered":"\n<h2 class=\"wp-block-heading\"><strong>El Presidente valedor\u2026 le vale madre todo<\/strong><\/h2>\n\n\n\n<p class=\"wp-block-paragraph\"><strong>+ El decretazo que mat\u00f3 ilusiones de Michoac\u00e1n y Guerrero<\/strong><\/p>\n\n\n\n<p class=\"wp-block-paragraph\"><strong>+ Sicilia puede ser la chispa que detone el polvor\u00edn<\/strong><\/p>\n\n\n\n<p class=\"wp-block-paragraph\"><strong>Por Martha Elba Torres Mart\u00ednez<\/strong><\/p>\n\n\n\n<p class=\"wp-block-paragraph\">SemM\u00e9xico. 21 de noviembre 2019.- Definitivamente, L\u00f3pez Obrador es un Presidente valedor\u2026 le vale madre todo.<\/p>\n\n\n\n<p class=\"wp-block-paragraph\">Le vale madre los 31 mil muertos que lleva en su cuenta,\nentre estos 13 periodistas y 25 activistas, contando al m\u00e1s reciente, Arnulfo\nCer\u00f3n, l\u00edder del Frente Popular de la Monta\u00f1a, en Guerrero, as\u00ed como los de 800\nni\u00f1os y ni\u00f1as v\u00edctimas, en ejecuciones familiares. Bueno, se echan hasta a la\nmascota para no dejar testigos. <\/p>\n\n\n\n<p class=\"wp-block-paragraph\">La Red por los Derechos de la Infancia (Redim) tiene\ndocumentada la desaparici\u00f3n de cerca de cinco mil menores y L\u00f3pez Obrador no apoya\nsu b\u00fasqueda, ni el discurso, ni en el presupuesto. A Alejandro Encinas lo trae\ncomo el t\u00edo Lolo, nada m\u00e1s haci\u00e9ndose pendejo solo, con Ayotzinapa.<\/p>\n\n\n\n<p class=\"wp-block-paragraph\">Y as\u00ed como le vali\u00f3 pagar de nuestros impuestos, 75 mil 223\nmillones de pesos, por los contratos liquidados en las obras del nuevo aeropuerto\nde Texcoco, tambi\u00e9n se pas\u00f3 por el arco de las piernas las Zonas Econ\u00f3micas\nEspeciales, cuya extinci\u00f3n apareci\u00f3 en el DOF del pasado martes 19 y con eso, a\nMichoac\u00e1n le da un golpe bien gacho.<\/p>\n\n\n\n<p class=\"wp-block-paragraph\">De las siete ZEEs, la de L\u00e1zaro C\u00e1rdenas-La Uni\u00f3n, es cierto,\nfue la \u00fanica que consolid\u00f3 inversiones por cerca de 10 mil millones de d\u00f3lares.\nEl 2 de septiembre pasado, los gobernadores de Michoac\u00e1n y Guerrero, Silvano\nAureoles y H\u00e9ctor Astudillo, respectivamente, enviaron una carta a L\u00f3pez\nObrador, para pedirle un modelo sustitutivo de incentivos fiscales para retener\nlos capitales. La petici\u00f3n estuvo respaldada por 182 firmas de representantes de\ntodos los sectores de los estados. No escuch\u00f3. Los proyectos de desarrollo\nregional del sexenio, est\u00e1n en el Tren Maya, la refiner\u00eda de Dos Bocas y el\nCorredor Trans\u00edstmico. Le vale el resto del pa\u00eds.<\/p>\n\n\n\n<p class=\"wp-block-paragraph\">Y as\u00ed nos podemos seguir con la flojera que le dan las\nprotestas y marchas, sean de campesinos, ni\u00f1os con c\u00e1ncer o de v\u00edctimas de la\nviolencia, cuando en 1996 como opositor al r\u00e9gimen, bloque\u00f3 pozos petroleros en\nTabasco, y en 2006, instal\u00f3 un plant\u00f3n en pleno paseo de Reforma, por 47 d\u00edas.\nDesde 2013, a Pe\u00f1a Nieto le hizo la vida imposible con sus manifestaciones\ncontra la reforma energ\u00e9tica y educativa.<\/p>\n\n\n\n<p class=\"wp-block-paragraph\">Pero creo \u2013es una impresi\u00f3n-, que Amlo, con Javier Sicilia y\nahora respaldado por la doble nacionalidad del clan morm\u00f3n LeBar\u00f3n y otros\nactivistas que se siguen sumando, Isabel Miranda e Hip\u00f3lito Mora, la expresi\u00f3n\nde la flojera para escucharlos, es un mal c\u00e1lculo.<\/p>\n\n\n\n<p class=\"wp-block-paragraph\">Sicilia no solo es un poeta que escrib\u00eda en Proceso y al que\nle mataron a su hijo. Logr\u00f3 en abril de 2011, conformar el Movimiento por la\nPaz con Justicia y Dignidad, como una respuesta de la sociedad civil a la\nincapacidad del gobierno de frenar la violencia. Tras sus marchas por el pa\u00eds y\nla empat\u00eda social que despert\u00f3, finalmente sent\u00f3 al gobierno calderonista en el\nCastillo de Chapultepec en junio de ese a\u00f1o, para el primer Di\u00e1logo por la Paz.\nY hay que decirlo, el PAN perdi\u00f3 la Presidencia, porque no pudo con la\ninseguridad y el voto se lo cobr\u00f3. Lo mismo le pas\u00f3 a Pe\u00f1a.<\/p>\n\n\n\n<p class=\"wp-block-paragraph\">Pero recordemos de L\u00f3pez Obrador, ya como presidente electo,\nse reuni\u00f3 con Sicilia el 14 de septiembre de 2018, con motivo de sus foros\nEscucha, que no fue m\u00e1s una mareada a las v\u00edctimas que hasta se le hincaban y\nle besaban la mano, porque \u00e9l si les har\u00eda justicia. \u00bfY qu\u00e9 pas\u00f3? <\/p>\n\n\n\n<p class=\"wp-block-paragraph\">M\u00e9xico le grita que detenga las masacres, que no perdone a\nlos criminales ni los deje libres, que se aplique la ley. Pero no quiere\nescuchar y menos aceptar que tan humano es, que tambi\u00e9n se equivoca. Lo m\u00e1s\npat\u00e9tico es que la esta errando pr\u00e1cticamente en todo.<\/p>\n\n\n\n<p class=\"wp-block-paragraph\">Por cierto, en agosto de 2018 que recibi\u00f3 las conclusiones\nde los foros Escucha, dos cosas dijo que no cumpli\u00f3: que habr\u00eda crecimiento\necon\u00f3mico, porque sin este no hay empleos y sin empleos ni hay paz ni\ntranquilidad. Y dos, garantiz\u00f3 \u00abel respeto absoluto a la autonom\u00eda\u00bb\nde la Comisi\u00f3n Nacional de los Derechos Humanos (CNDH). Pero ya vimos que se\narrepinti\u00f3 y puso a su incondicional de Piedra. Porque para poner al frente de\nla instituci\u00f3n a quien haya sufrido en carne propia la condici\u00f3n de v\u00edctima,\ntiene por cientos de miles, incluido el propio Sicilia.<\/p>\n\n\n\n<p class=\"wp-block-paragraph\">El caso que el poeta representa mucho m\u00e1s que su frustraci\u00f3n\npersonal por tan mal presidente que result\u00f3 L\u00f3pez Obrador. Es la de millones de\nmexicanas y mexicanos, que en una de esas, nada m\u00e1s requieren de una chispa\npara explotar el polvor\u00edn en que esta sentado L\u00f3pez Obrador.<\/p>\n\n\n\n<p class=\"wp-block-paragraph\">Y comparto un fragmento de una carta de Sicilia, a Amlo en\nla campa\u00f1a electoral de 2012:<\/p>\n\n\n\n<p class=\"wp-block-paragraph\">\u201cPara muchos, usted se\u00f1or L\u00f3pez Obrador, significa la\nintolerancia, la sordera, la confrontaci\u00f3n, en contra de lo que pregona su\nrep\u00fablica amorosa. Con aquellos que no se le parecen o no comparten sus\nopiniones, significa el resentimiento pol\u00edtico, las revanchas sin matices\ncontra lo que fueron las desahuciadas elecciones de 2006, el mesianismo y la\nincapacidad autocr\u00edtica para se\u00f1alar y castigar las corrupciones de muchos\nmiembros de su partido. Significa tambi\u00e9n la red de componendas locales con\ndirigentes, que a\u00f1os atr\u00e1s reprimieron a quienes buscaban un camino\ndemocr\u00e1tico. El se\u00f1or Bartlett es s\u00f3lo la punta del iceberg\u201d.<\/p>\n\n\n\n<p class=\"wp-block-paragraph\">Pues no se equivoc\u00f3.<\/p>\n\n\n\n<p class=\"wp-block-paragraph\">Una vez le escuch\u00e9 a Carlos Monsivais en sus eternas\ncr\u00edticas al PRI, que el \u00fanico patrimonio real, tangible, del pueblo \u2013y el\npueblo somos todos, pobres, ricos, prietos, chaparros y bizcos, todos los que\nhabitamos este pa\u00eds-, es el voto. En 2018, ese voto decidi\u00f3 sacar a los\ncorruptos e ineptos. En el 2021, con las elecciones intermedias, el voto puede\nhacer lo mismo con los nuevos corruptos e ineptos que se asentaron en el poder\u2026<\/p>\n\n\n\n<p class=\"wp-block-paragraph\">&nbsp;&nbsp;&nbsp;&nbsp;&nbsp;&nbsp;&nbsp;&nbsp;&nbsp;&nbsp;&nbsp;&nbsp;&nbsp;&nbsp;&nbsp;&nbsp;&nbsp;&nbsp;&nbsp;&nbsp;&nbsp;&nbsp;&nbsp;&nbsp;&nbsp;&nbsp;&nbsp;&nbsp;&nbsp;&nbsp;&nbsp;&nbsp;&nbsp;&nbsp;&nbsp;&nbsp;&nbsp;&nbsp;&nbsp;&nbsp;&nbsp;&nbsp;&nbsp;&nbsp;&nbsp;&nbsp;&nbsp;&nbsp;&nbsp;&nbsp;&nbsp;&nbsp;&nbsp;&nbsp;&nbsp;&nbsp;&nbsp;&nbsp;&nbsp;&nbsp;&nbsp;&nbsp;&nbsp;&nbsp;&nbsp;&nbsp;&nbsp;&nbsp;&nbsp;&nbsp;&nbsp;&nbsp;&nbsp;&nbsp;&nbsp;&nbsp;&nbsp;&nbsp;&nbsp;&nbsp;&nbsp;&nbsp;&nbsp;&nbsp;&nbsp;&nbsp;&nbsp;&nbsp;&nbsp;&nbsp;&nbsp;&nbsp;&nbsp; ***<\/p>\n\n\n\n<p class=\"wp-block-paragraph\">Y para prueba, otro bot\u00f3n del autoritarismo. <\/p>\n\n\n\n<p class=\"wp-block-paragraph\">Las amenazas de ayer del l\u00edder morenista en el Senado,\nRicardo Monreal, de instruir juicio pol\u00edtico a los gobernadores y alcaldes que\ndesacaten las recomendaciones de la CNDH bajo la presidencia de Piedra Ibarra,\nquien primero tendr\u00e1 que responder a la queja presentada por la asociaci\u00f3n\ncivil de Periodistas Desplazados, en contra de ella. Porque 20 d\u00edas y ni siquiera\nun acuse de recibo para ese grupo del gremio.<\/p>\n\n\n\n<p class=\"wp-block-paragraph\">Pero lo grotesco de las expresiones de Monreal, es que dijo\nque \u201cno es una buena idea, ni siquiera es inteligente, menos brillante, mandar\nal diablo las instituciones\u201d. Pues el primer poco inteligente y menos\nbrillante, es el mismo L\u00f3pez Obrador, que desde 2006 mand\u00f3 al diablo las instituciones.\nY tan cumple con eso, que las est\u00e1 desmantelando. Como la propia CNDH.<\/p>\n\n\n\n<p class=\"wp-block-paragraph\">La Oficina en M\u00e9xico del Alto Comisionado de Naciones Unidas\npara los Derechos Humanos (ONU-DH) ya se pronunci\u00f3 ayer al \u201csugerir\u201d mantener\nla independencia de la Comisi\u00f3n. Asegur\u00f3 que dada la importancia de la CNDH,\n\u201cla elecci\u00f3n de su m\u00e1ximo responsable debe ser particularmente escrupulosa,\nobjetiva, transparente y certera\u201d y argument\u00f3 que el proceso ha generado \u201cdudas\nsobre el cumplimiento de los requisitos de elegibilidad de la candidata a quien\nse tom\u00f3 protesta y cuestionamientos respecto a si en la tercera votaci\u00f3n se\nalcanz\u00f3 la mayor\u00eda calificada que exige la Constituci\u00f3n\u201d.<\/p>\n\n\n\n<p class=\"wp-block-paragraph\">Ya la directora ejecutiva de Amnist\u00eda Internacional, Tania\nReneam Panszi, se hab\u00eda pronunciado por una rectificaci\u00f3n al proceso de\nelecci\u00f3n del ombudsperson, porque lo que M\u00e9xico, \u201cun pa\u00eds de tantas v\u00edctimas,\nlo que menos necesita es una CNDH cuestionada y que imposibilite las labores de\nesta dependencia de forma aut\u00f3noma, transparente y que haga contrapeso al Poder\nEjecutivo, pero ni as\u00ed. Es lo que Amlo dice y punto\u2026<\/p>\n\n\n\n<p class=\"wp-block-paragraph\">&nbsp;&nbsp;&nbsp;&nbsp;&nbsp;&nbsp;&nbsp;&nbsp;&nbsp;&nbsp;&nbsp;&nbsp;&nbsp;&nbsp;&nbsp;&nbsp;&nbsp;&nbsp;&nbsp;&nbsp;&nbsp;&nbsp;&nbsp;&nbsp;&nbsp;&nbsp;&nbsp;&nbsp;&nbsp;&nbsp;&nbsp;&nbsp;&nbsp;&nbsp;&nbsp;&nbsp;&nbsp;&nbsp;&nbsp;&nbsp;&nbsp;&nbsp;&nbsp;&nbsp;&nbsp;&nbsp;&nbsp;&nbsp;&nbsp;&nbsp;&nbsp;&nbsp;&nbsp;&nbsp;&nbsp;&nbsp;&nbsp;&nbsp;&nbsp;&nbsp;&nbsp;&nbsp;&nbsp;&nbsp;&nbsp;&nbsp;&nbsp;&nbsp;&nbsp;&nbsp;&nbsp;&nbsp;&nbsp;&nbsp;&nbsp;&nbsp;&nbsp;&nbsp;&nbsp;&nbsp;&nbsp;&nbsp;&nbsp;&nbsp;&nbsp;&nbsp;&nbsp;&nbsp;&nbsp;&nbsp;&nbsp;&nbsp;&nbsp; ***<\/p>\n\n\n\n<p class=\"wp-block-paragraph\" style=\"text-align:center\"><strong>LA COMIDILLA<\/strong><\/p>\n\n\n\n<p class=\"wp-block-paragraph\">El eventual despido del joven piloto de Aerom\u00e9xico que se\natrevi\u00f3 a pedirle a L\u00f3pez Obrador que reconsidere la cancelaci\u00f3n del aeropuerto\nde Texcoco. El residente de Palacio Nacional exige respeto, pero irrespeta a\ntodo el que piensa, critica y defiende sus derechos. Bueno, hasta a los pobres\nse los ching\u00f3 con eso de que son animalitos a los que hay que darles de comer\u2026<\/p>\n\n\n\n<p class=\"wp-block-paragraph\">La decisi\u00f3n de la jefa de Gobierno, Claudia Sheinbaum, de\ndeclarar por su cuenta la Alerta por Violencia Contra las Mujeres en la Ciudad\nde M\u00e9xico. Mi reconocimiento total a su iniciativa y el valor de enfrentar la\nrealidad y actuar, desde el poder p\u00fablico, en defensa de las mujeres, ni\u00f1as y\nni\u00f1os de su estado. Bien por respaldar la ley Olimpia y el registro p\u00fablico de\nagresores sexuales con sentencia firme para que todo mundo sepa qui\u00e9nes son\nvioladores y alejarlos. Entre otras acciones, el pr\u00f3ximo a\u00f1o dar\u00e1 mayor\npresupuesto para los Centros de Atenci\u00f3n Integral a Mujeres, la\nprofesionalizaci\u00f3n con certificaci\u00f3n de los Ministerios P\u00fablicos, asesores\njur\u00eddicos y peritos especializados en atender delitos de car\u00e1cter sexual y la\nconstrucci\u00f3n de m\u00e1s \u201cSenderos Camina Libre, Camina Segura\u201d. Lo que inexplicable\nes que a pesar de que Conavim desde hace mucho tramit\u00f3 la solicitud ante la\nSecretar\u00eda de Gobernaci\u00f3n, \u00e9sta siga sin responder. Buena lecci\u00f3n de la\nSheimbaum a Olga S\u00e1nchez, en cuanto a congruencia\u2026<\/p>\n","protected":false},"excerpt":{"rendered":"<p>El Presidente valedor\u2026 le vale madre todo<\/p>\n","protected":false},"author":3,"featured_media":9024,"comment_status":"open","ping_status":"open","sticky":false,"template":"","format":"standard","meta":{"_monsterinsights_skip_tracking":false,"footnotes":""},"categories":[690,99,90],"tags":[],"class_list":["post-14173","post","type-post","status-publish","format-standard","has-post-thumbnail","category-690","category-ambigu","category-martha-elba-torres-martinez"],"_links":{"self":[{"href":"https:\/\/redsemlac.com\/semmexico\/wp-json\/wp\/v2\/posts\/14173","targetHints":{"allow":["GET"]}}],"collection":[{"href":"https:\/\/redsemlac.com\/semmexico\/wp-json\/wp\/v2\/posts"}],"about":[{"href":"https:\/\/redsemlac.com\/semmexico\/wp-json\/wp\/v2\/types\/post"}],"author":[{"embeddable":true,"href":"https:\/\/redsemlac.com\/semmexico\/wp-json\/wp\/v2\/users\/3"}],"replies":[{"embeddable":true,"href":"https:\/\/redsemlac.com\/semmexico\/wp-json\/wp\/v2\/comments?post=14173"}],"version-history":[{"count":0,"href":"https:\/\/redsemlac.com\/semmexico\/wp-json\/wp\/v2\/posts\/14173\/revisions"}],"wp:featuredmedia":[{"embeddable":true,"href":"https:\/\/redsemlac.com\/semmexico\/wp-json\/wp\/v2\/media\/9024"}],"wp:attachment":[{"href":"https:\/\/redsemlac.com\/semmexico\/wp-json\/wp\/v2\/media?parent=14173"}],"wp:term":[{"taxonomy":"category","embeddable":true,"href":"https:\/\/redsemlac.com\/semmexico\/wp-json\/wp\/v2\/categories?post=14173"},{"taxonomy":"post_tag","embeddable":true,"href":"https:\/\/redsemlac.com\/semmexico\/wp-json\/wp\/v2\/tags?post=14173"}],"curies":[{"name":"wp","href":"https:\/\/api.w.org\/{rel}","templated":true}]}}