{"id":14169,"date":"2019-11-22T00:09:33","date_gmt":"2019-11-22T00:09:33","guid":{"rendered":"https:\/\/redsemlac.com\/semmexico\/?p=14169"},"modified":"2023-07-21T15:14:29","modified_gmt":"2023-07-21T20:14:29","slug":"jalisco-16","status":"publish","type":"post","link":"https:\/\/redsemlac.com\/semmexico\/jalisco-16\/","title":{"rendered":"Presentan en Guadalajara el documental Est\u00e1n en alg\u00fan sitio"},"content":{"rendered":"\n<ul class=\"wp-block-list\"><li><strong>Celebra Lupita Ramos aniversario de su programa radiof\u00f3nico S\u00f3rico<\/strong><\/li><\/ul>\n\n\n\n<ul class=\"wp-block-list\"><li><strong>El documental narra la vida de Alejandra Cartagena y la b\u00fasqueda de su mam\u00e1 desaparecida<\/strong><\/li><\/ul>\n\n\n\n<p class=\"wp-block-paragraph\"><strong>Lorena Vaniezcot<\/strong><\/p>\n\n\n\n<p class=\"wp-block-paragraph\">SemM\u00e9xico,\nGuadalajara, Jalisco, 21 noviembre 2019.- El pr\u00f3ximo s\u00e1bado, en el contexto del\n25 de noviembre D\u00eda Internacional de la Eliminaci\u00f3n de la Violencia contra la\nMujer, y aniversario del programa de radio S\u00f3rico, proyectar\u00e1 el documental que\nda cuenta de la vida y lucha de Alejandra Maritza Cartagena L\u00f3pez en la\nb\u00fasqueda de su mam\u00e1 desaparecida y su activismo como defensora de los Derechos\nde las Mujeres. <\/p>\n\n\n\n<p class=\"wp-block-paragraph\">La\njornada de Cine Debate, anunci\u00f3 Lupita Ramos Ponce, conductora del programa\nradiof\u00f3nico S\u00f3rico, ser\u00e1 este s\u00e1bado 23 de noviembre a las 15:00 en la Biblioteca\nP\u00fablica del Estado de Jalisco \u00abJuan Jos\u00e9 Arreola\u00bb con la proyecci\u00f3n\ndel documental \u201cEst\u00e1n en alg\u00fan sitio\u201d, de Pablo T\u00e1mez Sierra.<\/p>\n\n\n\n<p class=\"wp-block-paragraph\">La tambi\u00e9n acad\u00e9mica e integrante de\nCLADEM, se\u00f1ala que Leticia Galarza Campos, madre de la activista Alejandra\nMaritza Cartagena L\u00f3pez, era integrante del grupo guerrillero Liga Comunista 23\nde septiembre, por lo que fue desaparecida por la polic\u00eda pol\u00edtica de la\nDirecci\u00f3n Federal de Seguridad, un 5 de enero de 1978, cuando Alejandra Maritza\nL\u00f3pez ten\u00eda apenas meses de nacida.<\/p>\n\n\n\n<p class=\"wp-block-paragraph\">De acuerdo con la publicaci\u00f3n D\u00e9cadas\nde buscar a mam\u00e1 en la p\u00e1gina Territorio.mx, escrita por Alejandra Guill\u00e9n,\nhace poco m\u00e1s de dos a\u00f1os, Alejandra Maritza Cartagena L\u00f3pez relata que la\nhistoria de j\u00f3venes desaparecidas y desaparecidos en Guadalajara, en los\ntiempos de la guerra sucia, en los a\u00f1os setenta, permaneci\u00f3 enterrada por\nd\u00e9cadas y fue hasta comenzado el nuevo siglo cuando algunas publicaciones\nrefirieron aquellos hechos que se guardaron en el silencio y aunque parec\u00eda un\nasunto del pasado, las familias reivindicaron a sus familiares.<\/p>\n\n\n\n<p class=\"wp-block-paragraph\">Hoy Alejandra Cartagena L\u00f3pez, su hija\ny de quien se refiere el documental \u201cEst\u00e1n en alg\u00fan sitio\u201d es una activista\ndefensora de derechos humanos de j\u00f3venes presos y de mujeres v\u00edctimas de\nfeminicidio, integrante del Comit\u00e9 de Am\u00e9rica Latina y el Caribe para la\nDefensa de los Derechos de las Mujeres (CLADEM) en Jalisco. <\/p>\n\n\n\n<p class=\"wp-block-paragraph\"><strong>Maritza\nAlejandra tras las huellas de Leticia Galarza<\/strong><\/p>\n\n\n\n<p class=\"wp-block-paragraph\">En la publicaci\u00f3n Alejandra Maritza\nCartagena L\u00f3pez relata que estaba en los brazos de su madre cuando llegaron por\nella. Al no detener a su madre, se los llevaron a todos, a su abuela, a sus\nmedios hermanos, a su t\u00eda y los hijos de \u00e9sta, todos chiquitos de entre 15 y un\na\u00f1o de edad, los encerraron en el Campo Militar por seis meses, luego los\nsacaron y anduvieron en la calle.<\/p>\n\n\n\n<p class=\"wp-block-paragraph\">\u201cLicha (Alicia de los R\u00edos, hija) y yo\ndecidimos que las mujeres han sido invisibilizadas. Ve lo que hac\u00eda una madre\nde ellos. Esto te dice c\u00f3mo mi abuela fue inculcando ideas sobre igualdad, la\nimportancia de la lucha, porque ella es una mujer solidaria, trabajadora, que\nsiempre ayuda. Tiene 83 a\u00f1os y sigue en muy buen estado, a pesar de que perdi\u00f3\na nueve integrantes de su familia, que le cortaron su mano como advertencia del\nEstado y que tuvo que irse a Estados Unidos. A\u00fan all\u00e1 segu\u00eda vigilada. Nunca ha\nsido entrevistada por nadie, es una familia con muchos secretos y muchos\ndolores\u201d, relata.<\/p>\n\n\n\n<p class=\"wp-block-paragraph\">D\u00edas despu\u00e9s, Leticia Galarza entreg\u00f3\na su hija a do\u00f1a Graciela, la madre de \u00c1lvaro Cartagena. \u2013 No pens\u00e9 que soy\nmala, en un mes regreso por ella, ahora no puedo qued\u00e1rmela, es riesgoso- se\ndisculp\u00f3 Leticia. Cuando Alejandra Martiza estaba por cumplir un a\u00f1o fue\nregistrada con los apellidos Cartagena L\u00f3pez. Su madre nunca pudo regresar, los\ngrupos paramilitares dirigidos por Miguel Nazar Haro la vigilaban. \u201cPienso que\nmi madre me dio la vida y me salv\u00f3. Es algo que entend\u00ed m\u00e1s grande\u201d.<\/p>\n\n\n\n<p class=\"wp-block-paragraph\"><strong>Una ni\u00f1a en\notra familia, una madre guerrillera desaparecida<\/strong><\/p>\n\n\n\n<p class=\"wp-block-paragraph\">Fue ella misma quien encontr\u00f3 en el\nArchivo General de la Naci\u00f3n la ficha de detenci\u00f3n de Leticia Galarza, su madre.\nPor muchos a\u00f1os pensaron que hab\u00eda sido detenida con la ni\u00f1a, fue Rosario\nIbarra de Piedra quien inform\u00f3 a su t\u00eda Judith Galarza d\u00f3nde estaba la ni\u00f1a,\nentonces Alejandra ten\u00eda cuatro a\u00f1os. Pero se qued\u00f3 a vivir con do\u00f1a Graciela,\nsu madre que pod\u00eda ser su abuela.<\/p>\n\n\n\n<figure class=\"wp-block-image\"><img loading=\"lazy\" decoding=\"async\" width=\"626\" height=\"442\" src=\"https:\/\/redsemlac.com\/semmexico\/wp-content\/uploads\/2019\/11\/NOTA-DOCUMENTAL.png\" alt=\"\" class=\"wp-image-14171\"\/><figcaption>Foto:  \u00a0<a rel=\"noreferrer noopener\" href=\"http:\/\/territorio.mx\/\" target=\"_blank\">territorio.mx<\/a> <\/figcaption><\/figure>\n\n\n\n<p class=\"wp-block-paragraph\">Alejandra Maritza Cartagena L\u00f3pez dice\npara Territorio que no es lo mismo buscar a un hijo o hija que a un padre o\nmadre. En el segundo caso se debe entender \u00bfqu\u00e9 pas\u00f3? \u00bfC\u00f3mo se lo explicas a un\nni\u00f1o?<\/p>\n\n\n\n<p class=\"wp-block-paragraph\">\u201c\u2026Por supuesto que me gustar\u00eda que\nestuviera viva, pero ser\u00eda muy ego\u00edsta, no me imagino que le habr\u00edan hecho en\n40 a\u00f1os. Imag\u00ednate la barbarie, espero que haya muerto lo antes posible, que no\nsufriera tanto, porque en los casos de las mujeres la tortura es peor, se\nejerce poder sobre el cuerpo de las mujeres\u2026aunque por supuesto que dar\u00eda mi\nvida por conocerla, por ver sus ojos, su pelo, su cara\u201d.<\/p>\n\n\n\n<p class=\"wp-block-paragraph\">SEM\/lv\/sj<\/p>\n","protected":false},"excerpt":{"rendered":"<p>Celebra Lupita Ramos aniversario de su programa radiof\u00f3nico S\u00f3rico<\/p>\n","protected":false},"author":3,"featured_media":14170,"comment_status":"open","ping_status":"open","sticky":false,"template":"","format":"standard","meta":{"_monsterinsights_skip_tracking":false,"footnotes":""},"categories":[690,54],"tags":[],"class_list":["post-14169","post","type-post","status-publish","format-standard","has-post-thumbnail","category-690","category-mujeres"],"_links":{"self":[{"href":"https:\/\/redsemlac.com\/semmexico\/wp-json\/wp\/v2\/posts\/14169","targetHints":{"allow":["GET"]}}],"collection":[{"href":"https:\/\/redsemlac.com\/semmexico\/wp-json\/wp\/v2\/posts"}],"about":[{"href":"https:\/\/redsemlac.com\/semmexico\/wp-json\/wp\/v2\/types\/post"}],"author":[{"embeddable":true,"href":"https:\/\/redsemlac.com\/semmexico\/wp-json\/wp\/v2\/users\/3"}],"replies":[{"embeddable":true,"href":"https:\/\/redsemlac.com\/semmexico\/wp-json\/wp\/v2\/comments?post=14169"}],"version-history":[{"count":0,"href":"https:\/\/redsemlac.com\/semmexico\/wp-json\/wp\/v2\/posts\/14169\/revisions"}],"wp:featuredmedia":[{"embeddable":true,"href":"https:\/\/redsemlac.com\/semmexico\/wp-json\/wp\/v2\/media\/14170"}],"wp:attachment":[{"href":"https:\/\/redsemlac.com\/semmexico\/wp-json\/wp\/v2\/media?parent=14169"}],"wp:term":[{"taxonomy":"category","embeddable":true,"href":"https:\/\/redsemlac.com\/semmexico\/wp-json\/wp\/v2\/categories?post=14169"},{"taxonomy":"post_tag","embeddable":true,"href":"https:\/\/redsemlac.com\/semmexico\/wp-json\/wp\/v2\/tags?post=14169"}],"curies":[{"name":"wp","href":"https:\/\/api.w.org\/{rel}","templated":true}]}}