{"id":14165,"date":"2019-11-21T23:19:31","date_gmt":"2019-11-21T23:19:31","guid":{"rendered":"https:\/\/redsemlac.com\/semmexico\/?p=14165"},"modified":"2023-07-21T15:14:29","modified_gmt":"2023-07-21T20:14:29","slug":"avgm-cdmx-2","status":"publish","type":"post","link":"https:\/\/redsemlac.com\/semmexico\/avgm-cdmx-2\/","title":{"rendered":"Sheinbaum decreta AVGM en la CDMX"},"content":{"rendered":"\n<p class=\"wp-block-paragraph\"><strong>* Es alterna y una simulaci\u00f3n, dice <\/strong><strong>Colectivo Aequus<\/strong><\/p>\n\n\n\n<p class=\"wp-block-paragraph\"><strong>* El anuncio de\nla jefa de gobierno no se ajusta a la ley ni al reglamento<\/strong><\/p>\n\n\n\n<p class=\"wp-block-paragraph\"><strong>Erandi Le\u00f3n Tierranueva. <\/strong><\/p>\n\n\n\n<p class=\"wp-block-paragraph\">SemM\u00e9xico, Cd. de M\u00e9xico, 21 noviembre 2019.- La\njefa de gobierno de la Ciudad de M\u00e9xico, Claudia Sheinbaum anunci\u00f3 que tom\u00f3 la\ndecisi\u00f3n de declarar la alerta de violencia de g\u00e9nero contra las mujeres.<\/p>\n\n\n\n<p class=\"wp-block-paragraph\">V\u00eda twitter @claudiasheimbaun, la jefa de gobierno\nen un comunicado breve inform\u00f3 que tom\u00f3 la decisi\u00f3n de decretar la Alerta de\nViolencia de G\u00e9nero contra las Mujeres.<\/p>\n\n\n\n<figure class=\"wp-block-image\"><img loading=\"lazy\" decoding=\"async\" width=\"603\" height=\"660\" src=\"https:\/\/redsemlac.com\/semmexico\/wp-content\/uploads\/2019\/11\/alerta.png\" alt=\"\" class=\"wp-image-14166\"\/><\/figure>\n\n\n\n<p class=\"wp-block-paragraph\">Inform\u00f3 que en atenci\u00f3n a las prioridades de su\ngobierno para \u201cestablecer una pol\u00edtica p\u00fablica para erradicar la violencia de\ng\u00e9nero\u201d y en aras de combatir y hacer m\u00e1s visibles los casos de violencia\ndecidi\u00f3 decretar (sic) la AVGM.<\/p>\n\n\n\n<p class=\"wp-block-paragraph\">\u201cAl apoyar a mujeres en su proceso de denuncia\naumentaron las carpetas de investigaci\u00f3n y las detenciones, pero l\u00f3gicamente\nsubieron el registro de los delitos de agresi\u00f3n sexual y violaciones. Por\nejemplo, entre octubre de 2018 y octubre de 2019, subieron un 10 por ciento las\ncarpetas de investigaci\u00f3n por violaci\u00f3n\u201d.<\/p>\n\n\n\n<p class=\"wp-block-paragraph\">Cabe recordar que desde septiembre de 2017, el\nCentro de Derechos Humanos Francisco de Vitoria O.P A.C y Justicia Pro Persona\nA.C presentaron la solicitud cuando Miguel \u00c1ngel Mancera se encontraba al\nfrente del gobierno, sin embargo dada su renuncia en abril de 2018 la Alerta\npas\u00f3 por dos gobernadores m\u00e1s, Jos\u00e9 Ram\u00f3n Amieva y Claudia Sheinbaum mediante\nuna serie de pr\u00f3rrogas que retrasaban el decreto, ya no s\u00f3lo exigido por estas\norganizaciones sino por la sociedad civil en general conformada en el Comit\u00e9 de\nCiudadanas en Observaci\u00f3n y Seguimiento del Proceso de la AVGM en la Ciudad de\nM\u00e9xico (Comit\u00e9 Alerta CDMX), quienes mediante informes y manifestaciones\nexig\u00edan al gobierno atender la creciente violencia contra las mujeres en la\ncapital del pa\u00eds. <\/p>\n\n\n\n<p class=\"wp-block-paragraph\">\u201cLas cifras que se establecen en el Informe del\nGrupo de Trabajo (de la Alerta) son realmente preocupantes, ya que expresa que,\nde acuerdo con la informaci\u00f3n presentada por el Gobierno de la CDMX, de enero\nde 2012 a septiembre de 2017, se registraron 292 casos de feminicidios y 421\ncasos de homicidios dolosos contra mujeres. Tambi\u00e9n, seg\u00fan datos de la\nProcuradur\u00eda de Justicia Capitalina arrojan que, de enero de 2012 a septiembre\nde 2017, se registraron 67,520 casos de violencia familiar; 10,832 de lesiones\ndolosas; 9,985 de abuso sexual; 3,168 de violaci\u00f3n; 586 de acoso sexual; 212 de\ntortura; 173 de trata de personas y 112 de secuestro\u201d, de acuerdo con el \u00faltimo\ninforme presentado por el Comit\u00e9.<\/p>\n\n\n\n<p class=\"wp-block-paragraph\">Claudia Sheinbaum puntualiz\u00f3 que con la Alerta\ncrear\u00e1 el Registro P\u00fablico de Agresores Sexuales, exhortar\u00e1 al Congreso\ncapitalino aprobar la Ley Olimpia, que sanciona el acoso y la violencia\ndigital, as\u00ed como otorgar un mayor presupuesto a los Centros de Atenci\u00f3n\nIntegral a las Mujeres y la profesionalizaci\u00f3n de los Ministerios P\u00fablicos\nespecializados en atender delitos de car\u00e1cter sexual. <\/p>\n\n\n\n<p class=\"wp-block-paragraph\"><strong>AVGM de Sheinbaum es alterna y una simulaci\u00f3n<\/strong><\/p>\n\n\n\n<p class=\"wp-block-paragraph\">Por su parte, el Colectivo Aequus. Promoci\u00f3n y Defensa de\nDerechos Humanos, a trav\u00e9s de su representante V\u00edctor Rogelio Caballero Sierra\nse\u00f1al\u00f3 que lo anunciado por Sheinbaum es \u201calgo alterno, creemos, desde nuestro\npunto de vista estrictamente, es una simulaci\u00f3n a la Alerta de G\u00e9nero y la\nsospecha de que se emiti\u00f3 para disuadir la movilizaci\u00f3n del 25 de noviembre\u201d.<\/p>\n\n\n\n<p class=\"wp-block-paragraph\">Se\u00f1ala que lo que explica y propone\nSheinbaum no se ajusta a la ley y el reglamento. Seg\u00fan el art\u00edculo 38 Bis del\nReglamento, una vez declarada procedente una AVG la declaratoria debe contener:<\/p>\n\n\n\n<p class=\"wp-block-paragraph\">I. Las acciones preventivas, de seguridad y\njusticia para enfrentar y abatir la violencia feminicida y, en su caso, el\nagravio comparado;<\/p>\n\n\n\n<p class=\"wp-block-paragraph\">II. Las asignaciones de recursos\npresupuestales necesarios para hacer frente a la <\/p>\n\n\n\n<p class=\"wp-block-paragraph\">contingencia de alerta de violencia de\ng\u00e9nero, por parte de la entidad federativa;<\/p>\n\n\n\n<p class=\"wp-block-paragraph\">III. Las medidas que deber\u00e1n implementarse\npara dar cumplimiento a la reparaci\u00f3n del da\u00f1o previsto en el art\u00edculo 26 de la\nLey;<\/p>\n\n\n\n<p class=\"wp-block-paragraph\">IV. El territorio que abarcar\u00e1 las acciones\ny medidas a implementar, y<\/p>\n\n\n\n<p class=\"wp-block-paragraph\">V. El motivo de la alerta de violencia de\ng\u00e9nero.<\/p>\n\n\n\n<p class=\"wp-block-paragraph\">Por otra parte agreg\u00f3 que lo dicho por la jefa de\ngobierno no se ajusta del todo, quiz\u00e1s solo en lo que se indica en el punto I,\npero lo que dice en materia presupuestal no debe dirigirse a los Centros, sino\na las procuradur\u00edas, fiscal\u00edas y juzgados. <\/p>\n\n\n\n<p class=\"wp-block-paragraph\">Adem\u00e1s, Sheimbaun nada dice de los recursos para la\nreparaci\u00f3n integral de los da\u00f1os, que deber\u00eda canalizarse por conducto, en su\ncaso, de la comisi\u00f3n de v\u00edctimas.<\/p>\n\n\n\n<p class=\"wp-block-paragraph\">SEM\/aelt\/sj<\/p>\n","protected":false},"excerpt":{"rendered":"<p>Es alterna y una simulaci\u00f3n, dice Colectivo Aequus<\/p>\n","protected":false},"author":3,"featured_media":14167,"comment_status":"open","ping_status":"open","sticky":false,"template":"","format":"standard","meta":{"_monsterinsights_skip_tracking":false,"footnotes":""},"categories":[690,51],"tags":[],"class_list":["post-14165","post","type-post","status-publish","format-standard","has-post-thumbnail","category-690","category-ejecutivo"],"_links":{"self":[{"href":"https:\/\/redsemlac.com\/semmexico\/wp-json\/wp\/v2\/posts\/14165","targetHints":{"allow":["GET"]}}],"collection":[{"href":"https:\/\/redsemlac.com\/semmexico\/wp-json\/wp\/v2\/posts"}],"about":[{"href":"https:\/\/redsemlac.com\/semmexico\/wp-json\/wp\/v2\/types\/post"}],"author":[{"embeddable":true,"href":"https:\/\/redsemlac.com\/semmexico\/wp-json\/wp\/v2\/users\/3"}],"replies":[{"embeddable":true,"href":"https:\/\/redsemlac.com\/semmexico\/wp-json\/wp\/v2\/comments?post=14165"}],"version-history":[{"count":0,"href":"https:\/\/redsemlac.com\/semmexico\/wp-json\/wp\/v2\/posts\/14165\/revisions"}],"wp:featuredmedia":[{"embeddable":true,"href":"https:\/\/redsemlac.com\/semmexico\/wp-json\/wp\/v2\/media\/14167"}],"wp:attachment":[{"href":"https:\/\/redsemlac.com\/semmexico\/wp-json\/wp\/v2\/media?parent=14165"}],"wp:term":[{"taxonomy":"category","embeddable":true,"href":"https:\/\/redsemlac.com\/semmexico\/wp-json\/wp\/v2\/categories?post=14165"},{"taxonomy":"post_tag","embeddable":true,"href":"https:\/\/redsemlac.com\/semmexico\/wp-json\/wp\/v2\/tags?post=14165"}],"curies":[{"name":"wp","href":"https:\/\/api.w.org\/{rel}","templated":true}]}}