{"id":14162,"date":"2019-11-21T20:53:27","date_gmt":"2019-11-21T20:53:27","guid":{"rendered":"https:\/\/redsemlac.com\/semmexico\/?p=14162"},"modified":"2023-07-21T15:14:29","modified_gmt":"2023-07-21T20:14:29","slug":"25n-foro-de-madrid-contra-la-violencia-a-las-mujeres-convoca-manifestacion","status":"publish","type":"post","link":"https:\/\/redsemlac.com\/semmexico\/25n-foro-de-madrid-contra-la-violencia-a-las-mujeres-convoca-manifestacion\/","title":{"rendered":"25N: Foro de Madrid Contra la Violencia a las Mujeres convoca manifestaci\u00f3n"},"content":{"rendered":"\n<ul class=\"wp-block-list\"><li><strong>Denunciar\u00e1n la paralizaci\u00f3n del Pacto de\nEstado contra la Violencia Machista<\/strong><\/li><\/ul>\n\n\n\n<ul class=\"wp-block-list\"><li><strong>Para expresar las reivindicaciones de la agenda\nfeminista<\/strong><strong><\/strong><\/li><\/ul>\n\n\n\n<p class=\"wp-block-paragraph\"><strong><br>\nRedacci\u00f3n<\/strong><\/p>\n\n\n\n<p class=\"wp-block-paragraph\">SemM\u00e9xico\/AmecoPress, Madrid, 21 noviembre 2019.-&nbsp;El Foro de Madrid, pionero en las\nconcentraciones contra la violencia machista lleva desde 1996, organizando\nconcentraciones en la Puerta del Sol cada 25 de mes y desde 1997 convocando la\nmanifestaci\u00f3n y concentraci\u00f3n unitaria que desde la Puerta del Sol de Madrid\nlanza su voz de protesta contra la violencia criminal contra las mujeres.<\/p>\n\n\n\n<p class=\"wp-block-paragraph\">Este a\u00f1o, la convocatoria quiere mostrar la\nindignaci\u00f3n y la voluntad declarada de las organizaciones de no cejar y seguir\navanzando hacia una sociedad m\u00e1s justa e igualitaria, a pesar de las amenazas\nde los discursos machistas y negacionitas de esta violencia especifica.<\/p>\n\n\n\n<p class=\"wp-block-paragraph\">El Foro reclama la urgencia de dar cumplimiento\nal Pacto contra la violencia actualizando los indicadores estad\u00edsticos que el Gobierno\nmaneja en esta materia, dado que a\u00fan excluye tipolog\u00edas y casos y, por tanto,\nno est\u00e1n reflejando el impacto real que tiene esta violencia espec\u00edfica contra\nlas mujeres.<\/p>\n\n\n\n<p class=\"wp-block-paragraph\">El manifiesto que se leer\u00e1 en la Puerta del SOL,\nconsensuado por las organizaciones que apoyan la convocatoria, denunciar\u00e1 \u201cla\nparalizaci\u00f3n del Pacto de Estado contra la Violencia Machista\u201d y acusa a todas\nlas administraciones de \u201cdesidia, abandono y falta de voluntad pol\u00edtica\u201d.<\/p>\n\n\n\n<p class=\"wp-block-paragraph\">La manifestaci\u00f3n se plantea como un acto\nvindicativo, pero tambi\u00e9n de apoyo a las miles de mujeres que sufren violencia\n(30.000 mujeres viven en Espa\u00f1a con Orden de Protecci\u00f3n y alejamiento).<\/p>\n\n\n\n<p class=\"wp-block-paragraph\">En el marco de las reivindicaciones, el refuerzo\ndel apoyo institucional a las mujeres que sufren violencias machistas es una\nconstante en las reclamaciones de las organizaciones que este a\u00f1o han querido\nllamar la atenci\u00f3n sobre los perfiles diversos de quien la sufre.<\/p>\n\n\n\n<p class=\"wp-block-paragraph\"><strong>El\ncuerpo de las mujeres no se compra ni se alquila<\/strong><\/p>\n\n\n\n<p class=\"wp-block-paragraph\">El Foro quiere se\u00f1alar como \u201cseveras\u201d algunas formas\nde violencia entre las que destaca las que se basan en la \u201cmercantilizaci\u00f3n del\ncuerpo de las mujeres a trav\u00e9s de la prostituci\u00f3n, el alquiler de mujeres con\nfines reproductivos o el porno\u201d y hace \u00e9nfasis en su manifiesto sobre el hecho\nde que el Convenio de Estambul, \u201cinsta a los gobiernos a actuar espec\u00edficamente\nsobre la prostituci\u00f3n y la trata\u201d y exige urgentemente una ley abolicionista de\nla prostituci\u00f3n, en donde las mujeres prostituidas sean \u201cla figura a proteger\u201d\ny no los intereses mercantiles del proxenetismo.<\/p>\n\n\n\n<p class=\"wp-block-paragraph\">Este a\u00f1o, se ha querido remarcar estas formas de\nexplotaci\u00f3n y violencia dada la implantaci\u00f3n del discurso \u201csobre una supuesta\nlibre elecci\u00f3n\u201d que no considera los condicionantes y que est\u00e1 dando por buena\nla explotaci\u00f3n de ni\u00f1as y mujeres en la pornograf\u00eda, la prostituci\u00f3n y el\nalquiler de vientres\u201d.<\/p>\n\n\n\n<p class=\"wp-block-paragraph\">En un amplio paquete de reivindicaciones, las\norganizaciones de mujeres reclaman mayor diligencia en la aplicaci\u00f3n de las\nmedidas acordadas en el pacto de Estado y acelerar las leyes espec\u00edficas e\nintegrales acordadas en el mismo: contra la violencia sexual y la explotaci\u00f3n\nsexual.<\/p>\n\n\n\n<p class=\"wp-block-paragraph\"><strong>La Comunidad de Madrid a la cola de las acciones\npara erradicar la violencia contra las mujeres<\/strong><\/p>\n\n\n\n<p class=\"wp-block-paragraph\">Dado el \u00e1mbito de actuaci\u00f3n del Foro de\nMadrid, el manifiesto incluye denuncias y demandas espec\u00edficas a la Comunidad\nAut\u00f3noma madrile\u00f1a que elabor\u00f3 la Estrategia contra la Violencia Machista\n2016\/2021, excluyendo las propuestas concretas del Movimiento de mujeres y dej\u00f3\nfuera la Violencia Sexual en todos los \u00e1mbitos y las medidas de prevenci\u00f3n y\natenci\u00f3n especializada en esta materia.<\/p>\n\n\n\n<p class=\"wp-block-paragraph\">Tambi\u00e9n denuncia la incapacidad y falta de\ndiligencia de los gobiernos de la Comunidad madrile\u00f1a que han sido incapaces de\ngestionar las trasferencias de fondos del Pacto de Estado correspondiente a los\na\u00f1os 2017 y 18.<\/p>\n\n\n\n<p class=\"wp-block-paragraph\">El Foro denuncia que la Comunidad no haya\nprevisto una ampliaci\u00f3n de fondos adjudicables a los ayuntamientos madrile\u00f1os y\nque Madrid se vea obligado a devolver partidas que son imprescindibles para la\nadecuada respuesta preventiva y de apoyo a las v\u00edctimas en el \u00e1mbito de la\nJusticia, la seguridad o la intervenci\u00f3n social.<\/p>\n\n\n\n<p class=\"wp-block-paragraph\">Desde el Foro de Madrid, tambi\u00e9n se pide a los\nmedios de comunicaci\u00f3n, seriedad en el tratamiento informativo, dando voz a las\nexpertas e informando con objetividad y respeto, sin alentar el negacionismo de\nquienes se al\u00edan con el machismo criminal que la sociedad espa\u00f1ola rechaza.<\/p>\n\n\n\n<p class=\"wp-block-paragraph\">El Foro de Madrid quiere llevar a cabo el 25N\n\u201cuna acci\u00f3n decidida a favor de la igualdad\u201d y exigir la \u201clealtad de los poderes\np\u00fablicos con este compromiso\u201d. Para ello pide a la ciudadan\u00eda que se sumen a\nesta convocatoria y que acuda a una Manifestaci\u00f3n-Concentraci\u00f3n que quiere\nexpresar las reivindicaciones acordadas para \u201cser capaces de construir un\nfuturo en el que no quepa ni una brizna de violencia contra las mujeres\u201d.<\/p>\n\n\n\n<p class=\"wp-block-paragraph\">SEM-AmecoPress<\/p>\n","protected":false},"excerpt":{"rendered":"<p>Denunciar\u00e1n la paralizaci\u00f3n del Pacto de Estado contra la Violencia Machista<\/p>\n","protected":false},"author":3,"featured_media":14163,"comment_status":"open","ping_status":"open","sticky":false,"template":"","format":"standard","meta":{"_monsterinsights_skip_tracking":false,"footnotes":""},"categories":[690,53],"tags":[],"class_list":["post-14162","post","type-post","status-publish","format-standard","has-post-thumbnail","category-690","category-internacional"],"_links":{"self":[{"href":"https:\/\/redsemlac.com\/semmexico\/wp-json\/wp\/v2\/posts\/14162","targetHints":{"allow":["GET"]}}],"collection":[{"href":"https:\/\/redsemlac.com\/semmexico\/wp-json\/wp\/v2\/posts"}],"about":[{"href":"https:\/\/redsemlac.com\/semmexico\/wp-json\/wp\/v2\/types\/post"}],"author":[{"embeddable":true,"href":"https:\/\/redsemlac.com\/semmexico\/wp-json\/wp\/v2\/users\/3"}],"replies":[{"embeddable":true,"href":"https:\/\/redsemlac.com\/semmexico\/wp-json\/wp\/v2\/comments?post=14162"}],"version-history":[{"count":0,"href":"https:\/\/redsemlac.com\/semmexico\/wp-json\/wp\/v2\/posts\/14162\/revisions"}],"wp:featuredmedia":[{"embeddable":true,"href":"https:\/\/redsemlac.com\/semmexico\/wp-json\/wp\/v2\/media\/14163"}],"wp:attachment":[{"href":"https:\/\/redsemlac.com\/semmexico\/wp-json\/wp\/v2\/media?parent=14162"}],"wp:term":[{"taxonomy":"category","embeddable":true,"href":"https:\/\/redsemlac.com\/semmexico\/wp-json\/wp\/v2\/categories?post=14162"},{"taxonomy":"post_tag","embeddable":true,"href":"https:\/\/redsemlac.com\/semmexico\/wp-json\/wp\/v2\/tags?post=14162"}],"curies":[{"name":"wp","href":"https:\/\/api.w.org\/{rel}","templated":true}]}}