{"id":14159,"date":"2019-11-21T20:35:39","date_gmt":"2019-11-21T20:35:39","guid":{"rendered":"https:\/\/redsemlac.com\/semmexico\/?p=14159"},"modified":"2023-07-21T15:14:29","modified_gmt":"2023-07-21T20:14:29","slug":"la-educacion-sexual-bajo-el-ojo-de-mira-de-la-politica","status":"publish","type":"post","link":"https:\/\/redsemlac.com\/semmexico\/la-educacion-sexual-bajo-el-ojo-de-mira-de-la-politica\/","title":{"rendered":"La educaci\u00f3n sexual, bajo el ojo de mira de la pol\u00edtica"},"content":{"rendered":"\n<ul class=\"wp-block-list\"><li><strong>Conservadores no quieren\no\u00edr hablar de igualdad, feminismo o sexualidad <\/strong><\/li><\/ul>\n\n\n\n<ul class=\"wp-block-list\"><li><strong>No se puede dejar a la\njuventud expuesta al ruido que generan partidos como VOX<\/strong><\/li><\/ul>\n\n\n\n<p class=\"wp-block-paragraph\"><strong>Adriana Rocha Pastor<\/strong><\/p>\n\n\n\n<p class=\"wp-block-paragraph\">SemM\u00e9xico\/AmecoPress,\nMadrid, 21 noviembre 2019.- Para Maribel Garc\u00eda L\u00f3pez, la Educaci\u00f3n Sexual \u201cNo\nes cuesti\u00f3n de ideolog\u00eda, es cuesti\u00f3n de DDHH\u201d. Hablar de DDHH, a Joan Mena\nArca, su hom\u00f3logo en Podemos, le parece \u201cun retroceso, es caer en el marco que\nquiere la ultraderecha\u201d. Los grupos pol\u00edticos hab\u00edan sido citados en el Espacio\nEcooo, en Madrid. Este 19 de noviembre se reunieron junto a personas expertas\nen la materia para llegar a un consenso y escribir una Carta Abierta a los y\nlas integrantes del Congreso del Senado y al Gobierno espa\u00f1ol. Todo, desde la\nperspectiva europea.<\/p>\n\n\n\n<p class=\"wp-block-paragraph\">Guillermo\nGonz\u00e1lez, presidente de la Federaci\u00f3n Estatal de Planificaci\u00f3n Estatal,\nempezaba moderando el debate con un aviso al p\u00fablico: \u00e9l no es moderado.\nPropone tres puntos antes de que la pol\u00edtica del PSOE y el pol\u00edtico de Podemos\nexpongan sus ideas. El resto de grupos parlamentarios tambi\u00e9n estaban\nconvocados, pero no han podido acudir al acto en cuesti\u00f3n.<\/p>\n\n\n\n<p class=\"wp-block-paragraph\">La\nFPFE cree que se ha de tomar la perspectiva europea en el tema de la <\/p>\n\n\n\n<p class=\"wp-block-paragraph\">Educaci\u00f3n\nSexual. Ante el auge de movimientos conservadores que proponen \u201crestaurar el\norden natural\u201d, Gonz\u00e1lez cuestiona cu\u00e1l es esa naturalidad a la que se alude.\nAdem\u00e1s, por representaci\u00f3n parlamentaria, o se llega a un consenso o puede que\notras fuerzas bloqueen iniciativas: \u201cvan a tener que pactar con estos grupos\u2026\u201d.\nIgualdad, feminismo o sexualidad son temas de los que, en su opini\u00f3n, no\nquieren o\u00edr hablar.<\/p>\n\n\n\n<p class=\"wp-block-paragraph\">Aun\nas\u00ed, defiende a la gente joven y luchadora y a la adultez, que todav\u00eda resiste\ncon un discurso que creemos que deber\u00eda mantener toda la ciudadan\u00eda\nprogresista. A nivel pol\u00edtico, el cu\u00e1ndo es el momento. Ahora que la izquierda\nha sabido llegar a un pacto, ambas fuerzas se juntan para debatir c\u00f3mo quieren\nque sea un tema tan importante. El pr\u00f3ximo jueves tambi\u00e9n ser\u00e1 una fecha\nimportante, se plantea retomar la Estrategia Nacional de Salud.<\/p>\n\n\n\n<p class=\"wp-block-paragraph\">Maribel\nGarc\u00eda L\u00f3pez es la representante de Badajoz por el PSOE en el Congreso. Al\nrespecto de lo sexual en el \u00e1mbito educativo, es firme: \u201cNo es una cuesti\u00f3n\nevaluable para el curr\u00edculum escolar\u201d. Los derechos sexuales y reproductivos le\nresultan \u201cuna herramienta muy pesada, roma e incisiva\u201d. La infancia, seg\u00fan\ndefiende la pol\u00edtica, no necesita tutela. Tienen derecho a recibir una\neducaci\u00f3n, pero \u00bflos padres y las madres deciden por ellos y ellas?<\/p>\n\n\n\n<p class=\"wp-block-paragraph\">Ella\nviene de la rama educativa y sabe de qu\u00e9 se trata: \u201cHablar ahora a nivel macro\nme cuesta, represento al PSOE en el Congreso, pero no dejan de venirme im\u00e1genes\nde trabajos que hago en escuelas, programas educativos de atenci\u00f3n a la\ndiversidad&#8230; \u201c. Cree que no se puede dejar a la juventud expuesta al ruido que\ngeneran partidos como VOX. La propuesta es usar las palabras. Usar \u201cdatos y\nevidencias\u201d para empoderar a las palabras, seg\u00fan explica. \u00bfPor qu\u00e9? Porque la\nsexualidad est\u00e1 presente en toda nuestra vida, \u201ctengamos la edad que tengamos,\nla sexualidad nos acompa\u00f1a\u201d.<\/p>\n\n\n\n<p class=\"wp-block-paragraph\">Su\nponencia se basa que discurre desde la legislaci\u00f3n al hipot\u00e9tico caso de \u201cqu\u00e9\nocurre si no trabajamos la Educaci\u00f3n Sexual en las aulas\u201d, describiendo toda la\ntrayectoria. La OMS (Organizaci\u00f3n Mundial de la Salud) trata el tema, tambi\u00e9n\nla UNESCO (Organizaci\u00f3n de las Naciones Unidas para la Educaci\u00f3n, la Ciencia y\nla Cultura), la organizaci\u00f3n que coordina la Agenda 2030 y marca como punto 4\nla Educaci\u00f3n en sus Objetivos para el Desarrollo Sostenible. Tambi\u00e9n hace\nmenci\u00f3n a la Ley Org\u00e1nica de Protecci\u00f3n Jur\u00eddica del Menor, cuyo Art\u00edculo 6\ndice as\u00ed:<\/p>\n\n\n\n<p class=\"wp-block-paragraph\">Art\u00edculo\n6. Libertad ideol\u00f3gica.&nbsp;&nbsp;&nbsp;&nbsp; <\/p>\n\n\n\n<p class=\"wp-block-paragraph\">1.\nEl menor tiene derecho a la libertad de ideolog\u00eda, conciencia y religi\u00f3n.<\/p>\n\n\n\n<p class=\"wp-block-paragraph\"><br>\n2. El ejercicio de los derechos dimanantes de esta libertad tiene \u00fanicamente\nlas limitaciones prescritas por la Ley y el respeto de los derechos y\nlibertades fundamentales de los dem\u00e1s.<\/p>\n\n\n\n<p class=\"wp-block-paragraph\">3.\nLos padres o tutores tienen el derecho y el deber de cooperar para que el menor\nejerza esta libertad de modo que contribuya a su desarrollo integral.<\/p>\n\n\n\n<p class=\"wp-block-paragraph\"><br>\nLa propuesta educativa del PSOE se desglosa en: Educaci\u00f3n a la Ciudadan\u00eda\nGlobal, Programas Espec\u00edficos contra temas como el acoso -con perspectiva LGTBI\nintegrada- y la prevenci\u00f3n de la VdG. La socialista habla de \u201cun gran consenso\nde trabajo\u201d que logre un gran Pacto de Estado para la Educaci\u00f3n. Que la\neducaci\u00f3n no dependa del partido pol\u00edtico del momento, ya que en su opini\u00f3n es\nmejor \u201calgo que perdure, siente unas bases serias\u201d.<\/p>\n\n\n\n<p class=\"wp-block-paragraph\">Plantea\nmedidas concretas como la distribuci\u00f3n equitativa de herramientas del\naprendizaje, la educaci\u00f3n personalizada, un Plan contra la Segregaci\u00f3n Escolar\ndesde diferentes perspectivas y que \u00e9tica (y con el concepto de la asignatura,\nmuchos m\u00e1s valores) sea obligatorio en primaria y secundaria.<\/p>\n\n\n\n<p class=\"wp-block-paragraph\">De\nno resolverse la cuesti\u00f3n educativa, la salud mental y emocional se volver\u00eda\n\u201cprecaria\u201d en su opini\u00f3n. \u201cPienso que todos y todas, recibimos educaci\u00f3n\nsexual, queramos o no, formal o informal\u2026\u201d. La Educaci\u00f3n Sexual es necesaria\npara evitar acoso escolar, miedo, normalizaci\u00f3n del porno o subida de cifras en\nVdG, ETS\u2026 \u201cEs algo que est\u00e1 m\u00e1s que contrastado con datos y leyes, no somos\ncuatro frikis a los que les gusta hablar de sexo\u201d.<\/p>\n\n\n\n<p class=\"wp-block-paragraph\">A\nJoan Mena Arca, el Derecho a la Educaci\u00f3n le parece que muchas veces no est\u00e1\ngarantizado: \u201cSi hay alg\u00fan responsable son los poderes p\u00fablicos, a quien hay\nque pedir explicaciones\u201d. En general, asegura que es un valor a\u00f1adido para toda\nla sociedad.<\/p>\n\n\n\n<p class=\"wp-block-paragraph\">Sin\nembargo, el papel de la derecha en el \u00e1mbito educativo le resulta un intento de\ncontrol social: \u201csaben que puede ser un mecanismo de transformaci\u00f3n de la\nsociedad, dicen \u201clos padres\u201d pero quieren hablar de las familias. Explica que\n\u00e9l, que ha sido profesor de Literatura y Lengua, no entender\u00eda que viniera\nnadie a decidir si el temario es sintaxis, gram\u00e1tica, literatura medieval o\nsuced\u00e1neos. \u201c\u00bfPor qu\u00e9 permitimos que en la Educaci\u00f3n Sexual nos digan s\u00ed o no?\u201d<\/p>\n\n\n\n<p class=\"wp-block-paragraph\">Por\neso, hablar de DDHH es un retroceso. \u201cEl problema no es que en Espa\u00f1a la\nultraderecha quiera mandar sobre la sexualidad, sino que las otras derechas lo\npermiten. A\u00f1ade, adem\u00e1s, que en la Educaci\u00f3n Superior y la Universidad las\nempresas privadas condicionan los contenidos educativos.<\/p>\n\n\n\n<p class=\"wp-block-paragraph\">Propone\ntres principios: suficiencia econ\u00f3mica (se necesita invertir: propone que\nEspa\u00f1a (3,6%) suba hacia la media europea); participaci\u00f3n (no centros\njer\u00e1rquicos que tomen decisiones por su cuenta, el conjunto ciudadano ha de\nguiar) y bien com\u00fan (hacer laico el Sistema Educativo, no solo la Escuela\nP\u00fablica, para evitar que la Iglesia imponga su ideolog\u00eda en la educaci\u00f3n).<\/p>\n\n\n\n<p class=\"wp-block-paragraph\">Tienen\ncinco objetivos: prevenir Violencias Sexuales y Machistas, prevenir sobre la\nSalud Sexual desde la globalidad, visibilizar y formar desde la diversidad\nfamiliar, promover el derecho al propio cuerpo (entendido tambi\u00e9n como un\nelemento de placer) y la co-educaci\u00f3n, como punto de vista global y\ntransversal.<\/p>\n\n\n\n<p class=\"wp-block-paragraph\">\u201cEn\npol\u00edtica, si puedo, quiero decir siempre la verdad. Veo muy dif\u00edcil que en\nEspa\u00f1a se pueda llegar a un pacto educativo\u201d. Propone \u201cni trampas ni\nfrustraciones\u201d, consenso. Como reflexi\u00f3n final, a\u00f1adi\u00f3 que hay que dejar a la\neducaci\u00f3n fuera de las guerras pol\u00edticas, las leyes tienen que actualizarse,\nporque \u201cen 40 a\u00f1os, hemos tenido hasta 7 leyes educativas\u201d.<\/p>\n","protected":false},"excerpt":{"rendered":"<p>Conservadores no quieren o\u00edr hablar de igualdad, feminismo o sexualidad <\/p>\n","protected":false},"author":3,"featured_media":14160,"comment_status":"open","ping_status":"open","sticky":false,"template":"","format":"standard","meta":{"_monsterinsights_skip_tracking":false,"footnotes":""},"categories":[690,53],"tags":[],"class_list":["post-14159","post","type-post","status-publish","format-standard","has-post-thumbnail","category-690","category-internacional"],"_links":{"self":[{"href":"https:\/\/redsemlac.com\/semmexico\/wp-json\/wp\/v2\/posts\/14159","targetHints":{"allow":["GET"]}}],"collection":[{"href":"https:\/\/redsemlac.com\/semmexico\/wp-json\/wp\/v2\/posts"}],"about":[{"href":"https:\/\/redsemlac.com\/semmexico\/wp-json\/wp\/v2\/types\/post"}],"author":[{"embeddable":true,"href":"https:\/\/redsemlac.com\/semmexico\/wp-json\/wp\/v2\/users\/3"}],"replies":[{"embeddable":true,"href":"https:\/\/redsemlac.com\/semmexico\/wp-json\/wp\/v2\/comments?post=14159"}],"version-history":[{"count":0,"href":"https:\/\/redsemlac.com\/semmexico\/wp-json\/wp\/v2\/posts\/14159\/revisions"}],"wp:featuredmedia":[{"embeddable":true,"href":"https:\/\/redsemlac.com\/semmexico\/wp-json\/wp\/v2\/media\/14160"}],"wp:attachment":[{"href":"https:\/\/redsemlac.com\/semmexico\/wp-json\/wp\/v2\/media?parent=14159"}],"wp:term":[{"taxonomy":"category","embeddable":true,"href":"https:\/\/redsemlac.com\/semmexico\/wp-json\/wp\/v2\/categories?post=14159"},{"taxonomy":"post_tag","embeddable":true,"href":"https:\/\/redsemlac.com\/semmexico\/wp-json\/wp\/v2\/tags?post=14159"}],"curies":[{"name":"wp","href":"https:\/\/api.w.org\/{rel}","templated":true}]}}