{"id":14129,"date":"2019-11-20T20:45:27","date_gmt":"2019-11-20T20:45:27","guid":{"rendered":"https:\/\/redsemlac.com\/semmexico\/?p=14129"},"modified":"2023-07-21T15:14:30","modified_gmt":"2023-07-21T20:14:30","slug":"la-casa-azul-de-frida-kahlo-se-pinta-de-unicef","status":"publish","type":"post","link":"https:\/\/redsemlac.com\/semmexico\/la-casa-azul-de-frida-kahlo-se-pinta-de-unicef\/","title":{"rendered":"La Casa Azul de Frida Kahlo se pinta de UNICEF"},"content":{"rendered":"\n<ul class=\"wp-block-list\"><li> <strong>A 30 a\u00f1os de la Convenci\u00f3n sobre los Derechos del Ni\u00f1o, La Casa Azul del Museo Frida Kahlo apoya esfuerzo de UNICEF por resaltar los derechos de las ni\u00f1as en M\u00e9xico.<\/strong> <\/li><\/ul>\n\n\n\n<p class=\"wp-block-paragraph\"><strong>Redacci\u00f3n<\/strong><\/p>\n\n\n\n<p class=\"wp-block-paragraph\">SemM\u00e9xico\/Naciones Unidas. Ciudad de M\u00e9xico. 20 de noviembre 2019.- En el marco del 30 aniversario de la Convenci\u00f3n sobre los Derechos del Ni\u00f1o, La Casa Azul del Museo Frida Kahlo \u201cse pinta de UNICEF\u201d, proyectando en sus emblem\u00e1ticos muros el s\u00edmbolo de la madre y su beb\u00e9 \u2013 logotipo de esa agencia de las Naciones Unidas \u2013 y acogiendo un conversatorio para adolescentes mujeres encabezado por j\u00f3venes destacadas en el \u00e1mbito de la innovaci\u00f3n profesional, con el fin de recordar que el importante papel de la mujer en el desarrollo nacional empieza en la infancia.<\/p>\n\n\n\n<p class=\"wp-block-paragraph\">Anualmente edificios de todo el mundo se iluminan #DeAzul con el caracter\u00edstico tono cyan de UNICEF, como parte de una iniciativa de la organizaci\u00f3n dirigida a recordarle a la humanidad cada 20 de noviembre, D\u00eda Mundial de la Infancia, la importancia de los derechos de la infancia y de apoyar la implementaci\u00f3n de la Convenci\u00f3n para beneficio de todo ni\u00f1o, ni\u00f1a y adolescente.<\/p>\n\n\n\n<p class=\"wp-block-paragraph\">En esta ocasi\u00f3n, la famosa casa de la pintora en Coyoac\u00e1n \u2013 conocida mundialmente por su intenso tono azul \u2013 se suma a la iniciativa con un juego de iluminaci\u00f3n.&nbsp; En a\u00f1os anteriores, la actividad ha incluido al Teatro de la \u00d3pera de Sydney, el Empire State Building y el Taj Majal, entre otras ic\u00f3nicas edificaciones, y construcciones igualmente emblem\u00e1ticas lo har\u00e1n tambi\u00e9n este a\u00f1o, conjuntamente con La Casa Azul.<\/p>\n\n\n\n<p class=\"wp-block-paragraph\">La Convenci\u00f3n sobre los Derechos del Ni\u00f1o, el tratado m\u00e1s ratificado mundialmente, contiene un principio sumamente innovador hace 30 a\u00f1os y a\u00fan muy profundo: la opini\u00f3n de ni\u00f1as, ni\u00f1os y adolescentes tiene que ser consultada y tomada en cuenta.&nbsp; Durante tres d\u00e9cadas, este principio ha contribuido a fomentar la expresi\u00f3n de las voces de la infancia y adolescencia y la participaci\u00f3n social de este importante sector de la poblaci\u00f3n.<\/p>\n\n\n\n<p class=\"wp-block-paragraph\">En este sentido, el Museo Frida Kahlo alberg\u00f3 el conversatorio para adolescentes donde mujeres j\u00f3venes de distintos \u00e1mbitos profesionales compartieron sus experiencias, presentaron sus proyectos e iniciativas, y exploraron las problem\u00e1ticas que encaran las adolescentes en lo referente a participaci\u00f3n social.<\/p>\n\n\n\n<p class=\"wp-block-paragraph\">En el encuentro participaron&nbsp;<strong>\u00c1ngela \u201cAngie\u201d V\u00e1zquez<\/strong>&nbsp;(vocalista de&nbsp;<em>V-Sounds<\/em>),&nbsp;<strong>Ana Karen Ram\u00edrez<\/strong>&nbsp;(fundadora de&nbsp;<em>Epic Queen<\/em>&nbsp;y embajadora de&nbsp;<em>Singularity University<\/em>&nbsp;en M\u00e9xico) y&nbsp;<strong>M\u00f3nica Mor\u00e1n Padilla<\/strong>&nbsp;(<em>Premio Nacional de la Juventud 2019<\/em>, y Secretaria General del Consejo Ciudadano Juvenil del Estado de Quer\u00e9taro).<\/p>\n\n\n\n<p class=\"wp-block-paragraph\">\u201cLas juventudes estamos cambiando nuestro entorno. Estamos haciendo el cambio social desde nuestras trincheras; no existe ning\u00fan l\u00edmite para nuestra generaci\u00f3n, yo lo he comprobado y lo sigo haciendo.&nbsp; Debemos seguir inspirando a m\u00e1s generaciones, accionar desde nuestras comunidades,\u201d&nbsp;<strong>dijo M\u00f3nica Mor\u00e1n Padilla<\/strong>.<\/p>\n\n\n\n<p class=\"wp-block-paragraph\">Por su parte,<strong>&nbsp;\u00c1ngela V\u00e1zquez se\u00f1al\u00f3:&nbsp;<\/strong>\u00a8Hace poco estuve con un grupo de muchachos que ten\u00edan sus ideas innovadoras para ayudar a su comunidad y me inspir\u00f3 much\u00edsimo. Espero que hoy las pueda inspirar y sembrar una semilla para que se atrevan a seguir sus sue\u00f1os, porque estoy segura de que son capaces y de mucho m\u00e1s\u00a8.<\/p>\n\n\n\n<p class=\"wp-block-paragraph\"><strong>Ana Karen Ram\u00edrez&nbsp;<\/strong>anim\u00f3 a las ni\u00f1as y adolescentes mencionando: \u00a8Las invito a que sean lo que quieren ser, pero adem\u00e1s que se cerquen a la ciencia y a la tecnolog\u00eda, porque en el futuro vamos a necesitar un mundo de creadoras. El talento y el \u00e9xito se encuentran trabajando. As\u00ed que trabajen much\u00edsimo en lo que las apasiona para alcanzar sus sue\u00f1os\u00a8.<\/p>\n\n\n\n<p class=\"wp-block-paragraph\">La Convenci\u00f3n sobre los Derechos del Ni\u00f1o es una promesa realizada por los adultos a la infancia del mundo, y sus 30 a\u00f1os nos ofrecen una oportunidad de reafirmar nuestro compromiso hacia la infancia, y definir la labor pendiente para hacer realidad la promesa de la Convenci\u00f3n en las vidas de todos las ni\u00f1as y las adolescentes en particular.<\/p>\n\n\n\n<p class=\"wp-block-paragraph\">Al cierre del evento, Christian Skoog, Representante de UNICEF en M\u00e9xico, agradeci\u00f3 la participaci\u00f3n de las j\u00f3venes ponentes y asistentes al evento, resaltando el valor simb\u00f3lico del entorno en que se llev\u00f3 a cabo, y agradeci\u00e9ndole a La Casa Azul del Museo Frida Kahlo su importante apoyo en conmemoraci\u00f3n del 30 Aniversario de la Convenci\u00f3n sobre los Derechos del Ni\u00f1o.<\/p>\n\n\n\n<p class=\"wp-block-paragraph\">SEM\/IL<\/p>\n","protected":false},"excerpt":{"rendered":"<p>A 30 a\u00f1os de la Convenci\u00f3n sobre los Derechos del Ni\u00f1o, La Casa Azul del Museo Frida Kahlo apoya esfuerzo de UNICEF por resaltar los derechos de las ni\u00f1as en M\u00e9xico. <\/p>\n","protected":false},"author":3,"featured_media":14130,"comment_status":"open","ping_status":"open","sticky":false,"template":"","format":"standard","meta":{"_monsterinsights_skip_tracking":false,"footnotes":""},"categories":[690,51],"tags":[],"class_list":["post-14129","post","type-post","status-publish","format-standard","has-post-thumbnail","category-690","category-ejecutivo"],"_links":{"self":[{"href":"https:\/\/redsemlac.com\/semmexico\/wp-json\/wp\/v2\/posts\/14129","targetHints":{"allow":["GET"]}}],"collection":[{"href":"https:\/\/redsemlac.com\/semmexico\/wp-json\/wp\/v2\/posts"}],"about":[{"href":"https:\/\/redsemlac.com\/semmexico\/wp-json\/wp\/v2\/types\/post"}],"author":[{"embeddable":true,"href":"https:\/\/redsemlac.com\/semmexico\/wp-json\/wp\/v2\/users\/3"}],"replies":[{"embeddable":true,"href":"https:\/\/redsemlac.com\/semmexico\/wp-json\/wp\/v2\/comments?post=14129"}],"version-history":[{"count":0,"href":"https:\/\/redsemlac.com\/semmexico\/wp-json\/wp\/v2\/posts\/14129\/revisions"}],"wp:featuredmedia":[{"embeddable":true,"href":"https:\/\/redsemlac.com\/semmexico\/wp-json\/wp\/v2\/media\/14130"}],"wp:attachment":[{"href":"https:\/\/redsemlac.com\/semmexico\/wp-json\/wp\/v2\/media?parent=14129"}],"wp:term":[{"taxonomy":"category","embeddable":true,"href":"https:\/\/redsemlac.com\/semmexico\/wp-json\/wp\/v2\/categories?post=14129"},{"taxonomy":"post_tag","embeddable":true,"href":"https:\/\/redsemlac.com\/semmexico\/wp-json\/wp\/v2\/tags?post=14129"}],"curies":[{"name":"wp","href":"https:\/\/api.w.org\/{rel}","templated":true}]}}