{"id":14126,"date":"2019-11-20T20:42:28","date_gmt":"2019-11-20T20:42:28","guid":{"rendered":"https:\/\/redsemlac.com\/semmexico\/?p=14126"},"modified":"2023-07-21T15:14:30","modified_gmt":"2023-07-21T20:14:30","slug":"a-30-anos-de-la-convencion-sobre-los-derechos-del-nino-para-cada-nina-nino-y-adolescente-todos-sus-derechos","status":"publish","type":"post","link":"https:\/\/redsemlac.com\/semmexico\/a-30-anos-de-la-convencion-sobre-los-derechos-del-nino-para-cada-nina-nino-y-adolescente-todos-sus-derechos\/","title":{"rendered":"A 30 a\u00f1os de la Convenci\u00f3n sobre los Derechos del Ni\u00f1o: para cada ni\u00f1a, ni\u00f1o y adolescente, todos sus derechos"},"content":{"rendered":"\n<ul class=\"wp-block-list\"><li> <strong>En este D\u00eda Mundial del Ni\u00f1o, lugares ic\u00f3nicos de M\u00e9xico se pintan #DeAzul con el caracter\u00edstico tono de UNICEF.<\/strong> <\/li><\/ul>\n\n\n\n<p class=\"wp-block-paragraph\"><strong>Redacci\u00f3n<\/strong><\/p>\n\n\n\n<p class=\"wp-block-paragraph\">SemM\u00e9xico\/Naciones Unidas. 20 de noviembre 2019.- Ni\u00f1as, ni\u00f1os y adolescentes de todo el mundo se unir\u00e1n para llevar su voz a la cumbre mundial de la Organizaci\u00f3n de las Naciones Unidas con el prop\u00f3sito de pedir a los l\u00edderes mundiales realicen acciones que protejan y promuevan los derechos de la infancia.<\/p>\n\n\n\n<p class=\"wp-block-paragraph\">Esta cumbre es parte de las actividades que marcan el D\u00eda Mundial de la Infancia, el cual coincide este a\u00f1o con el 30 aniversario de la Convenci\u00f3n sobre los Derechos del Ni\u00f1o, el tratado de derechos humanos m\u00e1s ratificado de la historia. Ni\u00f1os y adolescentes participar\u00e1n en cumbres similares en m\u00e1s de 50 pa\u00edses, desde Armenia hasta Jordania y desde Etiop\u00eda hasta Indonesia.<\/p>\n\n\n\n<p class=\"wp-block-paragraph\">El D\u00eda Mundial de la Infancia, que se celebra el 20 de noviembre de cada a\u00f1o, tiene como objetivo crear conciencia y obtener apoyo para los millones de ni\u00f1os a quienes se les niega su derecho a una atenci\u00f3n m\u00e9dica, nutrici\u00f3n, educaci\u00f3n y protecci\u00f3n adecuadas.<\/p>\n\n\n\n<p class=\"wp-block-paragraph\">Para la celebraci\u00f3n de este a\u00f1o, todos los pa\u00edses han sido invitados a alinearse a un&nbsp;<a href=\"https:\/\/u2312891.ct.sendgrid.net\/wf\/click?upn=dgrGl83TUTGz4LhjDeCIVOoOcESkP2DsgpQDKuYjH2StJQvmX0H4C8EUG9Kwv0okjrXRJrSK6OV2Qhmn1vW4mXDn5tlv0-2BQIw3ouxrJwxiYXH9vqZrWS7ewBhk89aHnkdadspst1MaxkKcv8GOyIU9NRwmp6PXGv17-2BQvtfBhiTsjb-2FvNUU28S6rVPEDTW1z8V8pJIrbloK4EAAresj-2Bdrx72jnbiuLZS702VoSIJpqb-2FFUxCnDQzfamLEURmLp9UPQQFmnBtn2ioYG2lmVqWlhE71YXWVyMw57EDHBjquQ-3D_ofVSNaQS0HSrb3du2B5spwjE-2BPghbx635dsE4cMIjIZq3J-2Bjps4rRMqIvXraw-2FhKHCmpjTEfQSNu7eTnYu1o0Gdz6bAeswvEOtR7Bt1i7cWglQ151c9RM70X8aztqNRJM7sl-2Bp7XxUj8l2lrteiowdpJ7jhKsD8dGWUO8Prwl6hE-2FLABoMZKHKl7VPXRHkTNsdNTaTS3Pa0X79SEtOLSEBCJSrBVgLv37keM2MQQXkFnV48rqmpWAo6t4laLNw-2BB4-2B57Ma1dt7bFwL5lpoC-2FnWlpIa1n8N54PsJkkPBdj-2BJoA6-2BxSkSfE6lrMphje7yBPzwHgQu-2BxtYlVzxtJ3bEJr8yByQqP-2F1Q8xdb8vp7AXOPFJ7GKoMckF6RfTi1DG-2B-2Fffc7tQHXUt-2B1SgMCk8T6P9FtCpXsqUOw1imjd88SI3tbBpDkTUWBpyxtdxTi4wN4\">compromiso global<\/a>&nbsp;para renovar su compromiso con la Convenci\u00f3n sobre los Derechos del Ni\u00f1o e implementar estos derechos en el siglo XXI.<\/p>\n\n\n\n<p class=\"wp-block-paragraph\">\u201cEl D\u00eda Mundial del Ni\u00f1o es una oportunidad para que los tomadores de decisiones y la sociedad en general atiendan el llamado urgente de las ni\u00f1as, ni\u00f1os y adolescentes en M\u00e9xico. Este a\u00f1o es a\u00fan m\u00e1s especial por su coincidencia con los 30 a\u00f1os de la Convenci\u00f3n sobre los Derechos del Ni\u00f1o. Desde la ratificaci\u00f3n de este instrumento se ha logrado un gran avance para los ni\u00f1os, ni\u00f1as y adolescentes. Sin embargo, muchos de ellos, los m\u00e1s vulnerables, a\u00fan no han sentido su impacto. Por ello es importante recordar que todos tienen derechos sin importar d\u00f3nde vivan o qui\u00e9nes sean\u201d, dijo Christian Skoog, Representante de UNICEF M\u00e9xico.<\/p>\n\n\n\n<p class=\"wp-block-paragraph\">Entre las actividades que enmarcar\u00e1n el aniversario de la Convenci\u00f3n este 20 de noviembre est\u00e1n:<\/p>\n\n\n\n<ul class=\"wp-block-list\"><li>En un acto simb\u00f3lico por los derechos de los ni\u00f1os, lugares emblem\u00e1ticos de todo el mundo se pintar\u00e1n #DeAzul, recordando al color cyan caracter\u00edstico de UNICEF. Algunas de las sedes para esta actividad son el Parlamento Europeo en Bruselas, la Torre de Shanghai en China, el Pante\u00f3n en Francia, la Acr\u00f3polis de Atenas en Grecia, el Palacio de la Paz en La Haya, Pa\u00edses Bajos, Rashtrapati Bhavan en India, Petra en Jordania,<strong>&nbsp;La Casa Azul de Frida Kahlo<\/strong>&nbsp;en M\u00e9xico, Mezquita Al Noor en Christchurch, Nueva Zelanda, el Canal de Panam\u00e1 en Panam\u00e1, Monumento al Renacimiento africano en Senegal y Los puentes sobre el B\u00f3sforo en Turqu\u00eda.<\/li><li>Se llevar\u00e1n a cabo varias colaboraciones con&nbsp;<strong>Voceros y Embajadores Juveniles<\/strong>&nbsp;como parte de las celebraciones del D\u00eda Mundial del Ni\u00f1o:<\/li><\/ul>\n\n\n\n<p class=\"wp-block-paragraph\"><strong>&nbsp; &nbsp;Voceros Juveniles:<\/strong><\/p>\n\n\n\n<ul class=\"wp-block-list\"><li>Grupo musical, V\u00e1zquez Sounds (\u00c1ngela V\u00e1zquez, 18, Abelardo V\u00e1squez, 23, Gustavo V\u00e1zquez, 21),&nbsp;<strong>M\u00e9xico<\/strong><\/li><li>Ismail Izzani, 19, Cantante, Malaysia<\/li><li>Leoshina Mercedes Kariha, 19, Miss Papua Nueva Guinea y Miss Pacific Islands, 2018, Papua New Guinea<\/li><li>Manara Asad, 24, Emprendedor, Sudan<\/li><li>Maria Vit\u00f3ria da Costa Borges (conocida como \u00a8Marvi\u00a8), 18, Cantante, Timor-Leste<\/li><\/ul>\n\n\n\n<p class=\"wp-block-paragraph\">A lo largo del a\u00f1o y a la par de la celebraci\u00f3n del 30 aniversario de la Convenci\u00f3n, UNICEF realiz\u00f3 diversas acciones para hacer visible la situaci\u00f3n de las ni\u00f1as, ni\u00f1os y adolescentes en el mundo:<\/p>\n\n\n\n<ul class=\"wp-block-list\"><li>En<strong>&nbsp;M\u00e9xico<\/strong>, la exposici\u00f3n ilustrada de la Convenci\u00f3n sobre los Derechos del Ni\u00f1o, tuvo como primera sede el Paseo Heroico de Chapultepec y continua su itinerancia en espacios como el Centro Nacional de las Artes en la Ciudad de M\u00e9xico, adem\u00e1s de los estados de Guadalajara, Michoac\u00e1n y Veracruz. As\u00ed mismo, se realiz\u00f3 el vuelo del primer Globo de UNICEF como recordatorio visual para reflexionar sobre los derechos de la infancia en M\u00e9xico.<\/li><li>En Noruega, UNICEF ha colaborado con el Instituto Europeo de Bioinform\u00e1tica de EMBL, para codificar la Convenci\u00f3n sobre los Derechos del Ni\u00f1o en ADN sint\u00e9tico. El ADN resultante se almacenar\u00e1 bajo permafrost en el Archivo del Mundo \u00c1rtico en Svalbard, lo que convierte a la Convenci\u00f3n en el primer documento del mundo que se almacena de esta manera y lo asegura durante millones de a\u00f1os. La secuencia de ADN para la Convenci\u00f3n tambi\u00e9n estar\u00e1 disponible en el Archivo Europeo de Nucle\u00f3tidos como prueba de autenticidad.<\/li><li>Asimismo UNICEF<strong>&nbsp;Noruega&nbsp;<\/strong>ha colaborado con&nbsp;<strong>Kahoot!<\/strong>, una plataforma de aprendizaje basada en juegos, muy popular entre los maestros de todo el mundo, para desarrollar y lanzar tres juegos de la Convenci\u00f3n sobre los Derechos del Ni\u00f1o. Los juegos est\u00e1n disponibles en 17 idiomas y cualquiera puede acceder a ellos a trav\u00e9s de Kahoot! en su sitio web o aplicaci\u00f3n m\u00f3vil.<\/li><li>Para que los j\u00f3venes se diviertan y aprendan m\u00e1s sobre sus derechos, la oficina regional de UNICEF para&nbsp;<strong>Am\u00e9rica Latina y el Caribe<\/strong>&nbsp;ha creado una aplicaci\u00f3n de juego en el celular,&nbsp;<em><strong>Right Runner<\/strong><\/em>, en donde cada nivel destaca un derecho espec\u00edfico de la Convenci\u00f3n sobre los Derechos del Ni\u00f1o. Est\u00e1 disponible para descargar globalmente en ingl\u00e9s y espa\u00f1ol a trav\u00e9s de Google Play y Apple Store.<\/li><\/ul>\n\n\n\n<p class=\"wp-block-paragraph\">Este 20 de noviembre UNICEF llama a todas las personas para que alcen su voz en solidaridad con los ni\u00f1os m\u00e1s desfavorecidos y vulnerables ayudando a \u2018hacer que el mundo sea azul\u2019, vistiendo algo azul en la escuela, en las calles, en las redes sociales, en las salas de juntas y en campos deportivos.<\/p>\n\n\n\n<p class=\"wp-block-paragraph\">SEM\/IL<\/p>\n","protected":false},"excerpt":{"rendered":"<p>En este D\u00eda Mundial del Ni\u00f1o, lugares ic\u00f3nicos de M\u00e9xico se pintan #DeAzul con el caracter\u00edstico tono de UNICEF. <\/p>\n","protected":false},"author":3,"featured_media":14127,"comment_status":"open","ping_status":"open","sticky":false,"template":"","format":"standard","meta":{"_monsterinsights_skip_tracking":false,"footnotes":""},"categories":[690,53],"tags":[],"class_list":["post-14126","post","type-post","status-publish","format-standard","has-post-thumbnail","category-690","category-internacional"],"_links":{"self":[{"href":"https:\/\/redsemlac.com\/semmexico\/wp-json\/wp\/v2\/posts\/14126","targetHints":{"allow":["GET"]}}],"collection":[{"href":"https:\/\/redsemlac.com\/semmexico\/wp-json\/wp\/v2\/posts"}],"about":[{"href":"https:\/\/redsemlac.com\/semmexico\/wp-json\/wp\/v2\/types\/post"}],"author":[{"embeddable":true,"href":"https:\/\/redsemlac.com\/semmexico\/wp-json\/wp\/v2\/users\/3"}],"replies":[{"embeddable":true,"href":"https:\/\/redsemlac.com\/semmexico\/wp-json\/wp\/v2\/comments?post=14126"}],"version-history":[{"count":0,"href":"https:\/\/redsemlac.com\/semmexico\/wp-json\/wp\/v2\/posts\/14126\/revisions"}],"wp:featuredmedia":[{"embeddable":true,"href":"https:\/\/redsemlac.com\/semmexico\/wp-json\/wp\/v2\/media\/14127"}],"wp:attachment":[{"href":"https:\/\/redsemlac.com\/semmexico\/wp-json\/wp\/v2\/media?parent=14126"}],"wp:term":[{"taxonomy":"category","embeddable":true,"href":"https:\/\/redsemlac.com\/semmexico\/wp-json\/wp\/v2\/categories?post=14126"},{"taxonomy":"post_tag","embeddable":true,"href":"https:\/\/redsemlac.com\/semmexico\/wp-json\/wp\/v2\/tags?post=14126"}],"curies":[{"name":"wp","href":"https:\/\/api.w.org\/{rel}","templated":true}]}}