{"id":14092,"date":"2019-11-20T01:53:28","date_gmt":"2019-11-20T01:53:28","guid":{"rendered":"https:\/\/redsemlac.com\/semmexico\/?p=14092"},"modified":"2023-07-21T15:14:31","modified_gmt":"2023-07-21T20:14:31","slug":"oaxaca-88","status":"publish","type":"post","link":"https:\/\/redsemlac.com\/semmexico\/oaxaca-88\/","title":{"rendered":"Violencia contra mujeres, grandes ausentes en informe de gobierno"},"content":{"rendered":"\n<p class=\"wp-block-paragraph\">* <strong>OSC se\u00f1alan que hay incapacidad para salvaguardar la vida de las oaxaque\u00f1as<\/strong><\/p>\n\n\n\n<p class=\"wp-block-paragraph\">* <strong>Las fiestas son la prioridad, no la seguridad de las personas<\/strong><\/p>\n\n\n\n<p class=\"wp-block-paragraph\"><strong>Soledad Jarqu\u00edn Edgar<\/strong><\/p>\n\n\n\n<p class=\"wp-block-paragraph\">SemM\u00e9xico, Oaxaca, 19 noviembre 2019.- El recuento real de la violencia contra las mujeres y las acciones que habr\u00eda emprendido el gobierno estatal para contrarrestar la impunidad, son los grandes ausentes en el III informe de Gobierno de Alejandro Murat Hinojosa, esto de acuerdo con representantes de organizaciones civiles defensoras de los derechos humanos de Oaxaca, quienes sostienen que el silencio es contundente si se trata de las 371 mujeres asesinadas en los tres a\u00f1os del actual gobierno.<\/p>\n\n\n\n<ul class=\"wp-block-gallery columns-3 is-cropped wp-block-gallery-1 is-layout-flex wp-block-gallery-is-layout-flex\"><li class=\"blocks-gallery-item\"><figure><img loading=\"lazy\" decoding=\"async\" width=\"620\" height=\"350\" src=\"https:\/\/redsemlac.com\/semmexico\/wp-content\/uploads\/2019\/11\/OSC-1.jpg\" alt=\"\" data-id=\"14093\" data-link=\"https:\/\/redsemlac.com\/semmexico\/?attachment_id=14093\" class=\"wp-image-14093\"\/><figcaption> Erika Lil\u00ed D\u00edaz Cruz <\/figcaption><\/figure><\/li><li class=\"blocks-gallery-item\"><figure><img loading=\"lazy\" decoding=\"async\" width=\"281\" height=\"300\" src=\"https:\/\/redsemlac.com\/semmexico\/wp-content\/uploads\/2019\/11\/OSC-2.png\" alt=\"\" data-id=\"14094\" data-link=\"https:\/\/redsemlac.com\/semmexico\/?attachment_id=14094\" class=\"wp-image-14094\"\/><figcaption> Ang\u00e9lica Ayala Ortiz <\/figcaption><\/figure><\/li><li class=\"blocks-gallery-item\"><figure><img loading=\"lazy\" decoding=\"async\" width=\"257\" height=\"261\" src=\"https:\/\/redsemlac.com\/semmexico\/wp-content\/uploads\/2019\/11\/OSC-3.png\" alt=\"\" data-id=\"14095\" data-link=\"https:\/\/redsemlac.com\/semmexico\/?attachment_id=14095\" class=\"wp-image-14095\"\/><figcaption> Elizabeth P\u00e9rez Castro <\/figcaption><\/figure><\/li><\/ul>\n\n\n\n<p class=\"wp-block-paragraph\">Erika Lil\u00ed D\u00edaz Cruz, presidenta de Luna del Sur; la activista Elizabeth P\u00e9rez Castro y la presidenta del Grupo de Estudios de la \u201cMujer Rosario Castellanos\u201d, Ang\u00e9lica Ayala Ortiz, refieren por separado que las supuestas acciones para prevenir, atender, sancionar y erradicar la violencia contra las mujeres no han dado resultados, hay incapacidad y congruencia, as\u00ed como falta de voluntad para reconocer errores, exponen y hacen un recuento del viacrucis que pasan las v\u00edctimas para, en su caso, obtener justicia, contraviniendo la normatividad internacional que existe al respecto.<\/p>\n\n\n\n<p class=\"wp-block-paragraph\"><strong>La impunidad&nbsp;<\/strong><\/p>\n\n\n\n<p class=\"wp-block-paragraph\">D\u00edaz Cruz sostiene que el III Informe de Gobierno deja entrever la impunidad.<\/p>\n\n\n\n<p class=\"wp-block-paragraph\">La presidenta de la organizaci\u00f3n que da acompa\u00f1amiento jur\u00eddico a v\u00edctimas de violencia feminicida indica que acudir con una denuncia ante la Fiscal\u00eda General del Estado, como a la Especializada para la Atenci\u00f3n a Delitos Contra la Mujer por Raz\u00f3n de G\u00e9nero, es descubrir que todav\u00eda es peor, porque aunque llegan a denunciar salen criminalizadas, pues los Ministerios P\u00fablicos en lugar de investigar a los victimarios y sus delitos, investigan a las v\u00edctimas.<\/p>\n\n\n\n<p class=\"wp-block-paragraph\">Se les cuestiona de \u201cconductas reprochables\u201d, que han \u201cinventado las cosas\u201d y que en realidad necesitan atenci\u00f3n psiqui\u00e1trica porque tienen \u201cdoble personalidad y est\u00e1n enga\u00f1ando a la autoridad\u201d, prejuicios &#8211; basado en roles y estereotipos de g\u00e9nero-, siguen siendo lineamientos no escritos en la atenci\u00f3n a mujeres, que se quedan dentro de las cadenas de custodia.<\/p>\n\n\n\n<p class=\"wp-block-paragraph\">Esto representa una terrible amenaza, ya que, si el caso llega a judicializarse, se va con toda esa informaci\u00f3n y como dicen a qui\u00e9nes son se\u00f1alados por delitos: \u00abtodo lo que digas ser\u00e1 usado en tu contra\u00bb.<\/p>\n\n\n\n<p class=\"wp-block-paragraph\">D\u00edaz Cruz refiere que el III Informe de Gobierno omite cu\u00e1ntos procesos son iniciados por delitos por violencia de g\u00e9nero, ya que no existe tal categor\u00eda en los tipos penales; tampoco informa cu\u00e1ntos casos de violencia familiar llegan a ser \u00absuspendidos condicionalmente a favor de los agresores\u00bb. Y, por otra parte, tampoco indica que acciones se implementan para detener los asesinatos de mujeres, \u201cni una sola menci\u00f3n\u201d.<\/p>\n\n\n\n<p class=\"wp-block-paragraph\">Y es que, acus\u00f3, no hay inversi\u00f3n en herramientas de investigaci\u00f3n contra este grave delito y esto se puede comprobar en los resultados. Esta condici\u00f3n y otras, a\u00f1ade, abonan a la imposibilidad de para la violencia de g\u00e9nero, provoca que los agresores salgan ri\u00e9ndose de las audiencias de control, en donde les conceden planes para reeducarse, as\u00ed como irrisorios pagos de reparaciones del da\u00f1o.<\/p>\n\n\n\n<p class=\"wp-block-paragraph\">Todo ello, le resta valor a las leyes y tratados internacionales en materia de v\u00edctimas, mujeres, ni\u00f1as y ni\u00f1os, aduciendo \u00ablas bondades\u00bb del nuevo sistema de justicia que permite \u00abexitosamente\u00bb el arreglo entre las partes, sin llegar a la reparaci\u00f3n integral del da\u00f1o ni condiciones que garanticen la no repetici\u00f3n de actos de violencia.<\/p>\n\n\n\n<p class=\"wp-block-paragraph\"><strong>Ferias y guelaguetzas<\/strong><\/p>\n\n\n\n<p class=\"wp-block-paragraph\">Elizabeth P\u00e9rez Castro consider\u00f3 que el tercer informe es subjetivo, omiso, carente de resultados tangibles y reales; adem\u00e1s abona a la desinformaci\u00f3n y exhibe las carencias de un gobierno que prefiere negar lo evidente, y lo evidente es que las oaxaque\u00f1as viven en la indefensi\u00f3n ante un Estado omiso que prefiere hacer ferias y guelaguetzas, antes que reconocer la inseguridad en que las y los oaxaque\u00f1os viven.<\/p>\n\n\n\n<p class=\"wp-block-paragraph\">Calific\u00f3 como grave la omisi\u00f3n de los asesinatos de mujeres en Oaxaca en la primera mitad del gobierno de Murat Hinojosa. \u201cNi el Gobernador ni la Secretaria Ana V\u00e1zquez Colmenares han sido capaces de implementar acciones que contribuyan a erradicar la violencia contra las mujeres, la Alerta de Violencia de G\u00e9nero es pr\u00e1cticamente inoperante y los nueve millones 945 mil 616 pesos que recibi\u00f3 el estado a trav\u00e9s de CONAVIM, tienen el efecto esperado\u201d.<\/p>\n\n\n\n<p class=\"wp-block-paragraph\">P\u00e9rez Castro, quien ha realizado publicado diversos an\u00e1lisis sobre la violencia pol\u00edtica en Oaxaca, se refiri\u00f3 a los procesos de elecci\u00f3n de gobernantes por el sistema normativo interno que se llevan a cabo actualmente, en los que podremos observar si realmente existe voluntad pol\u00edtica para impulsar el respeto a los derechos pol\u00edticos de las mujeres.<\/p>\n\n\n\n<p class=\"wp-block-paragraph\">Se\u00f1al\u00f3 que para el gobernante es mejor hablar de \u201cinversiones rimbombantes\u201d, que a detalle revelan, como en el caso de Cr\u00e9dito para Mujeres, que son una burla, insuficientes para abatir el rezago y la pobreza, pero lo que es peor a\u00fan, agreg\u00f3, es que a eso le llaman \u201cempoderamiento econ\u00f3mico\u201d.<\/p>\n\n\n\n<p class=\"wp-block-paragraph\"><strong>Incapacidad y falta de incidencia real<\/strong><\/p>\n\n\n\n<p class=\"wp-block-paragraph\">Por su parte, la presidenta del GES Mujer, Ang\u00e9lica Ayala Ortiz sostuvo que con 371 mujeres y ni\u00f1as asesinadas de manera violenta en primeros tres a\u00f1os del gobernador Alejandro Murat revelan que en Oaxaca lo que persiste es una gran deuda con las oaxaque\u00f1as.<\/p>\n\n\n\n<p class=\"wp-block-paragraph\">Record\u00f3 en esta administraci\u00f3n se declar\u00f3 la Alerta por Violencia de G\u00e9nero, en agosto de 2018, desde entonces se contabilizan 156 mujeres y ni\u00f1as a quienes se les violentaron los derechos fundamentales a la seguridad, la libertad y su derecho a la vida.&nbsp;<\/p>\n\n\n\n<p class=\"wp-block-paragraph\">Cada a\u00f1o esa cifra se incrementa: en 2017 el registro fue de 117 casos, en el 2018 se increment\u00f3 a 123 y a m\u00e1s de un mes de concluir este a\u00f1o ya se contabilizan 122 casos, lo que significa que existe el riesgo de que el 2019 sea el m\u00e1s violento en lo que va de su administraci\u00f3n.<\/p>\n\n\n\n<p class=\"wp-block-paragraph\">Eso nos deja claro que las acciones de gobierno emprendidas en materia de prevenci\u00f3n, atenci\u00f3n, sanci\u00f3n y erradicaci\u00f3n de la violencia hacia las mujeres no han dado resultados.&nbsp;<\/p>\n\n\n\n<p class=\"wp-block-paragraph\">Sin embargo, abund\u00f3 Ayala Ortiz, lo m\u00e1s preocupante es la apropiaci\u00f3n de un discurso con enfoque de g\u00e9nero, pero vac\u00edo de contenidos, estrategias, recursos, monitoreo y evaluaci\u00f3n de resultados.&nbsp;<\/p>\n\n\n\n<p class=\"wp-block-paragraph\">\u201cNo basta que en cada instancia de la administraci\u00f3n estatal se hayan definido unidades de g\u00e9nero, \u00e1reas especializadas de g\u00e9nero y que casi 400 instancias municipales de las mujeres est\u00e9n operando, porque la realidad muestra que no hay una incidencia\u201d.<\/p>\n\n\n\n<p class=\"wp-block-paragraph\">La presidenta del GES Mujer afirm\u00f3 que una pol\u00edtica p\u00fablica que es incapaz de salvaguardar el derecho a la vida de las ni\u00f1as y mujeres oaxaque\u00f1as, requiere por principio, mostrar voluntad para reconocer sus errores y disposici\u00f3n para actuar en consecuencia, m\u00e1s all\u00e1 de los discursos, se requieren acciones de gobierno que protejan el derecho a una vida libre de todas las formas de violencia para las ni\u00f1as y las mujeres, incluyendo la violencia feminicida.<\/p>\n\n\n\n<p class=\"wp-block-paragraph\">SEM\/sj<\/p>\n","protected":false},"excerpt":{"rendered":"<p>OSC se\u00f1alan que hay incapacidad para salvaguardar la vida de las oaxaque\u00f1as<\/p>\n","protected":false},"author":3,"featured_media":14096,"comment_status":"open","ping_status":"open","sticky":false,"template":"","format":"standard","meta":{"_monsterinsights_skip_tracking":false,"footnotes":""},"categories":[690,54],"tags":[],"class_list":["post-14092","post","type-post","status-publish","format-standard","has-post-thumbnail","category-690","category-mujeres"],"_links":{"self":[{"href":"https:\/\/redsemlac.com\/semmexico\/wp-json\/wp\/v2\/posts\/14092","targetHints":{"allow":["GET"]}}],"collection":[{"href":"https:\/\/redsemlac.com\/semmexico\/wp-json\/wp\/v2\/posts"}],"about":[{"href":"https:\/\/redsemlac.com\/semmexico\/wp-json\/wp\/v2\/types\/post"}],"author":[{"embeddable":true,"href":"https:\/\/redsemlac.com\/semmexico\/wp-json\/wp\/v2\/users\/3"}],"replies":[{"embeddable":true,"href":"https:\/\/redsemlac.com\/semmexico\/wp-json\/wp\/v2\/comments?post=14092"}],"version-history":[{"count":0,"href":"https:\/\/redsemlac.com\/semmexico\/wp-json\/wp\/v2\/posts\/14092\/revisions"}],"wp:featuredmedia":[{"embeddable":true,"href":"https:\/\/redsemlac.com\/semmexico\/wp-json\/wp\/v2\/media\/14096"}],"wp:attachment":[{"href":"https:\/\/redsemlac.com\/semmexico\/wp-json\/wp\/v2\/media?parent=14092"}],"wp:term":[{"taxonomy":"category","embeddable":true,"href":"https:\/\/redsemlac.com\/semmexico\/wp-json\/wp\/v2\/categories?post=14092"},{"taxonomy":"post_tag","embeddable":true,"href":"https:\/\/redsemlac.com\/semmexico\/wp-json\/wp\/v2\/tags?post=14092"}],"curies":[{"name":"wp","href":"https:\/\/api.w.org\/{rel}","templated":true}]}}