{"id":14071,"date":"2019-11-19T18:43:47","date_gmt":"2019-11-19T18:43:47","guid":{"rendered":"https:\/\/redsemlac.com\/semmexico\/?p=14071"},"modified":"2023-07-21T15:14:32","modified_gmt":"2023-07-21T20:14:32","slug":"jalisco-15","status":"publish","type":"post","link":"https:\/\/redsemlac.com\/semmexico\/jalisco-15\/","title":{"rendered":"Fiscal insta a diputados a intervenir ante la federaci\u00f3n para uso de brazaletes en agresores"},"content":{"rendered":"\n<ul class=\"wp-block-list\"><li><strong>Gobierno de Arist\u00f3teles dej\u00f3 rezago de 4 mil \u00f3rdenes de protecci\u00f3n.<\/strong><\/li><\/ul>\n\n\n\n<p class=\"wp-block-paragraph\"><strong>Analy S. Nu\u00f1o<\/strong><\/p>\n\n\n\n<p class=\"wp-block-paragraph\">SemM\u00e9xico, Guadalajara, Jalisco. 19 de noviembre de 2019.- El fiscal general de Jalisco, Gerardo Octavio Sol\u00eds, pidi\u00f3 la intervenci\u00f3n del Congreso del Estado ante la federaci\u00f3n para concretar una reforma al C\u00f3digo Nacional de Procedimientos Penales para permitir la colocaci\u00f3n de brazaletes a agresores de mujeres.<\/p>\n\n\n\n<p class=\"wp-block-paragraph\">Durante su comparecencia en la glosa correspondiente al primer Informe de Gobierno, el Fiscal del Jalisco fue cuestionado por la diputada pri\u00edsta Sof\u00eda Garc\u00eda Mosqueda sobre los avances para la aplicaci\u00f3n de un sistema electr\u00f3nico de monitoreo de agresores de mujeres, pues en febrero se aprobaron las reformas a la ley estatal para permitir la colocaci\u00f3n de estos dispositivos.<\/p>\n\n\n\n<p class=\"wp-block-paragraph\">Al respecto, aunque mostr\u00f3 cierto desconocimiento del orden estatal aprobado, Sol\u00eds dijo que requieren de algunas modificaciones en ordenamientos legales \u201cal menos probablemente del orden estatal, pero ayudar\u00eda mucho uno del orden federal\u201d debido a que las ordenes de protecci\u00f3n est\u00e1n reguladas en el C\u00f3digo Nacional de Procedimientos Penales en el que un art\u00edculo que establece al menos 12 medidas de protecci\u00f3n,&nbsp;&nbsp;de las cuales las primeras 4 son medidas de protecci\u00f3n que se otorgan bajo control judicial y las otras son bajo responsabilidad del Ministerio P\u00fablico ordenarlas.<\/p>\n\n\n\n<p class=\"wp-block-paragraph\">\u201cAqu\u00ed lo que necesitar\u00edamos es la voluntad de los legisladores federales, cosa que ustedes tienen buen contacto con ellos y seguramente encontrar\u00edan buena recepci\u00f3n y acogida, en este sentido si pudi\u00e9ramos lograr que se integre al C\u00f3digo Nacional de Procedimientos Penales est\u00e1 formula como medida de protecci\u00f3n dentro de las primeras que establecen control judicial equivaldr\u00eda a que cuando realmente haya un peligro por dem\u00e1s evidente, patente, latente, que sea entre otras cosas palpable, el Ministerio P\u00fablico interpondr\u00eda la medida y tendr\u00eda 3 o 5 d\u00edas para acudir a control judicial para que el juez la confirme y entonces ya permanezca por un tiempo indeterminado\u201d.<\/p>\n\n\n\n<p class=\"wp-block-paragraph\">Asegur\u00f3 que el uso de estos dispositivos la ven \u201cbien\u201d en la medida que se puedan aprovechar todos los avances tecnol\u00f3gicos para no solo proteger a las mujeres sino anticiparse al acercamiento de cualquier hombre violento a una mujer que goza de una medida de protecci\u00f3n.<\/p>\n\n\n\n<p class=\"wp-block-paragraph\">\u201cLo vemos bien, nada m\u00e1s con las modificaciones legislativas para que no lleguemos ante un juez y la medida vaya para abajo\u201d.<\/p>\n\n\n\n<p class=\"wp-block-paragraph\">De acuerdo con el Fiscal General de Jalisco, de concretarse esa medida junto con la obtenci\u00f3n de una bolsa de recursos se podr\u00eda reforzar el uso del bot\u00f3n de p\u00e1nico a fin de que las autoridades correspondientes acudan de inmediato en caso de que una mujer este en riesgo.<\/p>\n\n\n\n<p class=\"wp-block-paragraph\">Respecto al incremento en los feminicidios, reconoci\u00f3 que la cifra ha ido a la alza: \u201cen efecto est\u00e1 subiendo la cifra, estamos aplicando rigurosamente el protocolo en todos y cada uno de los casos donde pierde la vida una mujer, y en ese sentido tambi\u00e9n estamos empe\u00f1ados no solo en eso sino en modificar las cifras cuando as\u00ed sucede, tenemos algunos delitos que nos tardamos a veces un mes, dos o tres meses en confirmar que se trata de un feminicidio, modificamos la cifra y as\u00ed lo informamos\u201d.<\/p>\n\n\n\n<p class=\"wp-block-paragraph\"><strong>Heredan rezago de 4 mil \u00f3rdenes de protecci\u00f3n<\/strong><\/p>\n\n\n\n<p class=\"wp-block-paragraph\">M\u00e1s de 4 mil \u00f3rdenes de protecci\u00f3n no fueron notificadas en tiempo durante la administraci\u00f3n pasada en Jalisco, asegur\u00f3 el Fiscal General, Gerardo Octavio Sol\u00eds qui\u00e9n refiri\u00f3 el rezago en los procedimientos imposibilit\u00f3 la entrega del 50 por ciento de las notificaciones.<\/p>\n\n\n\n<p class=\"wp-block-paragraph\">Durante su comparecencia en la glosa correspondiente al primer Informe de Gobierno, el funcionario estatal explic\u00f3 que ante el rezago se puso en marcha un programa emergente para notificar a los agresores sobre el procedimiento, no obstante no fue posible localizarlos por la temporalidad del mismo.<\/p>\n\n\n\n<p class=\"wp-block-paragraph\">\u201cFueron visitados los domicilios y en m\u00e1s o menos el 50 por ciento lograron notificarse, en el otro 50 por ciento no se logr\u00f3 la notificaci\u00f3n porque el agresor cambio de domicilio o en su defecto fue ocultado por algunos familiares, sin embargo, est\u00e1s ordenes se siguen trabajando de manera met\u00f3dica y permanente. Se llev\u00f3 a cabo un programa emergente m\u00e1s o menos de 2 meses para tratar de combatir el rezago y ahora estamos trabajando con un poco de menos rezago ya con una direcci\u00f3n espec\u00edfica para el tema de \u00f3rdenes de protecci\u00f3n\u201d.<\/p>\n\n\n\n<p class=\"wp-block-paragraph\">El funcionario estatal aprovech\u00f3 su comparecencia ante los legisladores para exhortarlos a impulsar una propuesta para incrementar la pena de c\u00e1rcel aquellos agresores que no respeten la orden de protecci\u00f3n.<\/p>\n\n\n\n<p class=\"wp-block-paragraph\">\u201cQue aquel que violente eso tenga una pena no de dos meses, no de tres meses, sino un poco m\u00e1s severo que nos permita a nosotros llevar a cabo la integraci\u00f3n de una carpeta de manera r\u00e1pida con dos o tres elementos de prueba para poder judicializar\u201d.<\/p>\n\n\n\n<p class=\"wp-block-paragraph\">Al respecto, la diputada Sof\u00eda Garc\u00eda Mosqueda le inform\u00f3 que ya se trabaja una propuesta en ese sentido.&nbsp;<\/p>\n\n\n\n<p class=\"wp-block-paragraph\"><strong>En n\u00fameros:<\/strong><\/p>\n\n\n\n<p class=\"wp-block-paragraph\">Unidad Especializada en Investigaci\u00f3n de Feminicidio<\/p>\n\n\n\n<p class=\"wp-block-paragraph\">36 carpetas iniciadas (37 v\u00edctimas) con 20 judicializadas (56%)<\/p>\n\n\n\n<p class=\"wp-block-paragraph\">29 presuntos feminicidas detenidos de enero a septiembre de 2019<\/p>\n\n\n\n<p class=\"wp-block-paragraph\">Centro de Justicia para las Mujeres<\/p>\n\n\n\n<p class=\"wp-block-paragraph\">6,666 consejer\u00edas<\/p>\n\n\n\n<p class=\"wp-block-paragraph\">5,270 acompa\u00f1amientos para presentar denuncia<\/p>\n\n\n\n<p class=\"wp-block-paragraph\">2,867 traslados a parte m\u00e9dico<\/p>\n\n\n\n<p class=\"wp-block-paragraph\">13,235 atenciones m\u00e9dicas<\/p>\n\n\n\n<p class=\"wp-block-paragraph\">1,880 aplicaciones de la Norma 046<\/p>\n\n\n\n<p class=\"wp-block-paragraph\">1,725 orientaciones jur\u00eddicas externas<\/p>\n\n\n\n<p class=\"wp-block-paragraph\">3,688 apoyos para atenci\u00f3n psicol\u00f3gica y psiqui\u00e1trica<\/p>\n\n\n\n<p class=\"wp-block-paragraph\">1,568 participantes en talleres de prevenci\u00f3n<\/p>\n\n\n\n<p class=\"wp-block-paragraph\">3.5 mdp para adecuaciones y remodelaciones<br><\/p>\n","protected":false},"excerpt":{"rendered":"<p>Gobierno de Arist\u00f3teles dej\u00f3 rezago de 4 mil \u00f3rdenes de protecci\u00f3n.<\/p>\n","protected":false},"author":3,"featured_media":14072,"comment_status":"open","ping_status":"open","sticky":false,"template":"","format":"standard","meta":{"_monsterinsights_skip_tracking":false,"footnotes":""},"categories":[690,51],"tags":[],"class_list":["post-14071","post","type-post","status-publish","format-standard","has-post-thumbnail","category-690","category-ejecutivo"],"_links":{"self":[{"href":"https:\/\/redsemlac.com\/semmexico\/wp-json\/wp\/v2\/posts\/14071","targetHints":{"allow":["GET"]}}],"collection":[{"href":"https:\/\/redsemlac.com\/semmexico\/wp-json\/wp\/v2\/posts"}],"about":[{"href":"https:\/\/redsemlac.com\/semmexico\/wp-json\/wp\/v2\/types\/post"}],"author":[{"embeddable":true,"href":"https:\/\/redsemlac.com\/semmexico\/wp-json\/wp\/v2\/users\/3"}],"replies":[{"embeddable":true,"href":"https:\/\/redsemlac.com\/semmexico\/wp-json\/wp\/v2\/comments?post=14071"}],"version-history":[{"count":0,"href":"https:\/\/redsemlac.com\/semmexico\/wp-json\/wp\/v2\/posts\/14071\/revisions"}],"wp:featuredmedia":[{"embeddable":true,"href":"https:\/\/redsemlac.com\/semmexico\/wp-json\/wp\/v2\/media\/14072"}],"wp:attachment":[{"href":"https:\/\/redsemlac.com\/semmexico\/wp-json\/wp\/v2\/media?parent=14071"}],"wp:term":[{"taxonomy":"category","embeddable":true,"href":"https:\/\/redsemlac.com\/semmexico\/wp-json\/wp\/v2\/categories?post=14071"},{"taxonomy":"post_tag","embeddable":true,"href":"https:\/\/redsemlac.com\/semmexico\/wp-json\/wp\/v2\/tags?post=14071"}],"curies":[{"name":"wp","href":"https:\/\/api.w.org\/{rel}","templated":true}]}}