{"id":14068,"date":"2019-11-19T18:39:56","date_gmt":"2019-11-19T18:39:56","guid":{"rendered":"https:\/\/redsemlac.com\/semmexico\/?p=14068"},"modified":"2023-07-21T15:14:32","modified_gmt":"2023-07-21T20:14:32","slug":"muxe-zapoteca-en-la-proxima-portada-de-vogue-mexico","status":"publish","type":"post","link":"https:\/\/redsemlac.com\/semmexico\/muxe-zapoteca-en-la-proxima-portada-de-vogue-mexico\/","title":{"rendered":"Muxe zapoteca en la pr\u00f3xima portada de Vogue M\u00e9xico"},"content":{"rendered":"\n<ul class=\"wp-block-list\"><li> Estrella V\u00e1squez emblem\u00e1tica activista fue fotografiada por Tim Wlaker<\/li><li>Una forma de mostrar la dualidad en M\u00e9xico<\/li><\/ul>\n\n\n\n<p class=\"wp-block-paragraph\"><strong>Patricia Brise\u00f1o<\/strong><br>SemM\u00e9xico, Oaxaca, 19 noviembre 2019.- La revista Vogue M\u00e9xico\u00a0 adelant\u00f3 parte de su contenido de diciembre 2019 donde llevar\u00e1 en la portada la fotograf\u00eda de Estrella V\u00e1squez, muxe originaria de Juchit\u00e1n de Zaragoza, Oaxaca, captada por la lente del fot\u00f3grafo brit\u00e1nico Tim Walker.<br><\/p>\n\n\n\n<p class=\"wp-block-paragraph\">Extendiendo su edici\u00f3n por el 20 aniversario, la publicaci\u00f3n di\u00f3 a conocer \u2013por sus redes sociales&#8211; que mostrar\u00e1 la dualidad de la cultura nacional, a trav\u00e9s del talento y los colores que distinguen a los muxes (homosexuales) zapotecas de la regi\u00f3n del Istmo.<br><\/p>\n\n\n\n<p class=\"wp-block-paragraph\">Felina Santiago Valdivieso, muxe y activista destac\u00f3 que la invitaci\u00f3n de la publicaci\u00f3n internacional es resultado de a\u00f1os de trabajo por visibilizar a la comunidad muxe en distintos foros dentro y fuera del pa\u00eds.<br>\u201cFuimos 13 compa\u00f1eras muxes invitadas a participar en la sesi\u00f3n de fotograf\u00edas en la Ciudad de M\u00e9xico. Llegaron\u00a0 Biniz\u00e1 Carrillo, Kika God\u00ednez, Ang\u00e9lica Jim\u00e9nez , Cony Canseco, Almendra Valdivieso, Gema L\u00f3pez, Yovana Sody y Estrella V\u00e1squez, entre otras\u201d.<br><\/p>\n\n\n\n<p class=\"wp-block-paragraph\">La tambi\u00e9n\u00a0 presidenta de la sociedad de la Vela de las Aut\u00e9nticas Intr\u00e9pidas Buscadoras del Peligro consider\u00f3 que nunca est\u00e1 dem\u00e1s seguir abriendo\u00a0 espacios a favor de la diversidad sexual, portando el traje de gala regional, collares de los que cuelgan centenarios y monedas de oro; con garbo y delicadeza.<br><\/p>\n\n\n\n<p class=\"wp-block-paragraph\">No est\u00e1 de m\u00e1s continuar difundiendo en que en el Istmo de Tehuantepec, en el estado de Oaxaca, en el sur de M\u00e9xico, hay tres g\u00e9neros: hombres, mujeres y muxes. Aqu\u00ed est\u00e1n reconocidos desde la \u00e9poca prehisp\u00e1nica, y es dif\u00edcil imaginar la vida sin muxes.<br><\/p>\n\n\n\n<p class=\"wp-block-paragraph\">\u00abHay hombres y mujeres y hay algo en medio. Y eso es lo que soy\u00bb.<br>Por otro lado, la defensora de los derechos y promotora de la salud entre la comunidad muxes coment\u00f3 que la Vela de las Aut\u00e9nticas Intr\u00e9pidas Buscadoras del Peligro, cumpli\u00f3 44 a\u00f1os de celebrarse durante el mes de noviembre, excepto en\u00a0 2017, cuando la comunidad se volc\u00f3 a atender la emergencia por los terremotos ocurridos en septiembre de ese a\u00f1o.<br><\/p>\n\n\n\n<p class=\"wp-block-paragraph\">El pasado 16 de noviembre, el festejo incluy\u00f3 la misa en el templo provisional de San Vicente Ferrer\u00a0 \u201cen honor a nuestro amigo y compa\u00f1ero \u00d3scar Cazorla L\u00f3pez, asesinado en febrero de este a\u00f1o y cuyo expediente contin\u00faa abierto hasta al d\u00eda de hoy, sin duda, un crimen de odio\u00bb, termin\u00f3.<\/p>\n\n\n\n<p class=\"wp-block-paragraph\"><br>SEM\/pb\/sj<\/p>\n","protected":false},"excerpt":{"rendered":"<p> Estrella V\u00e1squez emblem\u00e1tica activista fue fotografiada por Tim Wlaker<\/p>\n","protected":false},"author":3,"featured_media":14069,"comment_status":"open","ping_status":"open","sticky":false,"template":"","format":"standard","meta":{"_monsterinsights_skip_tracking":false,"footnotes":""},"categories":[690,54],"tags":[],"class_list":["post-14068","post","type-post","status-publish","format-standard","has-post-thumbnail","category-690","category-mujeres"],"_links":{"self":[{"href":"https:\/\/redsemlac.com\/semmexico\/wp-json\/wp\/v2\/posts\/14068","targetHints":{"allow":["GET"]}}],"collection":[{"href":"https:\/\/redsemlac.com\/semmexico\/wp-json\/wp\/v2\/posts"}],"about":[{"href":"https:\/\/redsemlac.com\/semmexico\/wp-json\/wp\/v2\/types\/post"}],"author":[{"embeddable":true,"href":"https:\/\/redsemlac.com\/semmexico\/wp-json\/wp\/v2\/users\/3"}],"replies":[{"embeddable":true,"href":"https:\/\/redsemlac.com\/semmexico\/wp-json\/wp\/v2\/comments?post=14068"}],"version-history":[{"count":0,"href":"https:\/\/redsemlac.com\/semmexico\/wp-json\/wp\/v2\/posts\/14068\/revisions"}],"wp:featuredmedia":[{"embeddable":true,"href":"https:\/\/redsemlac.com\/semmexico\/wp-json\/wp\/v2\/media\/14069"}],"wp:attachment":[{"href":"https:\/\/redsemlac.com\/semmexico\/wp-json\/wp\/v2\/media?parent=14068"}],"wp:term":[{"taxonomy":"category","embeddable":true,"href":"https:\/\/redsemlac.com\/semmexico\/wp-json\/wp\/v2\/categories?post=14068"},{"taxonomy":"post_tag","embeddable":true,"href":"https:\/\/redsemlac.com\/semmexico\/wp-json\/wp\/v2\/tags?post=14068"}],"curies":[{"name":"wp","href":"https:\/\/api.w.org\/{rel}","templated":true}]}}