{"id":14063,"date":"2019-11-19T18:29:12","date_gmt":"2019-11-19T18:29:12","guid":{"rendered":"https:\/\/redsemlac.com\/semmexico\/?p=14063"},"modified":"2023-07-21T15:14:32","modified_gmt":"2023-07-21T20:14:32","slug":"opinion-221","status":"publish","type":"post","link":"https:\/\/redsemlac.com\/semmexico\/opinion-221\/","title":{"rendered":"Entresemana"},"content":{"rendered":"\n<h2 class=\"wp-block-heading\"><strong>\u00bfQu\u00e9 oculta el chico boliviano?<\/strong><\/h2>\n\n\n\n<p class=\"wp-block-paragraph\"><strong>Mois\u00e9s S\u00e1nchez Lim\u00f3n<\/strong><\/p>\n\n\n\n<p class=\"wp-block-paragraph\">SemM\u00e9xico. Cd. de M\u00e9xico. 19 de noviembre de 2019.- Esa figura recia y de sonrisa sencilla, de hablar pausado y ligero, sin estridencias y que de pronto pareciera mascullar frases incompletas, es la del chico boliviano que renunci\u00f3 al cargo y ahora dice que no es legal la dimisi\u00f3n porque no lo ha aprobado el congreso de su pa\u00eds, es un personaje que &nbsp;algo trae en el morral, algo que no cuadra con el proceso beligerante y violento que se ha desatado apenas se supo que dejaba su territorio y se asilaba en M\u00e9xico.<\/p>\n\n\n\n<p class=\"wp-block-paragraph\">\u00bfPor qu\u00e9 en M\u00e9xico? El chico boliviano pudo haber pedido asilo a sus cuates de Venezuela, Nicaragua o Cuba, incluso en Uruguay, con quien dice tiene buena relaci\u00f3n, aunque cuando sali\u00f3 a hurtadillas en avi\u00f3n de la FAM rumbo a territorio azteca, \u00e9sa naci\u00f3n y Per\u00fa le negaron volar sobre su espacio a\u00e9reo. \u00bfPor qu\u00e9?<\/p>\n\n\n\n<p class=\"wp-block-paragraph\">\u00bfSer\u00e1 porque encabezaba un gobierno con doble facturaci\u00f3n? Hay grave suspicacia acerca de las relaciones de este personaje con sociedades poco recomendables.<\/p>\n\n\n\n<p class=\"wp-block-paragraph\">Mire usted, al margen de lo que sus amigos puedan declarar en su defensa como aquello del esp\u00edritu y tradici\u00f3n de asilo de M\u00e9xico, espacio para refugiados que han dado pauta a mil historias de ciudadanos que hu\u00edan de su patria en calidad de perseguidos pol\u00edticos, el caso del chico boliviano tiene varias aristas que se niega a aclarar.<\/p>\n\n\n\n<p class=\"wp-block-paragraph\">\u00bfQu\u00e9 declar\u00f3 de importancia en la entrevista que Denise Maerker le hizo para el Canal de las Estrellas? Nada. A decir verdad, lugares comunes, descalificaciones harto conocidas y la referencia de que su renuncia no ha sido aprobada por el Congreso boliviano.<\/p>\n\n\n\n<p class=\"wp-block-paragraph\">\u00a1Ah!, pero el chico boliviano agradeci\u00f3 ese espacio, la entrevista, aunque se la hicieron en un medio de comunicaci\u00f3n que \u00e9l y su amigo el inquilino de Palacio suelen descalificar y acusar de servir a la ultraderecha y los conservadores, representantes y hasta defensores del neoliberalismo.<\/p>\n\n\n\n<p class=\"wp-block-paragraph\">Por supuesto, en una democracia los medios deben estar abiertos para todas las bander\u00edas. Faltaba m\u00e1s. Aunque es evidente el manejo de medios que tienen este personaje que sonr\u00ede con facilidad y hasta pareciera que en su vida lo mejor que le ha pasado, despu\u00e9s de ganar la Presidencia del Estado Plurinacional de Bolivia y disfrutar del poder desde el 22 de enero de 2006 hasta la semana pasada, es ser asilado pol\u00edtico en M\u00e9xico pero no cualquier asilado.<\/p>\n\n\n\n<p class=\"wp-block-paragraph\">Porque ya sabr\u00e1 usted que el chico boliviano que ahora se victimiza y acusa a la ultraderecha conservadora y los intereses imperialistas &#8211;los mismos que le vendieron el jet y el helic\u00f3ptero que utilizaba para moverse en su pa\u00eds\u2014de estar atr\u00e1s de su ca\u00edda, de los militares que le recomendaron dimitir a la Presidencia porque su tozuda postura de ir por un cuarto periodo presidencial hab\u00eda polarizado a la sociedad boliviana.<\/p>\n\n\n\n<p class=\"wp-block-paragraph\">Y sostiene que esos intereses del imperialismo no lo aceptan porque es ind\u00edgena. En efecto, el chico boliviano es ind\u00edgena aymara, pero de ser cierto el rechazo a su condici\u00f3n de ind\u00edgena, la pregunta elemental es \u00bfpor qu\u00e9 lo dejaron ganar la elecci\u00f3n hace trece a\u00f1os y las dos reelecciones?<\/p>\n\n\n\n<p class=\"wp-block-paragraph\">La victimizaci\u00f3n es la clave en este tipo de estrategias de izquierda y de derecha, de pol\u00edticos como el chico boliviano que de tanto hacer proselitismo y asumirse representante del segmento social depauperado, de los pobres y miserables, pues, gana el beneficio de la duda que se traduce en el voto mayoritario en las urnas.<\/p>\n\n\n\n<p class=\"wp-block-paragraph\">En el caso del chico boliviano se ha dicho y presumido como una haza\u00f1a, que pol\u00edticamente tiene esa dimensi\u00f3n, el haber logrado el crecimiento econ\u00f3mico de su pa\u00eds, el abatimiento del analfabetismo y de la pobreza. Bien, el reconocimiento no se debe regatear, pero \u00bfacaso no hay otros bolivianos de la bander\u00eda que sea pero capaz de continuar e incluso mejorar esta tarea de gobierno?<\/p>\n\n\n\n<p class=\"wp-block-paragraph\">Porque el punto nodal de esta telenovela de mala producci\u00f3n estriba justamente en el inter\u00e9s desbordado del chico boliviano por asumirse como el aspirante ideal a una cuarta elecci\u00f3n, que pierde y luego opera con el fin de victimizarse y voltear los cartones y llamarse robado.<\/p>\n\n\n\n<p class=\"wp-block-paragraph\">\u00bfFiebre de poder? \u00bfPara continuar con esta versi\u00f3n de un buen gobierno populista que entrega resultados pero tiene una doble facturaci\u00f3n?<\/p>\n\n\n\n<p class=\"wp-block-paragraph\">\u00bfPor eso se enoj\u00f3 con el colega de la cadena BBC News que lo arrincon\u00f3 con preguntas inc\u00f3modas?<\/p>\n\n\n\n<p class=\"wp-block-paragraph\">El chico boliviano fue, en esa entrevista, una especie del doctor Jekyll y m\u00edster Hyde. Sonriente, pausado, fresco, seguro, agradeci\u00f3 la entrevista y la presencia del reportero. Aunque paulatinamente el colega, en la demostraci\u00f3n de c\u00f3mo se puede arrinconar y sacar de sus casillas al entrevistado para obtener una declaraci\u00f3n period\u00edstica y socialmente importante, logr\u00f3 que el chico boliviano se convirtiera en m\u00edster Hyde.<\/p>\n\n\n\n<p class=\"wp-block-paragraph\">\u00bfEst\u00e1 dispuesto a regresar a Bolivia? Le pregunt\u00f3 el colega de la BBC News y el chico boliviano se sinti\u00f3 agredido e incluso llamado mentiroso por las preguntas que le hicieron. Estall\u00f3 y entonces dio pie a todo tipo de conjeturas y versiones respecto de lo que de \u00e9l se dice en Bolivia y en M\u00e9xico y en el mundo. Sus relaciones peligrosas y el enriquecimiento que logr\u00f3 en su mandato, tiempo en el que se asumi\u00f3 honesto, de izquierda y todos los etc\u00e9teras que se le conocen.<\/p>\n\n\n\n<p class=\"wp-block-paragraph\">Dejar que la piedra ruede no suele ser un buen consejo. Y el chico boliviano ha dado pauta a la cr\u00edtica y versiones varias respecto del trato que se le ha dado en M\u00e9xico, ya por la rapidez con la que el inquilino de Palacio orden\u00f3 darle asilo, ir por \u00e9l hasta Bolivia en una avi\u00f3n de la FAM que se presum\u00eda parte de la flotilla en venta y hasta instruir desempolvar a m\u00e1s de una docena de elementos del dizque desaparecido Estado Mayor Presidencial.<\/p>\n\n\n\n<p class=\"wp-block-paragraph\">\u00bfEs narco el chico boliviano?<\/p>\n\n\n\n<p class=\"wp-block-paragraph\">La pregunta obedece al video que circula en redes sociales, en el que el teniente coronel Alfredo Saavedra, jubilado de la Polic\u00eda del Servicio Pasivo de Bolivia, informa que present\u00f3 un memorial en contra de Juan Evo Morales Ayma y el hoy ex vicepresidente \u00c1lvaro Garc\u00eda Linera, por el delito de enriquecimiento il\u00edcito en raz\u00f3n del cargo.<\/p>\n\n\n\n<p class=\"wp-block-paragraph\">El teniente coronel refiere que fue Jefe de Inteligencia en la Unidad M\u00f3vil Policial para \u00c1reas Rurales (UMOPAR) de Bolivia y durante cuatro a\u00f1os tuvo acceso a cinco computadoras de la DEA y por ello \u201cconoc\u00ed vida y milagros de medio mundo, de varios dirigentes cocaleros, entre los que estaba Juan Evo Morales.<\/p>\n\n\n\n<p class=\"wp-block-paragraph\">\u201cCon seguridad les digo que Juan Evo Morales deposit\u00f3 325 millones de euros en el Banco del Vaticano, antes Ambrosiano (\u2026) del IOR, que es de Instituciones de Obras Religiosas, pero tras esa fachada lavan millones de las mafia y de pol\u00edticos corruptos\u201d, con car\u00e1cter de donaciones.<\/p>\n\n\n\n<p class=\"wp-block-paragraph\">Y para mayores se\u00f1as, el teniente coronel dio el n\u00famero 051302370 del dep\u00f3sito hecho el 16 de enero de 2019 por la cantidad referida, pero sostuvo que tambi\u00e9n el entonces vicepresidente \u00c1lvaro Garc\u00eda hizo otro dep\u00f3sito por 17 millones de euros, porque es dif\u00edcil que el FBI y la CIA hagan seguimiento de esa moneda.<\/p>\n\n\n\n<p class=\"wp-block-paragraph\">\u201cLes aseguro \u2013acot\u00f3 el teniente coronel&#8211; van a huir de Bolivia (Evo y \u00c1lvaro) por lo menos diez a\u00f1os porque atr\u00e1s de ellos hay una gran mafia que hay que descubrir\u201d.<\/p>\n\n\n\n<p class=\"wp-block-paragraph\">Al respecto, en el video se\u00f1ala al general Ren\u00e9 Sanabria Oropeza, detenido en una prisi\u00f3n de Miami, Florida, porque llevaba droga que era del gobierno de Evo, pero previ\u00f3 que saldr\u00e1 libre en un a\u00f1o despu\u00e9s de declarar en contra de todos los que le colaboraban con Evo en la provincia del Chapare. M\u00e1s all\u00e1 de derechas e izquierda, \u00bfqu\u00e9 oculta el chico boliviano? Es pregunta. Digo.<\/p>\n\n\n\n<p class=\"wp-block-paragraph\"><a href=\"mailto:sanchezlimon@gmail.com\" target=\"_blank\" rel=\"noreferrer noopener\">sanchezlimon@gmail.com<\/a><\/p>\n\n\n\n<p class=\"wp-block-paragraph\"><a href=\"http:\/\/www.entresemana.mx\/\" target=\"_blank\" rel=\"noreferrer noopener\">www.entresemana.mx<\/a><\/p>\n\n\n\n<p class=\"wp-block-paragraph\">@msanchezlimon<br><\/p>\n","protected":false},"excerpt":{"rendered":"<p>\u00bfQu\u00e9 oculta el chico boliviano?<\/p>\n","protected":false},"author":3,"featured_media":8470,"comment_status":"open","ping_status":"open","sticky":false,"template":"","format":"standard","meta":{"_monsterinsights_skip_tracking":false,"footnotes":""},"categories":[690,105,83],"tags":[],"class_list":["post-14063","post","type-post","status-publish","format-standard","has-post-thumbnail","category-690","category-entresemana","category-moises-sanchez-limon"],"_links":{"self":[{"href":"https:\/\/redsemlac.com\/semmexico\/wp-json\/wp\/v2\/posts\/14063","targetHints":{"allow":["GET"]}}],"collection":[{"href":"https:\/\/redsemlac.com\/semmexico\/wp-json\/wp\/v2\/posts"}],"about":[{"href":"https:\/\/redsemlac.com\/semmexico\/wp-json\/wp\/v2\/types\/post"}],"author":[{"embeddable":true,"href":"https:\/\/redsemlac.com\/semmexico\/wp-json\/wp\/v2\/users\/3"}],"replies":[{"embeddable":true,"href":"https:\/\/redsemlac.com\/semmexico\/wp-json\/wp\/v2\/comments?post=14063"}],"version-history":[{"count":0,"href":"https:\/\/redsemlac.com\/semmexico\/wp-json\/wp\/v2\/posts\/14063\/revisions"}],"wp:featuredmedia":[{"embeddable":true,"href":"https:\/\/redsemlac.com\/semmexico\/wp-json\/wp\/v2\/media\/8470"}],"wp:attachment":[{"href":"https:\/\/redsemlac.com\/semmexico\/wp-json\/wp\/v2\/media?parent=14063"}],"wp:term":[{"taxonomy":"category","embeddable":true,"href":"https:\/\/redsemlac.com\/semmexico\/wp-json\/wp\/v2\/categories?post=14063"},{"taxonomy":"post_tag","embeddable":true,"href":"https:\/\/redsemlac.com\/semmexico\/wp-json\/wp\/v2\/tags?post=14063"}],"curies":[{"name":"wp","href":"https:\/\/api.w.org\/{rel}","templated":true}]}}