{"id":14058,"date":"2019-11-19T02:33:31","date_gmt":"2019-11-19T02:33:31","guid":{"rendered":"https:\/\/redsemlac.com\/semmexico\/?p=14058"},"modified":"2023-07-21T15:14:32","modified_gmt":"2023-07-21T20:14:32","slug":"oaxaca-87","status":"publish","type":"post","link":"https:\/\/redsemlac.com\/semmexico\/oaxaca-87\/","title":{"rendered":"Buscan a ambientalista desaparecida en la mixteca oaxaque\u00f1a"},"content":{"rendered":"\n<p class=\"wp-block-paragraph\"><strong>* Hab\u00eda recibido amenazas por\ndenunciar a talamontes<\/strong><\/p>\n\n\n\n<p class=\"wp-block-paragraph\"><strong>* Fue vista por \u00faltima vez el 10 de\nnoviembre<\/strong><\/p>\n\n\n\n<p class=\"wp-block-paragraph\"><strong>Patricia Brise\u00f1o<\/strong><\/p>\n\n\n\n<p class=\"wp-block-paragraph\">SemM\u00e9xico,\nOaxaca, 18 noviembre 2019.- Familiares, amistades y ambientalistas emprendieron\nla b\u00fasqueda de la defensora de los bosques, Irma Galindo Barrios, desaparecida\nhace una semana en una comunidad del municipio de San Esteban Atlatahuaca, en\nla regi\u00f3n Mixteca.<\/p>\n\n\n\n<p class=\"wp-block-paragraph\">A\ntrav\u00e9s de distintas redes sociales dieron a conocer la fotograf\u00eda de la\nactivista, promotora cultural y de la medicina tradicional, de 36 a\u00f1os de edad,\na quien vieron por \u00faltima vez el 10 de noviembre, cuando estuvo en el pueblo de\nNdoyocoyo, y despu\u00e9s se retir\u00f3 a su vivienda, en Buena Vista Totoy.<\/p>\n\n\n\n<p class=\"wp-block-paragraph\">Existen\nversiones de que en la casa de la activista pudo haber ocurrido un incendio\ndebido a que en ese momento ella almacenaba algunos rollos de cohetes debido a\nque ten\u00eda el compromiso de la mayordom\u00eda, para la pr\u00f3xima celebraci\u00f3n de la\nVirgen de Guadalupe.<\/p>\n\n\n\n<div class=\"wp-block-image\"><figure class=\"alignleft is-resized\"><img loading=\"lazy\" decoding=\"async\" src=\"https:\/\/redsemlac.com\/semmexico\/wp-content\/uploads\/2019\/11\/WhatsApp-Image-2019-11-18-at-8.09.39-PM-1.jpeg\" alt=\"\" class=\"wp-image-14060\" width=\"291\" height=\"388\"\/><\/figure><\/div>\n\n\n\n<p class=\"wp-block-paragraph\">Sin\nembargo, aceptaron, que no se han acercado a la vivienda de Galindo Barrios por\ntemor de una agresi\u00f3n f\u00edsica o armada, adem\u00e1s reconocen que tampoco han acudido\na la Fiscal\u00eda General de Justicia del Estado (FGJ) a reportar la desaparici\u00f3n.<\/p>\n\n\n\n<p class=\"wp-block-paragraph\">En\nsu momento, la mujer cont\u00f3 a otros activistas que talamontes locales comenzaron\na agredirla cuando denunci\u00f3 la tala clandestina ante la delegaci\u00f3n de la\nProcuradur\u00eda Federal de Protecci\u00f3n al Ambiente (Profepa), en Oaxaca.<\/p>\n\n\n\n<p class=\"wp-block-paragraph\">Incluso,\nel 27 de octubre la misma activista utiliz\u00f3 su red social de Facebook para\ndenunciar el clima de hostigamiento y persecuci\u00f3n en su contra por parte del\npresidente municipal de Atlatahuaca, Heriberto Nicanor Alvarado Galindo, y del\ncomisariado Crescenciano Sandoval Quiroz.<\/p>\n\n\n\n<p class=\"wp-block-paragraph\">En\nesa fecha poste\u00f3: \u201cDesde hace d\u00edas mis propios vecinos me dijeron que vendr\u00e1n\npor m\u00ed. Igual hoy me di cuenta de d\u00f3nde sacan las verdaderas mentiras. Es la\nmisma estrategia que us\u00f3 el comisariado y el presidente para sacarme del\ncabildo (donde colabor\u00f3 en tareas de salud) porque yo no estaba de acuerdo que\ninvirtieran m\u00e1s en alcohol que en actividades culturales\u201d. <\/p>\n\n\n\n<p class=\"wp-block-paragraph\">\u201cComo\nsea no conozco el miedo. Como siempre digo a las pruebas me remito.\u201d.<\/p>\n\n\n\n<p class=\"wp-block-paragraph\">Antes,\nen noviembre de 2017 expuso como el comisariado la amenaz\u00f3 por difundir\nim\u00e1genes de la tala de \u00e1rboles en la zona comunal de Yozo Tiza\u2019a.<\/p>\n\n\n\n<p class=\"wp-block-paragraph\">Seg\u00fan\nla versi\u00f3n de los activistas que denunciaron la desaparici\u00f3n, su compa\u00f1era\nrecurri\u00f3 a la Secretar\u00eda del Medio Ambiente y Recursos Naturales (Semarnat) en\n2018, pero no encontr\u00f3 respuesta. <\/p>\n\n\n\n<p class=\"wp-block-paragraph\">En\nese mismo a\u00f1o present\u00f3 su queja ante la Defensor\u00eda de los Derechos Humanos del\nPueblo de Oaxaca (DDHPO) en Tlaxiaco, por actos intimidatorios cometidos por servidores\np\u00fablicos en su contra, pero no encontr\u00f3 respuesta.<\/p>\n\n\n\n<p class=\"wp-block-paragraph\">Tambi\u00e9n\nestuvo en la Vicefiscal\u00eda regional en Tlaxiaco, donde se celebraron reuniones\nde conciliaci\u00f3n con el comisariado, no obstante, tampoco hubo el seguimiento a\nlos actos de hostigamiento en su contra.<\/p>\n\n\n\n<p class=\"wp-block-paragraph\">SEM\/pb\/sj<\/p>\n","protected":false},"excerpt":{"rendered":"<p>Fue vista por \u00faltima vez el 10 de noviembre<\/p>\n","protected":false},"author":3,"featured_media":14059,"comment_status":"open","ping_status":"open","sticky":false,"template":"","format":"standard","meta":{"_monsterinsights_skip_tracking":false,"footnotes":""},"categories":[690,54],"tags":[],"class_list":["post-14058","post","type-post","status-publish","format-standard","has-post-thumbnail","category-690","category-mujeres"],"_links":{"self":[{"href":"https:\/\/redsemlac.com\/semmexico\/wp-json\/wp\/v2\/posts\/14058","targetHints":{"allow":["GET"]}}],"collection":[{"href":"https:\/\/redsemlac.com\/semmexico\/wp-json\/wp\/v2\/posts"}],"about":[{"href":"https:\/\/redsemlac.com\/semmexico\/wp-json\/wp\/v2\/types\/post"}],"author":[{"embeddable":true,"href":"https:\/\/redsemlac.com\/semmexico\/wp-json\/wp\/v2\/users\/3"}],"replies":[{"embeddable":true,"href":"https:\/\/redsemlac.com\/semmexico\/wp-json\/wp\/v2\/comments?post=14058"}],"version-history":[{"count":0,"href":"https:\/\/redsemlac.com\/semmexico\/wp-json\/wp\/v2\/posts\/14058\/revisions"}],"wp:featuredmedia":[{"embeddable":true,"href":"https:\/\/redsemlac.com\/semmexico\/wp-json\/wp\/v2\/media\/14059"}],"wp:attachment":[{"href":"https:\/\/redsemlac.com\/semmexico\/wp-json\/wp\/v2\/media?parent=14058"}],"wp:term":[{"taxonomy":"category","embeddable":true,"href":"https:\/\/redsemlac.com\/semmexico\/wp-json\/wp\/v2\/categories?post=14058"},{"taxonomy":"post_tag","embeddable":true,"href":"https:\/\/redsemlac.com\/semmexico\/wp-json\/wp\/v2\/tags?post=14058"}],"curies":[{"name":"wp","href":"https:\/\/api.w.org\/{rel}","templated":true}]}}