{"id":14042,"date":"2019-11-18T19:23:41","date_gmt":"2019-11-18T19:23:41","guid":{"rendered":"https:\/\/redsemlac.com\/semmexico\/?p=14042"},"modified":"2023-07-21T15:14:32","modified_gmt":"2023-07-21T20:14:32","slug":"manifestaciones-de-universitarias-resultado-de-hartazgo-frente-a-la-impunidad","status":"publish","type":"post","link":"https:\/\/redsemlac.com\/semmexico\/manifestaciones-de-universitarias-resultado-de-hartazgo-frente-a-la-impunidad\/","title":{"rendered":"Manifestaciones de universitarias resultado de hartazgo frente a la impunidad"},"content":{"rendered":"\n<p class=\"wp-block-paragraph\"><strong>* Acad\u00e9micas de la\nUACM respaldan a las estudiantes y les dicen \u00a1no est\u00e1n solas!<\/strong><\/p>\n\n\n\n<p class=\"wp-block-paragraph\"><strong>* Colectivo Aequus\npresenta un recuento de 10 casos de violencia contra estudiantes<\/strong><\/p>\n\n\n\n<p class=\"wp-block-paragraph\"><strong>Lorena Vaniezcot<\/strong><\/p>\n\n\n\n<p class=\"wp-block-paragraph\">SemM\u00e9xico, Cd. de M\u00e9xico, 18 noviembre\n2019.- Dos pronunciamientos en apoyo a las demandas de las estudiantes de la\nUniversidad Aut\u00f3noma de M\u00e9xico (UNAM) fueron emitidas este fin de semana en la\nque se cuestiona la actuaci\u00f3n de las autoridades de esa instituci\u00f3n educativa.<\/p>\n\n\n\n<p class=\"wp-block-paragraph\">En un primer Pronunciamiento de apoyo a las\nmujeres organizadas de la UNAM a ra\u00edz de las movilizaciones de la violencia en\ncontra de la violencia de g\u00e9nero, acad\u00e9micas del Diplomado de estudios\nfeministas desde Am\u00e9rica Latina de la Universidad Aut\u00f3noma de la Ciudad de\nM\u00e9xico plantel San L\u00e1zaro Tezonco (UACM-SLT) se solidarizan con las diferentes\nfacultades de la UNAM que se expresaron en\u00e9rgicamente contra la violencia de\ng\u00e9nero que viven.<\/p>\n\n\n\n<p class=\"wp-block-paragraph\">El documento firmado por Yolanda Pineda\nL\u00f3pez, Mariana Belanga Gay\u00f3n y Samanta Zaragoza Luna se\u00f1alan que en congruencia\ncon los feminismos la lucha contra las violencias es una responsabilidad \u00e9tica\ny un acto pol\u00edtico. \u201cPor eso, les reiteramos estamos aqu\u00ed para caminar juntas y\nenfrentar la l\u00f3gica patriarcal que se empe\u00f1a en minimizar o, peor a\u00fan, ignorar\nlas injusticias de las que somos presas las mujeres por el hecho de ser\nmujeres. <\/p>\n\n\n\n<p class=\"wp-block-paragraph\">\u201c\u00a1Por una universidad den la que todas\npodamos habitar libres y seguras!\u201d.<\/p>\n\n\n\n<p class=\"wp-block-paragraph\">Se\u00f1alan que las manifestaciones y demandas\nson indispensables ante el hartazgo, la impotencia, el reclamo ante la\nindiferencia o complicidad que guardan las instituciones de educaci\u00f3n superior\nen el pa\u00eds ante la violencia de g\u00e9nero.<\/p>\n\n\n\n<p class=\"wp-block-paragraph\">Al tiempo de manifestar a las catedr\u00e1ticas\ny alumnas de diversas facultades que se han manifestado frente a los actos de\nviolencia de g\u00e9nero, que no est\u00e1n solas, por lo que condenan los actos de\nviolencia, se\u00f1alamientos y amedrentamiento de los que han sido objeto por\nplantear leg\u00edtimamente su inconformidad.<\/p>\n\n\n\n<p class=\"wp-block-paragraph\">Al igual que las j\u00f3venes de la UMAN,\nexplican que en la UACM-SLT \u201cdesde hace tiempo trabajamos por erradicar la\nviolencia, el acoso y el hostigamiento sexual en nuestra universidad y hoy nos\nunimos y abrazamos sus demandas y acciones, as\u00ed como las de otras instituciones\nhermanas\u201d.<\/p>\n\n\n\n<p class=\"wp-block-paragraph\"><strong>Presenta Colectivo\nAequus 10 casos, tres feminicidios<\/strong><\/p>\n\n\n\n<p class=\"wp-block-paragraph\">Por otra parte, en un comunicado publicado\npor V\u00edctor Rogelio Caballero Sierra, del Colectivo Aequus. Promoci\u00f3n y Defensa\nde Derechos Humanos, se hace un recuento de distintos actos de violencia\ncometidos contra mujeres y hombres de la m\u00e1xima casa de estudios del pa\u00eds y\nse\u00f1ala como \u201cofensivo, c\u00ednico e hip\u00f3crita el comunicado signado por la\nburocracia universitaria\u201d, el pasado domingo 17 de noviembre.<\/p>\n\n\n\n<p class=\"wp-block-paragraph\">\u201cAhora resulta que esa arrogante burocracia\nreivindica las causas de la marcha estudiantil del 14 de noviembre de 2019,\ncuando lo cierto es que si no le hubiera pasado nada a sus edificios, paredes y\ncristales, esos mismos directores hubieran desde\u00f1ado la movilizaci\u00f3n y -como lo\nhan venido haciendo- todos los casos de acoso y hostigamiento sexuales que la\nmotivaron\u201d.<\/p>\n\n\n\n<p class=\"wp-block-paragraph\">Sin embargo, explica \u201cesa burocracia\narrogante de la UNAM, nada dijo\u201d en diversos casos de violencia cometidos\ncontra estudiantes como feminicidios, homicidios, ejecuciones extrajudiciales,\ndesapariciones y desapariciones forzadas, en las que han contribuido directa o\nindirectamente en la impunidad, negligencia, corrupci\u00f3n, ocultamiento de\npruebas y criminalizaci\u00f3n de las v\u00edctimas.<\/p>\n\n\n\n<p class=\"wp-block-paragraph\">El Colectivo Aequus. Promoci\u00f3n y Defensa de\nDerechos Humanos hace un recuento de 10 casos, cinco de ellos relacionados con\nmujeres, sin dejar de aclarar que no son los \u00fanicos casos:<\/p>\n\n\n\n<p class=\"wp-block-paragraph\">1.- En el caso de la Ejecuci\u00f3n\nExtrajudicial de Carlos Sinhu\u00e9 Cuevas Mej\u00eda, durante las investigaciones se ha\ndocumentado la existencia de una detenci\u00f3n que sufri\u00f3 previa a aquella, misma\nque se dio en un contexto de hostigamiento hacia \u00e9l como activista en la FFyL,\nya que el 20 de noviembre de 2009 fue entregado por personal de Vigilancia UNAM\na polic\u00eda de la SSP, quien lo traslado a una Agencia del Ministerio P\u00fablico y\nque seg\u00fan dichos de personal de dicho lugar, le manifestaron a su madre que fue\npor una \u201cacusaci\u00f3n\u201d de la UNAM. Resulta que la bit\u00e1cora de Vigilancia UNAM del\ncitado d\u00eda fue ocultada por las autoridades universitarias. As\u00ed tambi\u00e9n en este\ncaso la UNAM ha sido poco clara en explicar a las autoridades correspondientes\nlas razones por las cuales dos presuntos estudiantes de la FES Cuautitl\u00e1n que\ntienen nexos familiares con militares, hac\u00edan seguimiento de Carlos Sinhue\ndurante los meses previos a su Ejecuci\u00f3n.<\/p>\n\n\n\n<p class=\"wp-block-paragraph\">2.- En el caso del Feminicidio de Ver\u00f3nica\nGuadalupe Benitez Vega, el cual se verific\u00f3 el 6 de julio de 2017, resulta que\nfue hasta el d\u00eda 3 de noviembre de 2017, es decir cuatro meses despu\u00e9s, en que\nun \u00e1rea de Comunicaci\u00f3n Social de la FES- Cuautitl\u00e1n, emiti\u00f3 un comunicado\nemiti\u00f3 un pronunciamiento respecto al caso, sin embargo en el mismo se omiti\u00f3\nmencionar que el mismo se gener\u00f3 a partir de una movilizaci\u00f3n de la comunidad\nestudiantil en la que se exigi\u00f3, entre otras cosas, que las autoridades\nuniversitarias se pronunciaran respecto al hecho. As\u00ed tambi\u00e9n en dicho\npronunciamiento se indica que las autoridades de la FES-Cuautitl\u00e1n, manten\u00edan\ncomunicaci\u00f3n con la oficina de la Abogada General para seg\u00fan \u201ccontar con la\nasesor\u00eda correspondiente\u201d, en lugar de haber brindado ese apoyo o \u201casesor\u00eda\u201d a\nla familia de la v\u00edctima.<\/p>\n\n\n\n<p class=\"wp-block-paragraph\">3.- En el caso de la Homicidio de Luis\nRoberto Malag\u00f3n de Gaona, las autoridades de la UNAM han generado un esquema de\nencubrimiento a favor de la empresa denominada Ecosistemas Hidr\u00e1ulicos S.A. de\nC.V. para evitar que se le investigue su probable responsabilidad del hecho por\nla concesi\u00f3n que le fuera otorgada por las autoridades de la UNAM, para el\nmanejo y mantenimiento del pozo de absorci\u00f3n en el que se ahog\u00f3 Luis Roberto.\nAdem\u00e1s, las autoridades de la UNAM, no han brindado informaci\u00f3n sobre el\nfincamiento de responsabilidades a personal de la UNAM, que lo llevaron a la\ncl\u00ednica 8 del seguro social, indicando que hab\u00eda sufrido un ataque epil\u00e9ptico,\ncuando fue ahogado en el citado pozo de absorci\u00f3n. En este caso en el mes de\nseptiembre de 2018 y en medio de una asamblea del movimiento estudiantil del\nCCH Azcapotzalco, los padres de Luis Roberto asistieron a la misma, con el conocimiento\nde que asistir\u00eda el Rector Luis Enrique Graue, y al verlo se le acercaron con\nel fin de hacerle peticiones sobre el caso, sin embargo, esto fue impedido por\npersonal de seguridad personal del Rector y adem\u00e1s les grit\u00f3 \u201cque \u00e9l no ten\u00eda\nconocimiento de ese caso\u201d.<\/p>\n\n\n\n<p class=\"wp-block-paragraph\">4.- En el caso de Mariela Vanessa D\u00edaz\nValverde, estudiante de la FFyL-UNAM desaparecida desde el 27 de abril de 2018,\na partir tambi\u00e9n de una movilizaci\u00f3n estudiantil la UNAM pag\u00f3 una inserci\u00f3n en\nun peri\u00f3dico nacional para referirse al caso, sin embargo en el mismo se hizo\np\u00fablica informaci\u00f3n que solo exist\u00eda en la Carpeta de Investigaci\u00f3n, relativa a\nlos lugares que acostumbraba asistir la v\u00edctima, con el fin, creemos, de\ndeslindar a la UNAM del hecho, ya que en el mismo afirma que Mariela se dirigi\u00f3\nde su casa a la Biblioteca Jos\u00e9 Vasconcelos y no a la FFyL.<\/p>\n\n\n\n<p class=\"wp-block-paragraph\">5.- En el caso de Roberto Carlos Villase\u00f1or\nNi\u00f1o, estudiante de la Facultad de Arquitectura, quien perdi\u00f3 la vida en Ciudad\nUniversitaria en noviembre de 2017, ante el hallazgo de su cuerpo, la UNAM se\napresur\u00f3 a emitir un comunicado en el que a priori a las investigaciones,\nsugiri\u00f3 que la v\u00edctima se hab\u00eda \u201csuicidado\u201d, sin embargo la PGJCDMX no\ncorrobor\u00f3 de inmediato el presunto \u201csuicidio\u201d, en raz\u00f3n de que el cad\u00e1ver del\nestudiante, fue encontrado boca arriba, lo que implica una forma at\u00edpica de las\natribuidas a un \u201csuicidio\u201d.<\/p>\n\n\n\n<p class=\"wp-block-paragraph\">6.- En el caso de la desaparici\u00f3n y\nposterior hallazgo del estudiante Abraham Enyanche, del CCH-Naucalpan, en horas\nprevias a que se anunciar\u00eda de manera oficial por parte de la FGJEM la\nlocalizaci\u00f3n de su cad\u00e1ver, la Direcci\u00f3n del plantel emiti\u00f3 un comunicado en el\nque refiere a un diverso de la Fiscal\u00eda, cuando esta ni siquiera lo hab\u00eda hecho\np\u00fablico.<\/p>\n\n\n\n<p class=\"wp-block-paragraph\">7.- En el caso del Feminicidio de Mar\u00eda del\nRosario P\u00e9rez Garc\u00eda, tenemos informaci\u00f3n que las autoridades del plantel, le\nindicaron a su familia que se abstuvieran de dejarse apoyar por la comunidad\nestudiantil organizada, por la Coordinaci\u00f3n de Familiares de Estudiantes\nVictimas de la Violencia y el Colectivo Aequus, porque a decir de las\nautoridades, estos colectivos \u201csolo llevaban a cabo acciones que entorpec\u00edan\nlas investigaciones\u201d. Huelga decir que este caso, hasta donde sabemos, sigue en\ntotal impunidad.<\/p>\n\n\n\n<p class=\"wp-block-paragraph\">8.- En el caso de la estudiante de la\nFacultad de Ciencias, Elizabeth Santib\u00e1\u00f1ez, las autoridades de dicha facultad,\nemitieron un comunicado en el que asegur\u00f3 que la estudiante \u201cse encontraba bien\ny en un lugar seguro\u201d, aludiendo que esto se lo expres\u00f3 la propia alumna a la\nDirectora en una llamada telef\u00f3nica, sin precisar porque medio se cercior\u00f3 la\ndirectora que efectivamente habl\u00f3 con la estudiante, adem\u00e1s tampoco preciso si\nla informaci\u00f3n que recibi\u00f3 v\u00eda telef\u00f3nica la puso en conocimiento de la PGJCDMX\nque investiga su desaparici\u00f3n.<\/p>\n\n\n\n<p class=\"wp-block-paragraph\">9.- En los casos de Lesby Berlin Osorio y\nde Hayd\u00e9 Alvarado Castillo, las autoridades universitarias se han apresurado en\nse\u00f1alar a la opini\u00f3n p\u00fablica, que las compa\u00f1eras \u201cno eran estudiantes de la\nUNAM\u201d, al paso del tiempo este argumento ha quedado muy rebasado, sin que\nexista el fincamiento de responsabilidades hacia las autoridades universitarias\npor sus dichos.<\/p>\n\n\n\n<p class=\"wp-block-paragraph\">10.- En el caso de Jos\u00e9 V\u00edctor Mart\u00ednez\nManzo, estudiante del CCH-Sur-UNAM, v\u00edctima de homicidio en 2015 cuando se\ndirig\u00eda al plantel, las autoridades de la UNAM, nunca emitieron comunicaci\u00f3n\nalusiva al caso, ni le brindaron acompa\u00f1amiento a su familia.<\/p>\n\n\n\n<p class=\"wp-block-paragraph\">SEM\/lv\/sj<\/p>\n","protected":false},"excerpt":{"rendered":"<p>Acad\u00e9micas de la UACM respaldan a las estudiantes y les dicen \u00a1no est\u00e1n solas!<\/p>\n","protected":false},"author":3,"featured_media":14043,"comment_status":"open","ping_status":"open","sticky":false,"template":"","format":"standard","meta":{"_monsterinsights_skip_tracking":false,"footnotes":""},"categories":[690,54],"tags":[],"class_list":["post-14042","post","type-post","status-publish","format-standard","has-post-thumbnail","category-690","category-mujeres"],"_links":{"self":[{"href":"https:\/\/redsemlac.com\/semmexico\/wp-json\/wp\/v2\/posts\/14042","targetHints":{"allow":["GET"]}}],"collection":[{"href":"https:\/\/redsemlac.com\/semmexico\/wp-json\/wp\/v2\/posts"}],"about":[{"href":"https:\/\/redsemlac.com\/semmexico\/wp-json\/wp\/v2\/types\/post"}],"author":[{"embeddable":true,"href":"https:\/\/redsemlac.com\/semmexico\/wp-json\/wp\/v2\/users\/3"}],"replies":[{"embeddable":true,"href":"https:\/\/redsemlac.com\/semmexico\/wp-json\/wp\/v2\/comments?post=14042"}],"version-history":[{"count":0,"href":"https:\/\/redsemlac.com\/semmexico\/wp-json\/wp\/v2\/posts\/14042\/revisions"}],"wp:featuredmedia":[{"embeddable":true,"href":"https:\/\/redsemlac.com\/semmexico\/wp-json\/wp\/v2\/media\/14043"}],"wp:attachment":[{"href":"https:\/\/redsemlac.com\/semmexico\/wp-json\/wp\/v2\/media?parent=14042"}],"wp:term":[{"taxonomy":"category","embeddable":true,"href":"https:\/\/redsemlac.com\/semmexico\/wp-json\/wp\/v2\/categories?post=14042"},{"taxonomy":"post_tag","embeddable":true,"href":"https:\/\/redsemlac.com\/semmexico\/wp-json\/wp\/v2\/tags?post=14042"}],"curies":[{"name":"wp","href":"https:\/\/api.w.org\/{rel}","templated":true}]}}