{"id":14038,"date":"2019-11-18T19:17:33","date_gmt":"2019-11-18T19:17:33","guid":{"rendered":"https:\/\/redsemlac.com\/semmexico\/?p=14038"},"modified":"2023-07-21T15:14:33","modified_gmt":"2023-07-21T20:14:33","slug":"activistas-cubanas-promueven-formacion-feminista","status":"publish","type":"post","link":"https:\/\/redsemlac.com\/semmexico\/activistas-cubanas-promueven-formacion-feminista\/","title":{"rendered":"Activistas cubanas promueven formaci\u00f3n feminista"},"content":{"rendered":"\n<p class=\"wp-block-paragraph\"><strong>* Una v\u00eda para adquirir conocimientos<\/strong><\/p>\n\n\n\n<p class=\"wp-block-paragraph\"><strong>* Vinculan activismo y academia<\/strong><\/p>\n\n\n\n<p class=\"wp-block-paragraph\"><strong>Lirians Gordillo Pi\u00f1a<\/strong><\/p>\n\n\n\n<p class=\"wp-block-paragraph\">SemM\u00e9xico\/SEMlac,\nLa Habana 18 noviembre 2019.- \u00bfDebemos todas y todos ser feministas? Esta\ninterrogante motiva a un grupo de activistas cubanas para poner en com\u00fan\nconceptos clave y rescatar la tradici\u00f3n del feminismo negro en la naci\u00f3n\ncaribe\u00f1a.<\/p>\n\n\n\n<p class=\"wp-block-paragraph\"><br>\nLa escuela feminista es una iniciativa de&nbsp;<a href=\"http:\/\/www.afrocubaweb.com\/club-espendru.html\" target=\"_blank\" rel=\"noreferrer noopener\">El Club del Espendr\u00fa<\/a>&nbsp;y TxT (Todas por todas),\ncolectivos de la sociedad civil que vinculan la lucha antirracista con la\nfeminista. Los encuentros sesionar\u00e1n durante cinco jueves consecutivos en la\nsede de la&nbsp;<a href=\"https:\/\/m.facebook.com\/pages\/Fundaci%C3%B3n-Ludwig-de-Cuba\/247385162100089\" target=\"_blank\" rel=\"noreferrer noopener\">Fundaci\u00f3n Ludwig<\/a>, una instituci\u00f3n no\ngubernamental y sin fines de lucro radicada en La Habana.<\/p>\n\n\n\n<p class=\"wp-block-paragraph\"><br>\n\u00abUn curso no resuelve un problema, no nos prepara completamente en un tema\nque es tan amplio y complejo; pero s\u00ed es una v\u00eda para adquirir conocimientos,\ncompartir saberes y puede ser un medio para el empoderamiento, porque sin\nconocimientos e informaci\u00f3n es muy dif\u00edcil empoderarse\u00bb, dijo durante la\nprimera sesi\u00f3n la soci\u00f3loga&nbsp;<a href=\"http:\/\/www.afrocubaweb.com\/yulexis-almeida.html\" target=\"_blank\" rel=\"noreferrer noopener\">Yulexis Almeida<\/a>, quien comparte la coordinaci\u00f3n del\ntaller con la investigadora&nbsp;<a href=\"http:\/\/www.redsemlac-cuba.net\/violencia\/la-discapacidad-en-la-televisi%C3%B3n-la-exclusi%C3%B3n-es-una-forma-de-violencia.html\" target=\"_blank\" rel=\"noreferrer noopener\">Aracely Rodr\u00edguez Malag\u00f3n<\/a>.<\/p>\n\n\n\n<p class=\"wp-block-paragraph\"><br>\nAlmeida vincula activismo y academia, pues es investigadora y vicedecana de la\nFacultad de Sociolog\u00eda de la Universidad de La Habana y fue integrante\ndel&nbsp;<a href=\"https:\/\/www.google.com\/amp\/s\/negracubanateniaqueser.com\/2016\/11\/15\/afrocubanas-un-grupo-un-proyecto-un-sueno-un-reto\/amp\/\" target=\"_blank\" rel=\"noreferrer noopener\">Grupo Afrocubanas<\/a>, proyecto que vincul\u00f3\nfeminismo y activismo antirracista. Una vez disuelto Afrocubanas, Yulexis cre\u00f3\njunto a otras mujeres el colectivo TxT.<\/p>\n\n\n\n<p class=\"wp-block-paragraph\"><br>\n\u00abUno de los objetivos de TxT, en sinton\u00eda con lo que hac\u00edamos en\nAfrocubanas, es crear alianzas entre los diferentes grupos de activismo, porque\nnos parece que est\u00e1n pasando cosas muy interesantes, pero muy desarticuladas.\nSin que los grupos pierdan su identidad, es importante identificar \u00e1reas para\ntrabajar de conjunto. El taller es la primera experiencia para cumplir con ese\nobjetivo\u00bb, dijo Almeida a SEMlac.<\/p>\n\n\n\n<p class=\"wp-block-paragraph\"><br>\nPensado desde l\u00f3gicas participativas, el taller no se concibe como un curso\nformal y tradicional. Aunque se compartir\u00e1n conceptos y bibliograf\u00eda b\u00e1sica, la\nconstrucci\u00f3n principal ser\u00e1 a partir de los conocimientos propios y las\nvivencias.<br>\n\u00abNo quiere decir que las activistas que no son acad\u00e9micas no tengan\nsaberes y que estos saberes no sean importantes en la labor de la lucha\nantirracista y antisexista que llevamos en Cuba, pero pensamos tambi\u00e9n que si\nunimos nuestros saberes es mucho m\u00e1s eficaz el trabajo que hacemos\u00bb,\nagrega Almeida.<\/p>\n\n\n\n<p class=\"wp-block-paragraph\"><br>\nOtro de los objetivos es integrar la lucha feminista con la lucha antirracista,\npues muchas veces las desigualdades de g\u00e9nero y las voces de mujeres quedan en\nsegundo plano.<\/p>\n\n\n\n<p class=\"wp-block-paragraph\"><br>\n\u00abVamos a empezar por el feminismo hist\u00f3rico moderno para traerlo a Cuba,\nrescatando esa pioneras que existieron en el pa\u00eds y que no se ven, sobre todo\ntratando de recuperar lo que es el feminismo negro\u00bb, explica Rodr\u00edguez\nMalag\u00f3n, del Club del Espendr\u00fa.<\/p>\n\n\n\n<p class=\"wp-block-paragraph\"><br>\nHasta el momento se han inscrito en el taller una veintena de personas, entre\nellas docentes, investigadoras, activistas, artistas y economistas. Adem\u00e1s de\nadquirir conocimientos, debatir e intercambiar, las y los participantes aspiran\na sumar recursos \u00fatiles para la transformaci\u00f3n y el empoderamiento personal y\ncolectivo.<\/p>\n\n\n\n<p class=\"wp-block-paragraph\"><br>\n\u00abEstos son temas que requieren de mucha comprensi\u00f3n, porque son temas que\natraviesan nuestras vidas cotidianas y nuestra subjetividad. Por tanto, muchas\nveces est\u00e1n comprometidos nuestros afectos y estos no ayuda a tener una\ncomprensi\u00f3n clara del fen\u00f3meno. El curso puede ser un medio para comprender las\nproblem\u00e1ticas que nos atraviesan y despu\u00e9s cada cual, desde su \u00e1mbito de\nacci\u00f3n, podr\u00e1 implementar mejores estrategias de enfrentamiento\u00bb, dijo\nAlmeida al grupo.<\/p>\n\n\n\n<p class=\"wp-block-paragraph\">SEM-SEMlac\/lgp<\/p>\n","protected":false},"excerpt":{"rendered":"<p>Una v\u00eda para adquirir conocimientos<\/p>\n","protected":false},"author":3,"featured_media":14039,"comment_status":"open","ping_status":"open","sticky":false,"template":"","format":"standard","meta":{"_monsterinsights_skip_tracking":false,"footnotes":""},"categories":[690,53],"tags":[],"class_list":["post-14038","post","type-post","status-publish","format-standard","has-post-thumbnail","category-690","category-internacional"],"_links":{"self":[{"href":"https:\/\/redsemlac.com\/semmexico\/wp-json\/wp\/v2\/posts\/14038","targetHints":{"allow":["GET"]}}],"collection":[{"href":"https:\/\/redsemlac.com\/semmexico\/wp-json\/wp\/v2\/posts"}],"about":[{"href":"https:\/\/redsemlac.com\/semmexico\/wp-json\/wp\/v2\/types\/post"}],"author":[{"embeddable":true,"href":"https:\/\/redsemlac.com\/semmexico\/wp-json\/wp\/v2\/users\/3"}],"replies":[{"embeddable":true,"href":"https:\/\/redsemlac.com\/semmexico\/wp-json\/wp\/v2\/comments?post=14038"}],"version-history":[{"count":0,"href":"https:\/\/redsemlac.com\/semmexico\/wp-json\/wp\/v2\/posts\/14038\/revisions"}],"wp:featuredmedia":[{"embeddable":true,"href":"https:\/\/redsemlac.com\/semmexico\/wp-json\/wp\/v2\/media\/14039"}],"wp:attachment":[{"href":"https:\/\/redsemlac.com\/semmexico\/wp-json\/wp\/v2\/media?parent=14038"}],"wp:term":[{"taxonomy":"category","embeddable":true,"href":"https:\/\/redsemlac.com\/semmexico\/wp-json\/wp\/v2\/categories?post=14038"},{"taxonomy":"post_tag","embeddable":true,"href":"https:\/\/redsemlac.com\/semmexico\/wp-json\/wp\/v2\/tags?post=14038"}],"curies":[{"name":"wp","href":"https:\/\/api.w.org\/{rel}","templated":true}]}}