{"id":14032,"date":"2019-11-18T19:10:01","date_gmt":"2019-11-18T19:10:01","guid":{"rendered":"https:\/\/redsemlac.com\/semmexico\/?p=14032"},"modified":"2023-07-21T15:14:33","modified_gmt":"2023-07-21T20:14:33","slug":"opinion-220","status":"publish","type":"post","link":"https:\/\/redsemlac.com\/semmexico\/opinion-220\/","title":{"rendered":"Mujer y Poder"},"content":{"rendered":"\n<h2 class=\"wp-block-heading\"> Evo, Consejero de AMLO <\/h2>\n\n\n\n<p class=\"wp-block-paragraph\"><strong>* Su protagonismo ha servido para distraer la atenci\u00f3n<\/strong><\/p>\n\n\n\n<p class=\"wp-block-paragraph\"><strong>Natalia Vidales Rodr\u00edguez<\/strong><\/p>\n\n\n\n<p class=\"wp-block-paragraph\">SemM\u00e9xico, 18 noviembre 2019.- Aunque el Presidente\nL\u00f3pez Obrador no necesita mayor auxilio como redentor social (ni apoyo para\nsabotear a las Instituciones que se le interpongan en ese prop\u00f3sito) la\nexperiencia de Evo Morales &#8211;que hizo lo propio en Bolivia&#8211; le es de mucha\nutilidad. <\/p>\n\n\n\n<p class=\"wp-block-paragraph\">Por lo pronto, el protagonismo de Evo Morales ha\nservido para distraer la atenci\u00f3n sobre temas pendientes como por ejemplos el\nculiacanazo, la masacre a los LeBar\u00f3n en Sonora, la Ley Bonilla, la imposici\u00f3n\nde Rosario Piedra en la CNDH, entre otros igual de candentes, pero circunstancialmente\nsoslayados. <\/p>\n\n\n\n<p class=\"wp-block-paragraph\">El reci\u00e9n asilado en nuestro pa\u00eds, tomando las de\nVilladiego del suyo (y olvidando la sentencia del mandatario de Colombia, Luis\nMariano Ospina P\u00e9rez, de que para la Democracia vale m\u00e1s un Presidente muerto\nque uno fugitivo), tiene una experiencia a\u00fan mayor que la de AMLO en materia de\nmandam\u00e1s: para ambos el Gobierno es el Estado, lo que los coloca a un paso del\nRey Sol, Luis XIV y su \u201cel Estado soy yo\u201d de la monarqu\u00eda absolutista francesa\ndel siglo XVII. &nbsp;<\/p>\n\n\n\n<p class=\"wp-block-paragraph\">Pero no: el Estado lo conforma tanto el gobierno &#8211;cuando\nmenos en los reg\u00edmenes constitucionales&#8211; como su poblaci\u00f3n, su territorio y\nsus Instituciones p\u00fablicas, entre las que destaca la divisi\u00f3n de poderes y las\norganizaciones civiles como la balanza que los equilibra. <\/p>\n\n\n\n<p class=\"wp-block-paragraph\">Evo se avent\u00f3 14 a\u00f1os en el poder, y en ese per\u00edodo\nlogr\u00f3 lo que aqu\u00ed AMLO apenas pretende ( y&nbsp;\nque seg\u00fan \u00e9l empieza&nbsp; no solo de\ncero sino de menos cero): Morales logr\u00f3 en Bolivia &nbsp;una gran disminuci\u00f3n de la pobreza; baj\u00f3 los\nsueldos de la alta burocracia; estabiliz\u00f3 los precios e hizo crecer la econom\u00eda\nal 4.5 % anual y aumentar el PIB al doble; llevar servicios de&nbsp; salud, educaci\u00f3n y de vivienda de&nbsp; calidad a los marginados; contar incluso con\nel apoyo de los empresarios nacionalistas ( a quienes les fue mejor que en los\ngobiernos de derecha anteriores) y, en fin, hacer realidad el sue\u00f1o\nreivindicatorio de los marginados.&nbsp; <\/p>\n\n\n\n<p class=\"wp-block-paragraph\">Pero en el camino se llev\u00f3 entre las extremidades a\nlas Instituciones (al Poder Judicial, entre otras, que qued\u00f3 fuera del alcance\nde los ciudadanos para defenderse de los abusos &#8211;deliberados o por errores\u2014del\nPoder Ejecutivo). <\/p>\n\n\n\n<p class=\"wp-block-paragraph\">A pregunta expresa acerca de ese minado de las\nInstituciones, as\u00ed como de su cuarta reelecci\u00f3n, Evo contest\u00f3 con una\nsinceridad siniestra (sic), diciendo que esas famosas instituciones (como las\nque AMLO dijo que se <em>fueran al diablo<\/em>)\neran invenci\u00f3n de los imperialistas Estados Unidos para impedir la justicia\nsocial; y que \u00e9l necesitaba 20 a\u00f1os en la Presidencia para lograr que su\nproyecto de naci\u00f3n se estableciera de manera permanente. <\/p>\n\n\n\n<p class=\"wp-block-paragraph\">El problema, agreg\u00f3, es que \u201csoy ind\u00edgena en un pa\u00eds\nsiempre dominado por extranjeros y vendepatrias, y eso no lo perdonan los\nreaccionarios de dentro y de fuera\u201d que lograron &#8212; comprando gente que atacara\nsu gobierno&#8211; su salida (sin perjuicio de la molestia de tantos bolivianos al\nsaberse que Evo viv\u00eda como Maraj\u00e1 en el penthouse de una enorme torre que se\nmand\u00f3 construir). &nbsp;&nbsp;<\/p>\n\n\n\n<p class=\"wp-block-paragraph\">\u00bfC\u00f3mo le har\u00e1 AMLO para que, eventualmente, no sea\nechado del gobierno y truncado su proyecto al repetir el caso de Evo Morales?:\nla respuesta seria en&nbsp; dejar de ver en\nlas Instituciones al diablo y, avanzar, as\u00ed sea&nbsp;\na un paso m\u00e1s lento pero seguro, &nbsp;a su lado. <\/p>\n\n\n\n<p class=\"wp-block-paragraph\">Esos contrapesos no son enemigos de la 4T, son\ninstrumentos indispensables precisamente para hacer viable y completa a la\nDemocracia, conjuntando la justicia social con el respeto a los derechos\nciviles y a la discrepancia: la dial\u00e9ctica del progreso real y sostenido. &nbsp;&nbsp;<\/p>\n\n\n\n<p class=\"wp-block-paragraph\">Salinas de Gortari tuvo como mentor de cabecera al\nfranc\u00e9s Joseph Marie C\u00f3rdova (a quien inclusive le consigui\u00f3 su naturalizaci\u00f3n\ncomo mexicano); Nixon al jud\u00edo &nbsp;Kissinger,\ny la zarina Alejandra,&nbsp; de la dinast\u00eda\nRomanov, en Rusia, adopt\u00f3 de confidente a Rasput\u00edn, pero ninguno de esos\nPr\u00edncipes maquiav\u00e9licos &nbsp;termin\u00f3 bien su\nmandato. A diferencia de quienes se han orientado por Montesquieu y sus consejas\nde la divisi\u00f3n de poderes y los contrapesos institucionales como la mejor\nf\u00f3rmula para gobernar a una naci\u00f3n. <\/p>\n","protected":false},"excerpt":{"rendered":"<p>Evo, Consejero de AMLO<\/p>\n","protected":false},"author":3,"featured_media":14033,"comment_status":"open","ping_status":"open","sticky":false,"template":"","format":"standard","meta":{"_monsterinsights_skip_tracking":false,"footnotes":""},"categories":[690,100,72],"tags":[],"class_list":["post-14032","post","type-post","status-publish","format-standard","has-post-thumbnail","category-690","category-mujer-y-poder","category-natalia-vidales"],"_links":{"self":[{"href":"https:\/\/redsemlac.com\/semmexico\/wp-json\/wp\/v2\/posts\/14032","targetHints":{"allow":["GET"]}}],"collection":[{"href":"https:\/\/redsemlac.com\/semmexico\/wp-json\/wp\/v2\/posts"}],"about":[{"href":"https:\/\/redsemlac.com\/semmexico\/wp-json\/wp\/v2\/types\/post"}],"author":[{"embeddable":true,"href":"https:\/\/redsemlac.com\/semmexico\/wp-json\/wp\/v2\/users\/3"}],"replies":[{"embeddable":true,"href":"https:\/\/redsemlac.com\/semmexico\/wp-json\/wp\/v2\/comments?post=14032"}],"version-history":[{"count":0,"href":"https:\/\/redsemlac.com\/semmexico\/wp-json\/wp\/v2\/posts\/14032\/revisions"}],"wp:featuredmedia":[{"embeddable":true,"href":"https:\/\/redsemlac.com\/semmexico\/wp-json\/wp\/v2\/media\/14033"}],"wp:attachment":[{"href":"https:\/\/redsemlac.com\/semmexico\/wp-json\/wp\/v2\/media?parent=14032"}],"wp:term":[{"taxonomy":"category","embeddable":true,"href":"https:\/\/redsemlac.com\/semmexico\/wp-json\/wp\/v2\/categories?post=14032"},{"taxonomy":"post_tag","embeddable":true,"href":"https:\/\/redsemlac.com\/semmexico\/wp-json\/wp\/v2\/tags?post=14032"}],"curies":[{"name":"wp","href":"https:\/\/api.w.org\/{rel}","templated":true}]}}