{"id":14029,"date":"2019-11-18T19:03:46","date_gmt":"2019-11-18T19:03:46","guid":{"rendered":"https:\/\/redsemlac.com\/semmexico\/?p=14029"},"modified":"2023-07-21T15:14:33","modified_gmt":"2023-07-21T20:14:33","slug":"oaxaca-85","status":"publish","type":"post","link":"https:\/\/redsemlac.com\/semmexico\/oaxaca-85\/","title":{"rendered":"El cine un espacio de expresi\u00f3n de las mujeres"},"content":{"rendered":"\n<p class=\"wp-block-paragraph\"><strong>* V Muestra de Cine y Radios Mesoamericanos llega\nal GESMujer<\/strong><strong><\/strong><\/p>\n\n\n\n<p class=\"wp-block-paragraph\"><strong>* Presentan el pr\u00f3ximo 21,\ncuatro cortometrajes<\/strong><\/p>\n\n\n\n<p class=\"wp-block-paragraph\"><strong>Redacci\u00f3n<\/strong><\/p>\n\n\n\n<p class=\"wp-block-paragraph\">SemM\u00e9xico, Oaxaca, 18 noviembre 2019.- Este jueves\n21 de noviembre al Grupo de Estudios sobre la Mujer Rosario Castellanos\npresentar\u00e1 cuatro cortometrajes: Desenredar\nel ser (Ruch\u2019ilonik ri k\u2019salem), Entre\nvoces, La mariachi y Te quiero (Kat waj), como parte del espacio\n\u201cNosotras\u201d de la V Muestra de Cine y Radio Comunitaria en Mesoam\u00e9rica.<\/p>\n\n\n\n<p class=\"wp-block-paragraph\">En este espacio de di\u00e1logo definido para hacer\nvisibles problem\u00e1ticas que viven las ni\u00f1as y las mujeres, como un primer\nmomento para re pensar, en comunidad, formas de transformar esas realidades\nestar\u00e1n presentes Delia Cumez, protagonista del cortometraje guatemalteco Entre\nvoces; de Nancy Velasco, protagonista de La Mariachi y del director mexicano\nAd\u00e1n Ruiz.<\/p>\n\n\n\n<p class=\"wp-block-paragraph\">Como organizaci\u00f3n feminista nos esforzamos cada\nd\u00eda en realizar acciones que contribuyan a la construcci\u00f3n de una sociedad\nhumana y justa donde se respeten los derechos de las mujeres, dice un bolet\u00edn\nde la organizaci\u00f3n.<\/p>\n\n\n\n<p class=\"wp-block-paragraph\">A trav\u00e9s de la proyecci\u00f3n de cortometrajes que\nforman parte del espacio \u201cNosotras\u201d de la V Muestra de Cine y Radio Comunitaria\nen Mesoam\u00e9rica, abordaremos temas muy sensibles donde las mujeres expresan\nmiedos, dolencias y deseos desde lo m\u00e1s \u00edntimo de su ser.<\/p>\n\n\n\n<p class=\"wp-block-paragraph\">Desenredar el ser, Entre voces y Te quiero son\nlos t\u00edtulos de tres cortometrajes de Guatemala que muestran que los patrones de\nviolencia que viven las ni\u00f1as y las mujeres al interior de sus comunidades se\nexpresan de formas que podemos reconocerlas en estados como el nuestro, donde\nse reproducen violaciones graves al derecho a decidir sobre su cuerpo, su\nfuturo, su vida, por el solo hecho de ser mujeres.<\/p>\n\n\n\n<p class=\"wp-block-paragraph\">Temas como la maternidad en la adolescencia, el\nincesto, los acuerdos entre adultos sobre la uni\u00f3n o matrimonio de ni\u00f1as y\nadolescentes, forman parte de esas realidades que es urgente visibilizar, por qu\u00e9,\naunque se avance en su prohibici\u00f3n en las leyes nacionales, es necesario\nquitarle fuerza a los patrones culturales y una manera de hacerlo es generar\ndi\u00e1logos \u201centre nosotras\u201d, para ir desenredando un patr\u00f3n de violencia que se\nrepite generacionalmente.<\/p>\n\n\n\n<p class=\"wp-block-paragraph\">Tambi\u00e9n se proyectar\u00e1 el cortometraje mexicano\n\u201cLa mariachi\u201d, que nos permite mirar la vida de una mujer de la diversidad\nsexual, quien junto con su esposa y su hijo, enfrentan desaf\u00edos, como las\nfamilias mexicanas, pero que adem\u00e1s desde su preferencia sexual, nos invitan a\ndarnos cuenta de que somos un pa\u00eds diverso y en la medida que respetemos y\nreconozcamos nos permitir\u00e1 avanzar hacia una sociedad incluyente, respetuosa de\nlos derechos humanos de todas y todos, sin discriminaci\u00f3n alguna.<\/p>\n\n\n\n<p class=\"wp-block-paragraph\">Despu\u00e9s de la proyecci\u00f3n se generar\u00e1 un di\u00e1logo\ncon las protagonistas y uno de sus directores, el cual estar\u00e1 moderado por la\npresidenta del Grupo de estudios, Ang\u00e9lica Ayala Ortiz.<\/p>\n\n\n\n<p class=\"wp-block-paragraph\">La cita es el pr\u00f3ximo jueves 21 de noviembre, a\nlas 4:00 de la tarde en las instalaciones del Grupo de estudios sobre la mujer\nRosario Castellanos que se localiza en tercera privada de Guadalupe Victoria\nn\u00famero 107, en la Colonia Libertad de la ciudad de Oaxaca.<\/p>\n\n\n\n<p class=\"has-medium-font-size wp-block-paragraph\"><strong>Proyecciones<\/strong><\/p>\n\n\n\n<p class=\"wp-block-paragraph\">Desenredar el ser (Ruch\u2019ilonik ri k\u2019salem)<\/p>\n\n\n\n<p class=\"wp-block-paragraph\">Sinopsis:&nbsp;Una joven que se convirti\u00f3 en adulta sin\nescogerlo se pregunta c\u00f3mo desenredar un patr\u00f3n de violencia que se repite\ngeneracionalmente en su pueblo.<\/p>\n\n\n\n<p class=\"wp-block-paragraph\">Duraci\u00f3n: 8min.<\/p>\n\n\n\n<p class=\"wp-block-paragraph\">Producci\u00f3n:&nbsp;Marta M\u00e9ndez.<\/p>\n\n\n\n<p class=\"wp-block-paragraph\">A\u00f1o: 2018.<\/p>\n\n\n\n<p class=\"wp-block-paragraph\">Idioma:&nbsp;espa\u00f1ol.<\/p>\n\n\n\n<p class=\"wp-block-paragraph\">Pa\u00eds: Guatemala.<\/p>\n\n\n\n<p class=\"wp-block-paragraph\">Directora: Ana\u00efs\nTaracena.&nbsp;Documentalista,\ngraduada de Master de Ciencias Pol\u00edticas. Ha realizado diversos proyectos\naudiovisuales enfocados en temas de memoria, g\u00e9nero y derechos humanos. En\nGuatemala ha trabajado promoviendo el cine y video en comunidades&nbsp; a\ntrav\u00e9s de muestras, talleres de creaci\u00f3n y foros. Ha realizado varios\ncortometrajes y mediometrajes que se han proyectado en festivales\ninternacionales. Actualmente est\u00e1 desarrollando su largometraje documental \u201cEl\nsilencio del topo\u201d.<\/p>\n\n\n\n<p class=\"has-medium-font-size wp-block-paragraph\"><strong>Entre voces<\/strong><\/p>\n\n\n\n<p class=\"wp-block-paragraph\">Sinopsis:&nbsp;La voz de una mujer nos cuenta la historia\nde tantas ni\u00f1as que se convierten por la fuerza en adultas.<\/p>\n\n\n\n<p class=\"wp-block-paragraph\">Duraci\u00f3n: 7 min.<\/p>\n\n\n\n<p class=\"wp-block-paragraph\">Producci\u00f3n:&nbsp;Marta M\u00e9ndez.<\/p>\n\n\n\n<p class=\"wp-block-paragraph\">A\u00f1o: 2018<\/p>\n\n\n\n<p class=\"wp-block-paragraph\">Idioma:&nbsp;espa\u00f1ol.<\/p>\n\n\n\n<p class=\"wp-block-paragraph\">Pa\u00eds: Guatemala&nbsp;<\/p>\n\n\n\n<p class=\"wp-block-paragraph\">Directora: Ana\u00efs\nTaracena.<\/p>\n\n\n\n<p class=\"wp-block-paragraph\">La mariachi<\/p>\n\n\n\n<p class=\"wp-block-paragraph\">Sinopsis:&nbsp;Nancy es una mujer mariachi que fue\nencarcelada injustamente al ser confundida con un traficante de personas\nmientras intentaba cruzar la frontera con Estados Unidos. Ahora vive en M\u00e9xico\njunto a su esposa Teo, con la que tiene un hijo. Diariamente acude a Garibaldi,\nel sitio m\u00e1s importante para el mariachi en el mundo, donde es una de las\npocas mujeres mariachi y canta para sostener a su familia.<\/p>\n\n\n\n<p class=\"wp-block-paragraph\">Duraci\u00f3n: 8min.<\/p>\n\n\n\n<p class=\"wp-block-paragraph\">Producci\u00f3n:&nbsp;Ad\u00e1n Ruiz.<\/p>\n\n\n\n<p class=\"wp-block-paragraph\">A\u00f1o: 2018<\/p>\n\n\n\n<p class=\"wp-block-paragraph\">Idioma:&nbsp;espa\u00f1ol.<\/p>\n\n\n\n<p class=\"wp-block-paragraph\">Pa\u00eds: M\u00e9xico<\/p>\n\n\n\n<p class=\"wp-block-paragraph\">Director: Ad\u00e1n Ruiz&nbsp;(Morelia, M\u00e9xico, 1994). Es egresado\nde la Licenciatura en Medios Interactivos por la Universidad de Morelia. En el\n2016 ingresa al Centro Universitario de Estudios Cinematogr\u00e1ficos (hoy Escuela\nNacional de Artes Cinematogr\u00e1ficas) de la UNAM. Ha colaborado en distintas\npel\u00edculas como director, productor y cinefot\u00f3grafo, entre otros. Su trabajo se\nha expuesto en distintos foros, galer\u00edas, museos y festivales de M\u00e9xico y el\nmundo.<\/p>\n\n\n\n<p class=\"wp-block-paragraph\">Te quiero (Kat waj)<\/p>\n\n\n\n<p class=\"wp-block-paragraph\">Sinopsis:&nbsp;Ixmucan\u00e9 es una ni\u00f1a de 12 a\u00f1os, posee\nfascinaci\u00f3n por la vida y la lectura. Vive en una aldea de Totonicap\u00e1n,\nGuatemala. Su vida cambia inesperadamente cuando su pap\u00e1 toma una decisi\u00f3n\nsobre la propia vida de Ixmucan\u00e9 y esto hace que la peque\u00f1a se rebele contra\nese destino que se les quiere imponer.<\/p>\n\n\n\n<p class=\"wp-block-paragraph\">Duraci\u00f3n: 18min.<\/p>\n\n\n\n<p class=\"wp-block-paragraph\">A\u00f1o: 2016<\/p>\n\n\n\n<p class=\"wp-block-paragraph\">Idioma:&nbsp;espa\u00f1ol\/kich\u00e9.<\/p>\n\n\n\n<p class=\"wp-block-paragraph\">Subt\u00edtulos:&nbsp;espa\u00f1ol\/ingl\u00e9s.<\/p>\n\n\n\n<p class=\"wp-block-paragraph\">Pa\u00eds: Guatemala.<\/p>\n\n\n\n<p class=\"wp-block-paragraph\">Direcci\u00f3n: Teresa\nJim\u00e9nez.<\/p>\n\n\n\n<p class=\"wp-block-paragraph\">SEM\/sj<\/p>\n","protected":false},"excerpt":{"rendered":"<p>V Muestra de Cine y Radios Mesoamericanos llega al GESMujer<\/p>\n","protected":false},"author":3,"featured_media":14030,"comment_status":"open","ping_status":"open","sticky":false,"template":"","format":"standard","meta":{"_monsterinsights_skip_tracking":false,"footnotes":""},"categories":[690,54],"tags":[],"class_list":["post-14029","post","type-post","status-publish","format-standard","has-post-thumbnail","category-690","category-mujeres"],"_links":{"self":[{"href":"https:\/\/redsemlac.com\/semmexico\/wp-json\/wp\/v2\/posts\/14029","targetHints":{"allow":["GET"]}}],"collection":[{"href":"https:\/\/redsemlac.com\/semmexico\/wp-json\/wp\/v2\/posts"}],"about":[{"href":"https:\/\/redsemlac.com\/semmexico\/wp-json\/wp\/v2\/types\/post"}],"author":[{"embeddable":true,"href":"https:\/\/redsemlac.com\/semmexico\/wp-json\/wp\/v2\/users\/3"}],"replies":[{"embeddable":true,"href":"https:\/\/redsemlac.com\/semmexico\/wp-json\/wp\/v2\/comments?post=14029"}],"version-history":[{"count":0,"href":"https:\/\/redsemlac.com\/semmexico\/wp-json\/wp\/v2\/posts\/14029\/revisions"}],"wp:featuredmedia":[{"embeddable":true,"href":"https:\/\/redsemlac.com\/semmexico\/wp-json\/wp\/v2\/media\/14030"}],"wp:attachment":[{"href":"https:\/\/redsemlac.com\/semmexico\/wp-json\/wp\/v2\/media?parent=14029"}],"wp:term":[{"taxonomy":"category","embeddable":true,"href":"https:\/\/redsemlac.com\/semmexico\/wp-json\/wp\/v2\/categories?post=14029"},{"taxonomy":"post_tag","embeddable":true,"href":"https:\/\/redsemlac.com\/semmexico\/wp-json\/wp\/v2\/tags?post=14029"}],"curies":[{"name":"wp","href":"https:\/\/api.w.org\/{rel}","templated":true}]}}