{"id":14027,"date":"2019-11-18T18:57:59","date_gmt":"2019-11-18T18:57:59","guid":{"rendered":"https:\/\/redsemlac.com\/semmexico\/?p=14027"},"modified":"2023-07-21T15:14:33","modified_gmt":"2023-07-21T20:14:33","slug":"opinion-219","status":"publish","type":"post","link":"https:\/\/redsemlac.com\/semmexico\/opinion-219\/","title":{"rendered":"Botella al Mar"},"content":{"rendered":"\n<h2 class=\"wp-block-heading\"> Fascismo 2\u00aa parte <\/h2>\n\n\n\n<p class=\"wp-block-paragraph\"><strong>* Sociedad en alerta, no el gobierno<\/strong><\/p>\n\n\n\n<p class=\"wp-block-paragraph\"><strong>Martha Canseco Gonz\u00e1lez<\/strong><\/p>\n\n\n\n<p class=\"wp-block-paragraph\">SemM\u00e9xico, 18 noviembre\n2019.-<strong> \u201cEntonces, \u00bfde qu\u00e9 sirve decir la verdad sobre el fascismo que se\ncondena, si no se dice nada del capitalismo que lo origina?\u201d: <\/strong>Bertold Brecht.<\/p>\n\n\n\n<p class=\"wp-block-paragraph\">Hace un poco m\u00e1s de quince d\u00edas salieron a las\ncalles de Pachuca, m\u00e1s de mil personas, la mayor\u00eda mujeres j\u00f3venes para exigir\na las autoridades que presenten un proyecto viable y medible de seguridad que\ngarantice la vida y la integridad de las estudiantes en cualquier \u00e1mbito en que\nse encuentren.<\/p>\n\n\n\n<p class=\"wp-block-paragraph\">El n\u00famero de desapariciones y asesinatos de j\u00f3venes\nen el \u00faltimo mes ha puesto a la sociedad en alerta, menos al gobierno de Omar\nFayad. De hecho, en una clara muestra del desd\u00e9n que siente por la poblaci\u00f3n\nhidalguense, el gobernador \u00e9se mismo d\u00eda andaba en uno de sus proyectos, \u00e9sos\nque rompen r\u00e9cord Guinness, y claro que cuestan millones de pesos que quedan en\nunas cuantas manos, pero que a la poblaci\u00f3n en general no le aporta nada.<\/p>\n\n\n\n<p class=\"wp-block-paragraph\">Alg\u00fan problema deben de tener estos funcionarios tan\ndados a buscar lo m\u00e1s grande, pero no lo mejor para Hidalgo, se me figura tanto\na c\u00f3mo se miden los adolescentes el pene en los ba\u00f1os de la secundaria.<\/p>\n\n\n\n<p class=\"wp-block-paragraph\">Este s\u00e1bado salimos a marchar para decir \u00a1basta! al\nabuso sexual infantil, llam\u00f3 la atenci\u00f3n la presencia de tanta funcionaria y\nfuncionario de gobierno, muchas y muchos de ellas y ellos amigos muy\nentra\u00f1ables, bienvenidas y bienvenidos a las marchas, pero necesitamos m\u00e1s.<\/p>\n\n\n\n<p class=\"wp-block-paragraph\">Es urgente que el gobernador Omar Fayad salga a\nanunciar un plan integral e \u00edntegro de seguridad en beneficio de toda la\npoblaci\u00f3n, es decir sin que eso signifiquen abusos de polic\u00edas y militares,\nsobre todo contra mujeres. Y un plan realmente efectivo, vamos que no nos vayan\na chamaquear como hicieron con las y los j\u00f3venes universitarios.<\/p>\n\n\n\n<p class=\"wp-block-paragraph\">S\u00ed no lo hace podr\u00eda parecer que se est\u00e1 dejando a\nlos grupos criminales actuar con toda impunidad como una forma m\u00e1s de control\nsocial o bien, que ante la imposibilidad del priismo hidalguense de levantar,\nporque siguen sin entender por qu\u00e9 perdieron las elecciones, Omar Fayad\npretenda entregar un Hidalgo hecho trizas a un posible gobierno morenista,\nexactamente lo que hizo el pe\u00f1ismo a nivel federal.<\/p>\n\n\n\n<p class=\"wp-block-paragraph\">Y todo esto tiene un enorme tufo a fascismo.<\/p>\n\n\n\n<p class=\"wp-block-paragraph\">Pero no nos desanimemos, cuando una sombra as\u00ed se\naparece, junto con ella se presentan nuevas oportunidades para todas y todos.\nAs\u00ed entonces tenemos la oportunidad de llevar a cabo una nueva revoluci\u00f3n que\npermita despejar el cielo, pero una revoluci\u00f3n que empiece primero por nosotras\ny nosotros mismos y se contin\u00fae con la sociedad toda. <\/p>\n\n\n\n<p class=\"wp-block-paragraph\">Habremos de insistir m\u00e1s en todo aquello que al\nfascismo disuelve, que le hace da\u00f1o. Habremos de ser m\u00e1s emp\u00e1ticos que nunca,\nm\u00e1s respetuosos de las diferentes formas y estilos de vida, m\u00e1s gentiles no\ns\u00f3lo con las mascotas sino sobre todo con las personas, m\u00e1s sensibles al dolor\najeno, m\u00e1s solidarios con los menos favorecidos, reconocer a\u00fan m\u00e1s a las y los\ndem\u00e1s, en fin, habremos de incrementar todo aquello que nos hace m\u00e1s humanos.<\/p>\n\n\n\n<p class=\"wp-block-paragraph\">Lo que no habremos de repetir, como lo hicieron los\nhombres y mujeres de la primera mitad del siglo XX, es quedarnos sin hacer nada\no callar ante lo que es evidente que est\u00e1 ocurriendo.<\/p>\n\n\n\n<p class=\"wp-block-paragraph\">Hay un monumento en el centro de Varsovia, son los\nrestos de un edificio luego de los bombardeos nazis a la capital polaca, con\ntoda intenci\u00f3n los dejaron ah\u00ed, para no olvidar, para recordar y para evitar\nque vuelva a ocurrir, dice la placa que le acompa\u00f1a: \u00a1LA GUERRA NUNCA M\u00c1S!<\/p>\n\n\n\n<p class=\"wp-block-paragraph\">botellalmar2017@gmail.com <\/p>\n","protected":false},"excerpt":{"rendered":"<p>Fascismo 2\u00aa parte * Sociedad en alerta, no el gobierno Martha Canseco Gonz\u00e1lez SemM\u00e9xico, 18 noviembre 2019.- \u201cEntonces, \u00bfde qu\u00e9 sirve decir la verdad sobre el fascismo que se condena, si no se dice nada del capitalismo que lo origina?\u201d: Bertold Brecht. Hace un poco m\u00e1s de quince d\u00edas salieron a las calles de Pachuca, [&hellip;]<\/p>\n","protected":false},"author":3,"featured_media":8471,"comment_status":"open","ping_status":"open","sticky":false,"template":"","format":"standard","meta":{"_monsterinsights_skip_tracking":false,"footnotes":""},"categories":[690,98,84],"tags":[],"class_list":["post-14027","post","type-post","status-publish","format-standard","has-post-thumbnail","category-690","category-botella-al-mar","category-martha-canseco"],"_links":{"self":[{"href":"https:\/\/redsemlac.com\/semmexico\/wp-json\/wp\/v2\/posts\/14027","targetHints":{"allow":["GET"]}}],"collection":[{"href":"https:\/\/redsemlac.com\/semmexico\/wp-json\/wp\/v2\/posts"}],"about":[{"href":"https:\/\/redsemlac.com\/semmexico\/wp-json\/wp\/v2\/types\/post"}],"author":[{"embeddable":true,"href":"https:\/\/redsemlac.com\/semmexico\/wp-json\/wp\/v2\/users\/3"}],"replies":[{"embeddable":true,"href":"https:\/\/redsemlac.com\/semmexico\/wp-json\/wp\/v2\/comments?post=14027"}],"version-history":[{"count":0,"href":"https:\/\/redsemlac.com\/semmexico\/wp-json\/wp\/v2\/posts\/14027\/revisions"}],"wp:featuredmedia":[{"embeddable":true,"href":"https:\/\/redsemlac.com\/semmexico\/wp-json\/wp\/v2\/media\/8471"}],"wp:attachment":[{"href":"https:\/\/redsemlac.com\/semmexico\/wp-json\/wp\/v2\/media?parent=14027"}],"wp:term":[{"taxonomy":"category","embeddable":true,"href":"https:\/\/redsemlac.com\/semmexico\/wp-json\/wp\/v2\/categories?post=14027"},{"taxonomy":"post_tag","embeddable":true,"href":"https:\/\/redsemlac.com\/semmexico\/wp-json\/wp\/v2\/tags?post=14027"}],"curies":[{"name":"wp","href":"https:\/\/api.w.org\/{rel}","templated":true}]}}