{"id":14023,"date":"2019-11-18T18:55:22","date_gmt":"2019-11-18T18:55:22","guid":{"rendered":"https:\/\/redsemlac.com\/semmexico\/?p=14023"},"modified":"2023-07-21T15:14:33","modified_gmt":"2023-07-21T20:14:33","slug":"opinion-218","status":"publish","type":"post","link":"https:\/\/redsemlac.com\/semmexico\/opinion-218\/","title":{"rendered":"Miradas de reportero"},"content":{"rendered":"\n<h2 class=\"wp-block-heading\">El dilema del periodista que formaron los comunistas<\/h2>\n\n\n\n<p class=\"wp-block-paragraph\"><strong>Rogelio Hern\u00e1ndez L\u00f3pez<\/strong><\/p>\n\n\n\n<p class=\"wp-block-paragraph\">SemM\u00e9xico, 18 noviembre 2019.- A ese periodista le\nasaltan recurrentemente im\u00e1genes de c\u00f3mo fue top\u00e1ndose con comunistas. Sus\nrecuerdos se reanimaron cuando le pidieron relatar c\u00f3mo ingres\u00f3 al PCM en la\nv\u00edspera de los cien a\u00f1os de su fundaci\u00f3n el 24 de noviembre. Y siempre le aparece\nla misma conclusi\u00f3n: agradecerles, porque lo salvaron de mucho.<\/p>\n\n\n\n<p class=\"wp-block-paragraph\">Al final de cada reminiscencia, el reportero se descubre\nsonriendo porque toda esa gente le fue cambiando su concepci\u00f3n de la vida, obtenci\u00f3n\nde libertad y sorber de su \u00e9tica solidaria y de servicio a otros sin esperar\nrecompensas.<\/p>\n\n\n\n<p class=\"wp-block-paragraph\">Evoca que, a los 28 a\u00f1os (1978), ingres\u00f3 al Partido\n(as\u00ed, en singular y con may\u00fascula las y los comunistas se refer\u00edan al PCM). A\nesa edad ya estaba bastante corridito como para saber que se un\u00eda voluntariamente\npara cooperar que M\u00e9xico fuese m\u00e1s justo con la mayor\u00eda de su gente.<\/p>\n\n\n\n<p class=\"wp-block-paragraph\">No recuerda si le dieron <em>Carnet<\/em> en la C\u00e9lula\nde periodistas Froyl\u00e1n C Manjarrez, donde lo adscribieron desde el Comit\u00e9\nCentral, pero si se congratula por haber conocido en ella a Jorge Mel\u00e9ndez\nPreciado, Antonio Caram, Humberto Musacchio, Fausto Idueta, Teresa Gil, Agust\u00edn\nGranados Granados y otros que fueron la buj\u00eda de la Uni\u00f3n de Periodistas\nDemocr\u00e1ticos (UPD). Visto en lontananza tal c\u00e9lula y la UPD le significaron un formidable\nsalto de calidad identitaria que rompi\u00f3 con los ciclos de El Zurdo, El Ronco y El\nRojo.<\/p>\n\n\n\n<p class=\"wp-block-paragraph\">Ubica que mucho antes de 1978 conoci\u00f3 a otras personas\nque identifica como comunistas, aunque no estuvieran afiliados al Partido. <\/p>\n\n\n\n<figure class=\"wp-block-image\"><img loading=\"lazy\" decoding=\"async\" width=\"934\" height=\"647\" src=\"https:\/\/redsemlac.com\/semmexico\/wp-content\/uploads\/2019\/11\/rogelio-5.jpg\" alt=\"\" class=\"wp-image-14024\"\/><\/figure>\n\n\n\n<p class=\"wp-block-paragraph\"><strong>El profe de la vecindad<\/strong><\/p>\n\n\n\n<p class=\"wp-block-paragraph\">A los 12 a\u00f1os El Zurdo era visitante asiduo a una\nvivienda de vecindad en la colonia Romero Rubio. All\u00ed viv\u00edan el profe Ortiz,\nsus dos gatos y un enorme muro de diarios Exc\u00e9lsior; llegaba a que le explicara\nnoticias pol\u00edticas, de sus militancias con Lombardo en el PP; le refunfu\u00f1aba,\npero en el fondo le daba gusto que casi le ordenara \u201cestudiar mucho para poder cambiar\nel mundo con inteligencia y no a chingadazos\u201d. Ambos repet\u00edan que, as\u00ed como\nestaba M\u00e9xico era para encabronarse. <\/p>\n\n\n\n<p class=\"wp-block-paragraph\">Es que en casi toda su infancia El Zurdo hab\u00eda\nacumulado irritaci\u00f3n por ser parte de familia migrante por pobreza extrema, por\ncrecer como el nieto mayor y testigo impotente de los padeceres de las seis\nmujeres de la casa de la abuela To\u00f1a. Ellas carec\u00edan de posibilidades de\nestudiar, ten\u00edan empleos de ingresos magros, violentadas por sus machos y tres abandonadas\nuna y otra vez. Con su madre, la G\u00fcina, desde los 6 a\u00f1os tuvo que buscar formas\npara allegarle dinero vendiendo paletas de hielo, chicles, boleando zapatos, de\n\u201cmedia cuchara\u201d en la alba\u00f1iler\u00eda, de voceador&#8230; Tambi\u00e9n expresaba contrariedad\nporque hizo la primaria en tres escuelas, expulsado por responder con violencia\na las burlas de \u201cmugrosito y zurdo\u201d; igual le quebrant\u00f3 que al buscar consuelo en\nla iglesia cat\u00f3lica tuviera que \u201cmadrear\u201d al sacerdote que golpeaba feligreses.\nA los 12 a\u00f1os El Zurdo ya era un resentido social. Quiz\u00e1 por eso buscaba al\nProfe.<\/p>\n\n\n\n<p class=\"wp-block-paragraph\"><strong>Escap\u00f3 de las pandillas<\/strong><\/p>\n\n\n\n<p class=\"wp-block-paragraph\">En la adolescencia, su apodo cambi\u00f3 a El Ronco y se\nhizo m\u00e1s discordante: se le acumularon hermanos de tres padres fugados; trabajar\nle impidi\u00f3 hacer la secundaria; hasta los 23 a\u00f1os fue obrero en f\u00e1bricas de\ndulces, de candiles, de ropa interior de mujer, de camisas; se arrim\u00f3 a j\u00f3venes\nmayores agrupados casi todos en pandillas del Barrio Chino, los Chicos Malos de\nla Romero Rubio, Los Italos de la Primero de Mayo en las que sus l\u00edderes m\u00e1s\ndesalmados hac\u00edan pagar tributo a los novatos, algunos eran elegidos para\nrobar, transe\u00fantes, casas, comercios, veh\u00edculos y a los que se resist\u00edan ten\u00edan\nque aventarse tiros-derechos (\u201csolo pat\u00edn y tromp\u00f3n\u201d) para demostrar que eran\n\u201cmachitos\u201d. De esos \u201ctrompos\u201d tuvo que echarse m\u00e1s de cincuenta y otros tantos,\nno tan \u201cderechos\u201d, en las escaramuzas colectivas; \u00e9l gan\u00f3 ninguno y s\u00ed perdi\u00f3 la\nubicaci\u00f3n original de orejas, labios, nariz, de algunos huesos, y m\u00e1s de la\nmitad de la dentadura. Gan\u00f3 algo de tolerancia, \u201cpor entr\u00f3n\u201d. Pero, el Ronco no\nquer\u00eda esa identidad. Y entre los 22 a\u00f1os y 24 a\u00f1os top\u00f3 con dos mujeres que supuso\neran comunistas.<\/p>\n\n\n\n<p class=\"wp-block-paragraph\"><strong>To\u00f1ita la mesera y Electra la costurera<\/strong><\/p>\n\n\n\n<p class=\"wp-block-paragraph\">To\u00f1ita, era mediana, morena, esbelta y guapetona, le\nserv\u00eda caf\u00e9 las tardes-noches en esa cafeter\u00eda cercana al Metro Moctezuma d\u00f3nde\nacud\u00eda a leer despu\u00e9s de salir de la f\u00e1brica de Candiles Lacamex y hacer las\ntareas de la Escuela Mexicana de Electricidad. Ella se declar\u00f3 sorprendida\nporque el Ronco leyera tambi\u00e9n Exc\u00e9lsior y amistosa le regal\u00f3 dos libros, \u201cque\na m\u00ed me han ayudado mucho\u201d: <em>Ara\u00f1as y Moscas<\/em>, un panfleto que en 20\np\u00e1ginas ilustraba c\u00f3mo organizar obreros para que \u201cdieran la lucha de clases\u201d y\nla <em>Biograf\u00eda del Manifiesto del Partido Comunista<\/em>, un librotote de 400\np\u00e1ginas o m\u00e1s con la recopilaci\u00f3n hist\u00f3rica de las fuentes de Carlos Marx y\nFederico Engels para redactar el famoso manifiesto. Luego, por el influjo de\nTo\u00f1ita, de las lecturas y sin asesor\u00eda alguna, el Ronco quiso organizar un\nsindicato en la f\u00e1brica, pero lo cacharon. Se volvi\u00f3 costurero y cortador de\nropa.<\/p>\n\n\n\n<p class=\"wp-block-paragraph\">Por esos meses supo de Electra, treintona,\nchaparrita, esbelta, con lentes y cara de muchas lecturas, era jefa de\ncostureras. Se hab\u00edan conocido en la glorieta de insurgentes entre los grupos\nmedio hipis que compart\u00edan \u201ccontracultura\u201d. Ambos intercambiaban lecturas e\ninterpretaciones de Av\u00e1ndaro en 1971, repudiaban la \u201ccerraz\u00f3n gubernamental\u201d,\nlas matanzas del 68, del 10 de junio, justificaban las guerrillas de Nuevo\nLe\u00f3n, Chihuahua, del DF y por supuesto de Guerrero. Electra le invit\u00f3 a un\n\u201ccampamento de reflexi\u00f3n\u201d en talleres de marxismo, para \u201cla organizaci\u00f3n\nproletaria\u201d de \u201cc\u00f3mo hacer recuperaciones para la causa\u201d; cuando le invitaron a\nuna \u201ccomisi\u00f3n clandestina riesgosa\u201d el Ronco dijo: \u201cYo me abro, tengo que\nseguir trabajando para mi familia\u201d.<\/p>\n\n\n\n<p class=\"wp-block-paragraph\"><strong>Dos comunistas de la Ibero<\/strong><\/p>\n\n\n\n<p class=\"wp-block-paragraph\">Con el diploma de \u201cexperto electricista\u201d en 1972, el\nRonco crey\u00f3 err\u00f3neamente que equival\u00eda a Secundaria; si le aceptaron en la\nPreparatoria Popular M\u00e1rtires de Tlatelolco (la PP); all\u00ed le apodaron El Rojo. Los\nprofesores impart\u00edan clases gratuitamente, varios militaban en todas los <em>istas<\/em>\nde entonces (trotskistas, mao\u00edstas, comunistas, socialistas, Hebertistas,\ntalamantistas) y reclutaban alumnos. Al Ronco le gust\u00f3 estar en un ambiente de\n\u201caprendizaje realista y politizaci\u00f3n\u201d, asimil\u00f3 mucho de Edmundo Jard\u00f3n, excelso\nprofesor de literatura y veterano comunista; la personalidad de dos profesores\nlo atrajeron: Jos\u00e9 Luis Hern\u00e1ndez y Pedro Etienne Llano, j\u00f3venes soci\u00f3logos,\ncon lenguaje no panfletario y con tonito verbal de la Ibero. Ellos hab\u00edan\nparticipado en el movimiento del 68, luego en el CNAC, con Heberto Castillo, pero\n\u201ccomo no era aceptable su caudillismo\u201d se fueron con Rafael Aguilar Talamantes a\nfundar el Partido Socialista de los Trabajadores. Ellos, cooptaron f\u00e1cil a El Rojo\nque segu\u00eda de obrero, pero un grupo emigr\u00f3 por el \u201ccaudillismo\u201d de Rafael\nAguilar Talamantes.<\/p>\n\n\n\n<p class=\"wp-block-paragraph\"><strong>Coaligado y al PCM<\/strong><\/p>\n\n\n\n<p class=\"wp-block-paragraph\">El Rojo fue parte del grupito que se llev\u00f3 sus ligas\ncon campesinos, maestros normalistas, acad\u00e9micos, obreras de la capital y\nestudiantes: el Movimiento de Organizaci\u00f3n Socialista (MOS) que\n\u201ccaudillistamente\u201d representaba el profesor Roberto Jaramillo. El Rojo segu\u00eda\nde obrero al terminar la Prepa popular y en el MOS aprendi\u00f3 de Maruca y Juvenal\nGonz\u00e1lez, de Elena y Armando Tova, Orlando Ortiz y Carmen, de Cristina y\nMiguel, de Jos\u00e9 Nassar, Arturo Salcido. Era un crisol fraterno y rebosante del\nizquierdismo desatado como reacci\u00f3n a los gobiernos autoritarios. El Rojo se\nsent\u00eda tonificado.<\/p>\n\n\n\n<p class=\"wp-block-paragraph\">En 1976, cuando el Comit\u00e9 Central del PCM decidi\u00f3 que\nValent\u00edn Campa Salazar fuera su candidato a la presidencia de la Rep\u00fablica sin\nregistro, logr\u00f3 integrar la Coalici\u00f3n de Izquierda, con el peque\u00f1o crisol del\nMOS y los trotskistas de la Liga Socialista. El Rojo fue brigadista en varias\nentidades. Despu\u00e9s siguieron coaliciones del PCM con grupos de esa izquierda\nabigarrada hasta que el Rojo ingres\u00f3 al PCM en 1978, luego se integr\u00f3 a la\nc\u00e9lula Froylan C. Manjarrez y al equipo de reporteros-redactores del semanario\nOposici\u00f3n, como \u201cprofesional del partido\u201d. En 1979 se decidi\u00f3 que fuera como\nreportero a la Guerra de Nicaragua con credenciales de Oposici\u00f3n, Prensa\nLatina, Intervi\u00fa y unom\u00e1suno. Cumpli\u00f3 y a partir de all\u00ed se defini\u00f3 como el\nreportero.<\/p>\n\n\n\n<p class=\"wp-block-paragraph\"><strong>El reportero&nbsp;&nbsp;&nbsp;&nbsp;&nbsp;&nbsp;&nbsp;&nbsp;&nbsp;&nbsp;&nbsp;&nbsp;&nbsp;&nbsp;&nbsp;&nbsp;&nbsp;&nbsp;&nbsp;&nbsp;&nbsp;&nbsp;&nbsp;&nbsp;&nbsp;&nbsp;&nbsp;&nbsp;&nbsp;&nbsp;&nbsp;&nbsp;&nbsp;&nbsp;&nbsp;&nbsp;&nbsp;&nbsp;&nbsp;&nbsp;&nbsp;&nbsp; <\/strong><\/p>\n\n\n\n<p class=\"wp-block-paragraph\">A la disoluci\u00f3n del PCM, el reportero ya no ingres\u00f3\nal PSUM ni al PMS ni a otro. En 1981 pudo ser contratado como reportero de <em>Exc\u00e9lsior<\/em>\ny como tal hizo la cobertura completa de la campa\u00f1a de Arnoldo Mart\u00ednez Verdugo.\n<\/p>\n\n\n\n<p class=\"wp-block-paragraph\">Ya sin partido, en 1985 lo acept\u00f3 como esposo una\npedagoga y profesora comunista, muy independiente, guap\u00edsima, rebosante de\nprincipios familiares y de esa \u00e9tica de solidaridad permanente para quien la\nnecesite. Es la comunista que m\u00e1s le marc\u00f3 e incluso lo sigue reeducando para\nla convivencia.<\/p>\n\n\n\n<div class=\"wp-block-image\"><figure class=\"alignleft is-resized\"><img loading=\"lazy\" decoding=\"async\" src=\"https:\/\/redsemlac.com\/semmexico\/wp-content\/uploads\/2019\/11\/rogelio-6.jpg\" alt=\"\" class=\"wp-image-14025\" width=\"233\" height=\"247\"\/><\/figure><\/div>\n\n\n\n<p class=\"wp-block-paragraph\">El reportero lleva 31 a\u00f1os moldeando su identidad de\nvida como periodista profesional y todav\u00eda no termina de hacerlo porque apuesta\na que el periodismo cumpla su misi\u00f3n social de informar veraz y sinceramente. Ha\nsido director de la Revista Mexicana del Consumidor, director de noticias del\nGrupo ACIR; jefe de informaci\u00f3n en Canal 40, en la DGI de la UNAM y del\nnoticiero En Blanco y Negro de MVS con Carmen Aristegui y Javier Sol\u00f3rzano. Fue\ninvestigador de Asuntos Especiales en El Universal, de MILENIO Diario, gerente\nde Contenidos de Capital Media como segundo del Director Editorial, Raymundo\nRiva Palacio, hasta febrero de 2019.<\/p>\n\n\n\n<p class=\"wp-block-paragraph\">Por toda esta vida, el reportero siente que les debe\nreciprocidad a los comunistas de antes, a los que conoci\u00f3 dentro y fuera del\npartido, porque les aprendi\u00f3 esa otra forma de mirar el mundo, porque los sobrevivientes\nson ejemplos vivos de tesoner\u00eda, de esp\u00edritu de cuerpo y de sacrificio, de esa m\u00edstica\n\u2013hoy casi extinta&#8211; de pensar a los dem\u00e1s y servirles. Les admira y agradece. <\/p>\n\n\n\n<p class=\"wp-block-paragraph\">Cerca del centenario de la fundaci\u00f3n del PCM le\nllueven invitaciones para regenerar un partido de izquierda comunista o\nsocialista. Y ah\u00ed le aguijonea su dilema. Le gustar\u00eda poner sus capacidades a\nesa causa, pero se opone su identidad profesional. Desde hace 31 a\u00f1os supo que\nla mayor\u00eda de la gente tambi\u00e9n necesita del periodismo profesional y que, como\na todos los periodistas \u00e9ticos, le corresponde ejercer y defender esa libertad\nde prensa que ayudaron a conquistar. La sociedad necesita esos periodistas que\ntambi\u00e9n fueron factor para la insurrecci\u00f3n c\u00edvica y pac\u00edfica que dio el triunfo\nelectoral de L\u00f3pez Obrador.<\/p>\n","protected":false},"excerpt":{"rendered":"<p>El dilema del periodista que formaron los comunistas<\/p>\n","protected":false},"author":3,"featured_media":8473,"comment_status":"open","ping_status":"open","sticky":false,"template":"","format":"standard","meta":{"_monsterinsights_skip_tracking":false,"footnotes":""},"categories":[690,106,85],"tags":[],"class_list":["post-14023","post","type-post","status-publish","format-standard","has-post-thumbnail","category-690","category-mirada-de-reportero","category-rogelio-hernandez-lopez"],"_links":{"self":[{"href":"https:\/\/redsemlac.com\/semmexico\/wp-json\/wp\/v2\/posts\/14023","targetHints":{"allow":["GET"]}}],"collection":[{"href":"https:\/\/redsemlac.com\/semmexico\/wp-json\/wp\/v2\/posts"}],"about":[{"href":"https:\/\/redsemlac.com\/semmexico\/wp-json\/wp\/v2\/types\/post"}],"author":[{"embeddable":true,"href":"https:\/\/redsemlac.com\/semmexico\/wp-json\/wp\/v2\/users\/3"}],"replies":[{"embeddable":true,"href":"https:\/\/redsemlac.com\/semmexico\/wp-json\/wp\/v2\/comments?post=14023"}],"version-history":[{"count":0,"href":"https:\/\/redsemlac.com\/semmexico\/wp-json\/wp\/v2\/posts\/14023\/revisions"}],"wp:featuredmedia":[{"embeddable":true,"href":"https:\/\/redsemlac.com\/semmexico\/wp-json\/wp\/v2\/media\/8473"}],"wp:attachment":[{"href":"https:\/\/redsemlac.com\/semmexico\/wp-json\/wp\/v2\/media?parent=14023"}],"wp:term":[{"taxonomy":"category","embeddable":true,"href":"https:\/\/redsemlac.com\/semmexico\/wp-json\/wp\/v2\/categories?post=14023"},{"taxonomy":"post_tag","embeddable":true,"href":"https:\/\/redsemlac.com\/semmexico\/wp-json\/wp\/v2\/tags?post=14023"}],"curies":[{"name":"wp","href":"https:\/\/api.w.org\/{rel}","templated":true}]}}