{"id":14020,"date":"2019-11-18T18:51:42","date_gmt":"2019-11-18T18:51:42","guid":{"rendered":"https:\/\/redsemlac.com\/semmexico\/?p=14020"},"modified":"2023-07-21T15:14:33","modified_gmt":"2023-07-21T20:14:33","slug":"violencia-con-signo-de-pesos","status":"publish","type":"post","link":"https:\/\/redsemlac.com\/semmexico\/violencia-con-signo-de-pesos\/","title":{"rendered":"Violencia con signo de pesos"},"content":{"rendered":"\n<p class=\"wp-block-paragraph\"><strong>* Violencia econ\u00f3mica una forma de control de los recursos\necon\u00f3micos<\/strong><\/p>\n\n\n\n<p class=\"wp-block-paragraph\"><strong>* Las\nmujeres lo justifican y no lo consideramos como grave<\/strong><\/p>\n\n\n\n<p class=\"wp-block-paragraph\"><strong>Shuemy\nP\u00e9rez<\/strong><strong><\/strong><\/p>\n\n\n\n<p class=\"wp-block-paragraph\">SemM\u00e9xico\/Testigo P\u00farpura, Veracruz, 18\nnoviembre 2019.- \u201cNunca me dio dinero\u201d, coment\u00f3 Esther con voz desilusionada,\nluego de ser cuestionada si el padre de su hijo, quien fue su pareja y verdugo\npor m\u00e1s de 25 a\u00f1os, la apoyaba econ\u00f3micamente. <\/p>\n\n\n\n<p class=\"wp-block-paragraph\">La familia de su pareja a veces la ayudaba,\npero no con mucho y a cambio, ella ten\u00eda que cuidar de su hijo, de dos sobrinas\ny un sobrino m\u00e1s; era el costo que ella pagaba para tener d\u00f3nde dormir y qu\u00e9\ncomer. La situaci\u00f3n que vivi\u00f3 Esther es un ejemplo de violencia econ\u00f3mica.<\/p>\n\n\n\n<p class=\"wp-block-paragraph\">La violencia econ\u00f3mica es una forma de\ncontrol de los recursos econ\u00f3micos, suele darse en una relaci\u00f3n afectiva. Se\nmuestra a trav\u00e9s de la falta de libertad que el agresor ofrece a la v\u00edctima en\nla realizaci\u00f3n de gastos necesarios para cubrir sus necesidades. Tambi\u00e9n puede\ndarse en el caso que la mujer sea la que aporte el dinero y el hombre sea el\nque lo administre. <\/p>\n\n\n\n<p class=\"wp-block-paragraph\">El Instituto Veracruzano de la Mujer (IVM) la\ndefine como la acci\u00f3n u omisi\u00f3n de la persona agresora que afecta la\nsupervivencia econ\u00f3mica de la v\u00edctima; se manifiesta a trav\u00e9s de limitaciones\nencaminadas a controlar el ingreso. Aunque tambi\u00e9n lo es as\u00ed obtener un salario\nmenor por igual trabajo, dentro de un mismo centro laboral y el no\nreconocimiento de la paternidad y\/o el incumplimiento de las obligaciones.<\/p>\n\n\n\n<p class=\"wp-block-paragraph\">\u201cLimpiaba, nos daba de comer, nos iba a traer\na la escuela, nos ba\u00f1aba, nos cuidaba, lavaba todo y eso que eran tres casas\nlas que ten\u00eda que mantener impecables y a pesar de siempre estar al pie del\nca\u00f1\u00f3n en todas las tareas dom\u00e9sticas mi t\u00edo la golpeaba. Incluso no recuerdo\nque \u00e9l le diera dinero, mi t\u00eda siempre buscaba la manera de conseguirlo, a\nveces se iba a la tienda de una se\u00f1ora y ah\u00ed se ganaba algo de dinero, pero si\nmi t\u00edo se enteraba le quitaba el dinero y lo ocupaba para tomar\u201d, dijo\nGuadalupe, sobrina de Esther, cuyos nombres fueron modificados para guardar su\nidentidad.<\/p>\n\n\n\n<p class=\"wp-block-paragraph\">La psic\u00f3loga Lorena Redondo Delgado,\nintegrante del Sistema Estatal para Prevenir, Atender, Sancionar y Erradicar la\nViolencia Contra las Mujeres, atribuy\u00f3 este comportamiento a un\ncondicionamiento sociocultural. <\/p>\n\n\n\n<p class=\"wp-block-paragraph\">\u201cVivimos en una cultura machista y hay\nciertos valores o creencias que asumimos como si fueran la verdad y que no nos\ncuestionamos\u201d, indic\u00f3.<\/p>\n\n\n\n<p class=\"wp-block-paragraph\">Asegur\u00f3 que el machismo que se vive impone\nlos roles de g\u00e9neros, lo que hace que las personas no cuestionen o se den\ncuenta que est\u00e1n sufriendo una violencia. <\/p>\n\n\n\n<p class=\"wp-block-paragraph\">\u201cB\u00e1sicamente nos hace creer desde que\nnacemos, que el rol del proveedor, la figura de autoridad, de fortaleza, de\ncapacidad intelectual, incluso para resolver problemas importantes de la vida\nes de los hombres, y bajo estas creencias, a la mujer se le considera incapaz o\ninferior, aunque no se lo digan con esas palabras tan textuales, finalmente la\nmanera en la que educamos a los hombres y a las mujeres, giran alrededor de eso\n(\u2026) la sociedad y la cultura nos educan y nos condicionan que, de ni\u00f1os, a\ntrav\u00e9s de los pap\u00e1s es mi primera referencia de c\u00f3mo voy a ser hombre o mujer\u201d,\nafirm\u00f3. <\/p>\n\n\n\n<p class=\"wp-block-paragraph\">Seg\u00fan el \u2018Diagn\u00f3stico sobre la Violencia de\nG\u00e9nero contra las Mujeres en el Estado de Veracruz. An\u00e1lisis y Evidencias a\npartir del Banco Estatal de Datos e Informaci\u00f3n sobre Casos de Violencia contra\nlas Mujeres\u2019 (BANESVIM), publicada en noviembre de 2018, se registraron 7 mil\n653 eventos de violencia contra mujeres, en donde mil 323 mujeres refirieron\nhaber sufrido violencia econ\u00f3mica (17.37 %) y 909 fueron objeto de violencia\necon\u00f3mica y f\u00edsica (11.94 %) en un mismo evento.<\/p>\n\n\n\n<p class=\"wp-block-paragraph\">\u201cPens\u00e9 que era bueno, pero despu\u00e9s se empez\u00f3\na portar mal. Viv\u00eda ah\u00ed porque yo no ten\u00eda a d\u00f3nde ir. Si estuviera mi mam\u00e1 yo\nme hubiera ido con mi mam\u00e1, o mi pap\u00e1, pero no ten\u00eda otro lugar y luego mi hijo\nbuscaba mucho para all\u00e1, cuando nos \u00edbamos regres\u00e1bamos porque mi hijo buscaba\nmucho all\u00e1, no s\u00e9 si buscaba a su pap\u00e1\u201d, cont\u00f3 Esther. <\/p>\n\n\n\n<p class=\"wp-block-paragraph\">\u201cDec\u00eda que todo era de \u00e9l, que nosotros (su\nhijo y ella) no ten\u00edamos nada, cosas muy feas (les dec\u00eda). Incluso cuando nos\nenferm\u00e1bamos nos dec\u00eda <em>yo no s\u00e9 c\u00f3mo le hacen ustedes porque yo tengo mi\ndoctor<\/em>. Nunca tuve apoyo de \u00e9l\u201d. El miedo se le escucha en la voz, no\nquiere extenderse porque le duele recordar. <\/p>\n\n\n\n<p class=\"wp-block-paragraph\">La abogada Mar\u00eda Adriana Fuentes Manzo,\nintegrante del Colectivo Equifon\u00eda, explic\u00f3 que las personas todav\u00eda siguen\npensando que, si se les restringen los apoyos econ\u00f3micos, como la manutenci\u00f3n,\nes porque no cuentan con el dinero suficiente. <\/p>\n\n\n\n<p class=\"wp-block-paragraph\">\u201cLas mujeres lo justifican y no lo\nconsideramos como grave. En el Estado de Veracruz no tenemos un c\u00f3digo\nfamiliar, es mucho de la interpretaci\u00f3n de las y los jueces familiares, pero\nhay de donde, hay otros sustentos, est\u00e1 la Constituci\u00f3n, est\u00e1n los tratados\ninternacionales, est\u00e1 tambi\u00e9n la jurisprudencia y principios de derechos que\nhacen una interpretaci\u00f3n y, en un momento dado, proteger a las partes. Cuando\nhay un concubinato, los jueces o las juezas pueden hacer una interpretaci\u00f3n de\nlas partes y pueden reconocer el que pueda generarse una mayor protecci\u00f3n tanto\necon\u00f3mica como patrimonial\u201d, expres\u00f3. <\/p>\n\n\n\n<p class=\"wp-block-paragraph\">Esther, de 57 a\u00f1os, justifica que, su ahora\nex pareja, se haya portado as\u00ed a causa del alcohol o como una actitud normal.\n\u201c\u00c9l es as\u00ed\u201d, expres\u00f3 en reiteradas ocasiones. Ahora vive con su hijo, su nuera\ny su nieto, en un peque\u00f1o cuarto, porque su ex pareja los corri\u00f3 de lo que ella\nconsideraba era su casa.&nbsp; <\/p>\n\n\n\n<p class=\"wp-block-paragraph\">\u201cHace unas semanas mi pap\u00e1 me dijo que me\nfuera buscando donde vivir con mi mam\u00e1 y mi hijo y mi esposa, porque no s\u00e9 qu\u00e9\nla va hacer a las casas, me doli\u00f3 que nos hiciera esas cosas\u201d, dijo Ra\u00fal, hijo\nde Esther.<\/p>\n\n\n\n<p class=\"wp-block-paragraph\">SEM-TP\/sp\/sj <\/p>\n","protected":false},"excerpt":{"rendered":"<p>Las mujeres lo justifican y no lo consideramos como grave<\/p>\n","protected":false},"author":3,"featured_media":14021,"comment_status":"open","ping_status":"open","sticky":false,"template":"","format":"standard","meta":{"_monsterinsights_skip_tracking":false,"footnotes":""},"categories":[690,51],"tags":[],"class_list":["post-14020","post","type-post","status-publish","format-standard","has-post-thumbnail","category-690","category-ejecutivo"],"_links":{"self":[{"href":"https:\/\/redsemlac.com\/semmexico\/wp-json\/wp\/v2\/posts\/14020","targetHints":{"allow":["GET"]}}],"collection":[{"href":"https:\/\/redsemlac.com\/semmexico\/wp-json\/wp\/v2\/posts"}],"about":[{"href":"https:\/\/redsemlac.com\/semmexico\/wp-json\/wp\/v2\/types\/post"}],"author":[{"embeddable":true,"href":"https:\/\/redsemlac.com\/semmexico\/wp-json\/wp\/v2\/users\/3"}],"replies":[{"embeddable":true,"href":"https:\/\/redsemlac.com\/semmexico\/wp-json\/wp\/v2\/comments?post=14020"}],"version-history":[{"count":0,"href":"https:\/\/redsemlac.com\/semmexico\/wp-json\/wp\/v2\/posts\/14020\/revisions"}],"wp:featuredmedia":[{"embeddable":true,"href":"https:\/\/redsemlac.com\/semmexico\/wp-json\/wp\/v2\/media\/14021"}],"wp:attachment":[{"href":"https:\/\/redsemlac.com\/semmexico\/wp-json\/wp\/v2\/media?parent=14020"}],"wp:term":[{"taxonomy":"category","embeddable":true,"href":"https:\/\/redsemlac.com\/semmexico\/wp-json\/wp\/v2\/categories?post=14020"},{"taxonomy":"post_tag","embeddable":true,"href":"https:\/\/redsemlac.com\/semmexico\/wp-json\/wp\/v2\/tags?post=14020"}],"curies":[{"name":"wp","href":"https:\/\/api.w.org\/{rel}","templated":true}]}}