{"id":14016,"date":"2019-11-17T22:41:59","date_gmt":"2019-11-17T22:41:59","guid":{"rendered":"https:\/\/redsemlac.com\/semmexico\/?p=14016"},"modified":"2023-07-21T15:14:33","modified_gmt":"2023-07-21T20:14:33","slug":"falsa-la-noticia-del-atentado-contra-diputada-en-veracruz","status":"publish","type":"post","link":"https:\/\/redsemlac.com\/semmexico\/falsa-la-noticia-del-atentado-contra-diputada-en-veracruz\/","title":{"rendered":"Falsa la noticia del atentado contra diputada en Veracruz"},"content":{"rendered":"\n<p class=\"wp-block-paragraph\"><strong>Redacci\u00f3n<\/strong><\/p>\n\n\n\n<p class=\"wp-block-paragraph\">SemM\u00e9xico\/Billie Parker Noticias. Altotonga. 17 noviembre 2018.- Luego de que circulara en redes sociales que la diputada local, Ivonne Trujillo de Movimiento Ciudadano fuera v\u00edctima de un \u201csupuesto atentado\u201d, Jonathan Trujillo, desminti\u00f3 que su hermana la diputada Ivonne Trujillo hubiera sufrido tal ataque como circul\u00f3 profusamente durante la ma\u00f1ana de este domingo en medios locales y whatsapp, donde incluso exhibieron una foto de un cuerpo tendido al lado de un auto.<\/p>\n\n\n\n<p class=\"wp-block-paragraph\">Supuestamente habr\u00edan baleado el veh\u00edculo donde viajaba la legisladora local, con el saldo de la presunta muerte de su asesor, Juan Pablo Becerra, quien se reporta bien y a salvo, al igual que toda la familia, y calificaron como falsa la informaci\u00f3n que hicieron circular.<\/p>\n\n\n\n<p class=\"wp-block-paragraph\">Horas despu\u00e9s la SSP Veracruz report\u00f3 que era Fake news la presunta agresi\u00f3n a la Diputada Local por el Distrito 09, Ivonne Trujillo Ortiz difundida en medios y redes sociales.<\/p>\n\n\n\n<p class=\"wp-block-paragraph\">\u201c\u202aAutoridades de esta instituci\u00f3n mantuvieron comunicaci\u00f3n con ella quien report\u00f3 encontrarse con su familia en actividades privadas y desminti\u00f3 supuesto atentado\u201d.<\/p>\n\n\n\n<p class=\"wp-block-paragraph\">Por la tarde la diputada por Movimiento Ciudadano transmiti\u00f3 en video su postura reprobando la difusi\u00f3n de noticias falsas que causan angustia y tenor entre sus familiares.<\/p>\n\n\n\n<p class=\"wp-block-paragraph\">\u201cGracias a todos y todas por sus muestras de afecto, lamento este tipo de actos tan cobardes de quienes tratan de amedrentar con sus notas falsas\u201d dijo durante su video en una de sus redes sociales.<\/p>\n","protected":false},"excerpt":{"rendered":"<p>Supuestamente habr\u00edan baleado el veh\u00edculo donde viajaba la legisladora local, con el saldo de la presunta muerte de su asesor, Juan Pablo Becerra, quien se reporta bien y a salvo, al igual que toda la familia<\/p>\n","protected":false},"author":3,"featured_media":14017,"comment_status":"open","ping_status":"open","sticky":false,"template":"","format":"standard","meta":{"_monsterinsights_skip_tracking":false,"footnotes":""},"categories":[690,50],"tags":[],"class_list":["post-14016","post","type-post","status-publish","format-standard","has-post-thumbnail","category-690","category-congreso"],"_links":{"self":[{"href":"https:\/\/redsemlac.com\/semmexico\/wp-json\/wp\/v2\/posts\/14016","targetHints":{"allow":["GET"]}}],"collection":[{"href":"https:\/\/redsemlac.com\/semmexico\/wp-json\/wp\/v2\/posts"}],"about":[{"href":"https:\/\/redsemlac.com\/semmexico\/wp-json\/wp\/v2\/types\/post"}],"author":[{"embeddable":true,"href":"https:\/\/redsemlac.com\/semmexico\/wp-json\/wp\/v2\/users\/3"}],"replies":[{"embeddable":true,"href":"https:\/\/redsemlac.com\/semmexico\/wp-json\/wp\/v2\/comments?post=14016"}],"version-history":[{"count":0,"href":"https:\/\/redsemlac.com\/semmexico\/wp-json\/wp\/v2\/posts\/14016\/revisions"}],"wp:featuredmedia":[{"embeddable":true,"href":"https:\/\/redsemlac.com\/semmexico\/wp-json\/wp\/v2\/media\/14017"}],"wp:attachment":[{"href":"https:\/\/redsemlac.com\/semmexico\/wp-json\/wp\/v2\/media?parent=14016"}],"wp:term":[{"taxonomy":"category","embeddable":true,"href":"https:\/\/redsemlac.com\/semmexico\/wp-json\/wp\/v2\/categories?post=14016"},{"taxonomy":"post_tag","embeddable":true,"href":"https:\/\/redsemlac.com\/semmexico\/wp-json\/wp\/v2\/tags?post=14016"}],"curies":[{"name":"wp","href":"https:\/\/api.w.org\/{rel}","templated":true}]}}