{"id":14013,"date":"2019-11-17T22:28:51","date_gmt":"2019-11-17T22:28:51","guid":{"rendered":"https:\/\/redsemlac.com\/semmexico\/?p=14013"},"modified":"2023-07-21T15:14:33","modified_gmt":"2023-07-21T20:14:33","slug":"en-su-primer-informe-cuitlahuac-omite-la-violencia-contra-mujeres-y-ninas","status":"publish","type":"post","link":"https:\/\/redsemlac.com\/semmexico\/en-su-primer-informe-cuitlahuac-omite-la-violencia-contra-mujeres-y-ninas\/","title":{"rendered":"En su primer informe Cuitl\u00e1huac omite la violencia contra mujeres y ni\u00f1as"},"content":{"rendered":"\n<p class=\"wp-block-paragraph\"><strong>Ana Alicia Osorio\/TestigoP\u00farpura.com <\/strong><\/p>\n\n\n\n<p class=\"wp-block-paragraph\">SemM\u00e9xico\/Billie Parker Noticias. Xalapa, Veracruz.  17 noviembre 2019.- En su mensaje por un a\u00f1o de gobierno, el gobernador Cuitl\u00e1huac Garc\u00eda Jim\u00e9nez no hizo una sola menci\u00f3n de la situaci\u00f3n de violencias contra las mujeres que se vive en el estado de Veracruz.\u00a0<\/p>\n\n\n\n<p class=\"wp-block-paragraph\">Aunque la entidad encabeza las cifras de feminicidios, el gobernador no mencion\u00f3 nada al respecto cuando abord\u00f3 el tema de seguridad donde se enfoc\u00f3 a compras de patrullas (que fueron muy cuestionadas por los altos precios) y reducciones de \u00edndices delictivos.&nbsp;<\/p>\n\n\n\n<p class=\"wp-block-paragraph\">Tan solo entre enero y septiembre de este a\u00f1o sumaron 146 mujeres v\u00edctimas de feminicidio y 29 mujeres v\u00edctimas de homicidio doloso, seg\u00fan el Secretariado Ejecutivo del Sistema Nacional de Seguridad P\u00fablica.&nbsp;<\/p>\n\n\n\n<p class=\"wp-block-paragraph\">En las \u00faltimas semanas se ha presentado un aumento en las agresiones sexuales contra mujeres, por lo que se han realizado varias manifestaciones y exigencias. El tema no fue tocado en el mensaje.&nbsp;<\/p>\n\n\n\n<p class=\"wp-block-paragraph\">El estado es el \u00fanico que cuenta con dos Alertas de Violencia de G\u00e9nero, una por feminicidio y una por Agravio Comparado, es decir que las leyes respecto al aborto agravian a las mujeres. Sin embargo, tampoco hubo referencia a ello.&nbsp;<\/p>\n\n\n\n<p class=\"wp-block-paragraph\">El pr\u00f3ximo 1 de diciembre se cumple el primer a\u00f1o de gobierno por lo que, como se acostumbra, el gobernador dio un mensaje p\u00fablico para hablar acerca de la situaci\u00f3n que se vive en la entidad y los logros que ha obtenido.&nbsp;<\/p>\n\n\n\n<p class=\"wp-block-paragraph\">Las mujeres, la violencia que vive y las situaciones particulares, no se hicieron presentes en ning\u00fan momento.&nbsp;<\/p>\n","protected":false},"excerpt":{"rendered":"<p>Tan solo entre enero y septiembre de este a\u00f1o sumaron 146 mujeres v\u00edctimas de feminicidio y 29 mujeres v\u00edctimas de homicidio doloso, seg\u00fan el Secretariado Ejecutivo del Sistema Nacional de Seguridad P\u00fablica. <\/p>\n","protected":false},"author":3,"featured_media":14014,"comment_status":"open","ping_status":"open","sticky":false,"template":"","format":"standard","meta":{"_monsterinsights_skip_tracking":false,"footnotes":""},"categories":[690,51],"tags":[],"class_list":["post-14013","post","type-post","status-publish","format-standard","has-post-thumbnail","category-690","category-ejecutivo"],"_links":{"self":[{"href":"https:\/\/redsemlac.com\/semmexico\/wp-json\/wp\/v2\/posts\/14013","targetHints":{"allow":["GET"]}}],"collection":[{"href":"https:\/\/redsemlac.com\/semmexico\/wp-json\/wp\/v2\/posts"}],"about":[{"href":"https:\/\/redsemlac.com\/semmexico\/wp-json\/wp\/v2\/types\/post"}],"author":[{"embeddable":true,"href":"https:\/\/redsemlac.com\/semmexico\/wp-json\/wp\/v2\/users\/3"}],"replies":[{"embeddable":true,"href":"https:\/\/redsemlac.com\/semmexico\/wp-json\/wp\/v2\/comments?post=14013"}],"version-history":[{"count":0,"href":"https:\/\/redsemlac.com\/semmexico\/wp-json\/wp\/v2\/posts\/14013\/revisions"}],"wp:featuredmedia":[{"embeddable":true,"href":"https:\/\/redsemlac.com\/semmexico\/wp-json\/wp\/v2\/media\/14014"}],"wp:attachment":[{"href":"https:\/\/redsemlac.com\/semmexico\/wp-json\/wp\/v2\/media?parent=14013"}],"wp:term":[{"taxonomy":"category","embeddable":true,"href":"https:\/\/redsemlac.com\/semmexico\/wp-json\/wp\/v2\/categories?post=14013"},{"taxonomy":"post_tag","embeddable":true,"href":"https:\/\/redsemlac.com\/semmexico\/wp-json\/wp\/v2\/tags?post=14013"}],"curies":[{"name":"wp","href":"https:\/\/api.w.org\/{rel}","templated":true}]}}