{"id":14008,"date":"2019-11-16T01:11:18","date_gmt":"2019-11-16T01:11:18","guid":{"rendered":"https:\/\/redsemlac.com\/semmexico\/?p=14008"},"modified":"2023-07-21T15:14:33","modified_gmt":"2023-07-21T20:14:33","slug":"un-llamado-a-la-reconciliacion-en-el-senado-por-el-bien-del-pais-ricardo-monreal","status":"publish","type":"post","link":"https:\/\/redsemlac.com\/semmexico\/un-llamado-a-la-reconciliacion-en-el-senado-por-el-bien-del-pais-ricardo-monreal\/","title":{"rendered":"Un llamado a la reconciliaci\u00f3n en el Senado por el bien del pa\u00eds: Ricardo Monreal"},"content":{"rendered":"\n<ul class=\"wp-block-list\"><li> <strong>Se convocar\u00e1 a un nuevo Consejo Honorario de la CNDH<\/strong> <\/li><\/ul>\n\n\n\n<p class=\"wp-block-paragraph\"><strong>Elda Montiel<\/strong><\/p>\n\n\n\n<p class=\"wp-block-paragraph\">SemM\u00e9xico. Cd. de M\u00e9xico. 16 de noviembre de 2019.-&nbsp;El senador Ricardo Monreal \u00c1vila, coordinador del Grupo Parlamentario de Morena, hizo un llamado a abrir un proceso de reconciliaci\u00f3n en el Senado de la Rep\u00fablica, tras considerar que al pa\u00eds ni a nadie le conviene tener un Senado confrontado, por lo que todos deben poner de su parte para reconducirlo como una instituci\u00f3n representante del Pacto Federal, confiable y prudente. \u200b<\/p>\n\n\n\n<p class=\"wp-block-paragraph\">Tendi\u00f3 su mano a todos los grupos parlamentarios \u201cpara que nos reencontremos\u201d, le demos una vuelta a la p\u00e1gina y continuemos reconstruyendo la agenda legislativa por M\u00e9xico. Es un gesto de buena&nbsp;fe, pidiendo disculpas a quien se sienta ofendido\u201d.<\/p>\n\n\n\n<p class=\"wp-block-paragraph\">Respecto a la elecci\u00f3n de Rosario&nbsp;Piedra Ibarra como presidenta de la Comisi\u00f3n Nacional de los Derechos Humanos (CNDH),&nbsp;asegur\u00f3 que fue un acto soberano del Senado, firme, inobjetable y contundente, por lo que los juicios de amparo interpuestos en contra de esta decisi\u00f3n no&nbsp;prosperar\u00e1n. \u200b<\/p>\n\n\n\n<p class=\"wp-block-paragraph\">Monreal&nbsp;\u00c1vila&nbsp;explic\u00f3 que la Ley de Amparo y la Constituci\u00f3n establecen la improcedencia de acciones o controversias de inconstitucionalidad contra los actos soberanos del Congreso, o de una de sus C\u00e1maras, en alguna de sus resoluciones, pues \u201cson de naturaleza totalmente distinta\u201d. \u200b\u200b<\/p>\n\n\n\n<p class=\"wp-block-paragraph\">El legislador&nbsp;morenista,&nbsp;dijo que era obvio que aquellos que no estuvieron de acuerdo con la elecci\u00f3n de Piedra Ibarra iban a interponer juicios de amparo. Pero tambi\u00e9n es obvio, precis\u00f3, que seguir\u00e1n la ruta de declararse notoriamente improcedentes&nbsp;y que todos los amparos que se interpongan tendr\u00e1n la misma suerte.&nbsp;\u200b\u200b<\/p>\n\n\n\n<p class=\"wp-block-paragraph\">Respecto de las renuncias de varias consejeras honorarias&nbsp;del&nbsp;organismo aut\u00f3nomo, Monreal \u00c1vila&nbsp;consider\u00f3&nbsp;que&nbsp;era&nbsp;natural que se&nbsp;presentar\u00e1, pues se trata de un cambio profundo que sufrir\u00e1 la instancia defensora de los derechos&nbsp;humanos. \u200b\u200b<\/p>\n\n\n\n<p class=\"wp-block-paragraph\">Respetamos la decisi\u00f3n, no vamos a descalificar a ninguno de los integrantes del Consejo Honorario de la CNDH, que el Senado nombr\u00f3 institucionalmente y lamentamos su renuncia, tras considerar que pudieron haber sido un contrapeso al interior y decidieron ausentarse,&nbsp;indic\u00f3. \u200b\u200b<\/p>\n\n\n\n<p class=\"wp-block-paragraph\">Esta situaci\u00f3n&nbsp;le da&nbsp;la oportunidad al Senado de lanzar una convocatoria p\u00fablica los pr\u00f3ximos d\u00edas para seleccionar un nuevo Consejo Honorario, que pueda representar los anhelos del pueblo de M\u00e9xico en esta materia, y sugiri\u00f3 que los altos funcionarios de la CNDH deber\u00edan seguir, voluntariamente,&nbsp;el&nbsp;mismo camino, a efecto de que permitan la renovaci\u00f3n de la Comisi\u00f3n frente a un desaf\u00edo nuevo en la defensa de los derechos&nbsp;humanos. \u200b\u200b<\/p>\n\n\n\n<p class=\"wp-block-paragraph\">Agreg\u00f3 que es&nbsp;bueno que la nueva presidenta de la CNDH cuente con un nuevo Consejo, incluso es sano tener un nuevo equipo de empleados y trabajadores de confianza, de altos funcionarios al servicio de la instituci\u00f3n, respetando siempre a los trabajadores sindicalizados y de base\u201d.&nbsp;\u200b<\/p>\n\n\n\n<p class=\"wp-block-paragraph\">\u200bRespecto&nbsp;a la petici\u00f3n de la&nbsp;mayor\u00eda del Grupo Parlamentario de Morena para solicitar que la Comisi\u00f3n de Derechos Humanos deje de ser presidida por Kenia L\u00f3pez Rabad\u00e1n, y la de Econom\u00eda por Gustavo Madero, inform\u00f3 que este asunto se presentar\u00e1 la pr\u00f3xima semana en la Junta de Coordinaci\u00f3n Pol\u00edtica.<\/p>\n\n\n\n<p class=\"wp-block-paragraph\">Sin embargo, destac\u00f3 que es\u00a0necesario serenar los \u00e1nimos y actuar prudentemente y no bajo la misma violencia con la que ellos\u00a0actuaron. \u200b<\/p>\n\n\n\n<p class=\"wp-block-paragraph\">Por otra&nbsp;parte, al&nbsp;referirse a la&nbsp;reforma para crear el Instituto de Salud para el Bienestar (INSABI), se\u00f1al\u00f3 que&nbsp;es una legislaci\u00f3n profunda a la que estaba obligado el Presidente de la Rep\u00fablica impulsar y el Senado a aprobar, ya que fue&nbsp;un compromiso de campa\u00f1a.&nbsp;\u200b<\/p>\n\n\n\n<p class=\"wp-block-paragraph\">Finalmente, el legislador anunci\u00f3 ante los medios la publicaci\u00f3n de su nuevo libro, \u201cP\u00e9ndulo Pol\u00edtico\u201d. Dijo que se trata de una obra que contempla todo el fen\u00f3meno y proceso de Morena y la ubicaci\u00f3n pol\u00edtica del partido-movimiento. \u200b<\/p>\n\n\n\n<p class=\"wp-block-paragraph\">\u200b<\/p>\n\n\n\n<figure class=\"wp-block-video\"><video height=\"480\" style=\"aspect-ratio: 848 \/ 480;\" width=\"848\" controls src=\"https:\/\/redsemlac.com\/semmexico\/wp-content\/uploads\/2019\/11\/WhatsApp-Video-2019-11-13-at-8.37.12-PM.mp4\"><\/video><\/figure>\n","protected":false},"excerpt":{"rendered":"<p>Se convocar\u00e1 a un nuevo Consejo Honorario de la CNDH <\/p>\n","protected":false},"author":3,"featured_media":14010,"comment_status":"open","ping_status":"open","sticky":false,"template":"","format":"standard","meta":{"_monsterinsights_skip_tracking":false,"footnotes":""},"categories":[690,50],"tags":[],"class_list":["post-14008","post","type-post","status-publish","format-standard","has-post-thumbnail","category-690","category-congreso"],"_links":{"self":[{"href":"https:\/\/redsemlac.com\/semmexico\/wp-json\/wp\/v2\/posts\/14008","targetHints":{"allow":["GET"]}}],"collection":[{"href":"https:\/\/redsemlac.com\/semmexico\/wp-json\/wp\/v2\/posts"}],"about":[{"href":"https:\/\/redsemlac.com\/semmexico\/wp-json\/wp\/v2\/types\/post"}],"author":[{"embeddable":true,"href":"https:\/\/redsemlac.com\/semmexico\/wp-json\/wp\/v2\/users\/3"}],"replies":[{"embeddable":true,"href":"https:\/\/redsemlac.com\/semmexico\/wp-json\/wp\/v2\/comments?post=14008"}],"version-history":[{"count":0,"href":"https:\/\/redsemlac.com\/semmexico\/wp-json\/wp\/v2\/posts\/14008\/revisions"}],"wp:featuredmedia":[{"embeddable":true,"href":"https:\/\/redsemlac.com\/semmexico\/wp-json\/wp\/v2\/media\/14010"}],"wp:attachment":[{"href":"https:\/\/redsemlac.com\/semmexico\/wp-json\/wp\/v2\/media?parent=14008"}],"wp:term":[{"taxonomy":"category","embeddable":true,"href":"https:\/\/redsemlac.com\/semmexico\/wp-json\/wp\/v2\/categories?post=14008"},{"taxonomy":"post_tag","embeddable":true,"href":"https:\/\/redsemlac.com\/semmexico\/wp-json\/wp\/v2\/tags?post=14008"}],"curies":[{"name":"wp","href":"https:\/\/api.w.org\/{rel}","templated":true}]}}