{"id":14005,"date":"2019-11-16T01:07:33","date_gmt":"2019-11-16T01:07:33","guid":{"rendered":"https:\/\/redsemlac.com\/semmexico\/?p=14005"},"modified":"2023-07-21T15:14:33","modified_gmt":"2023-07-21T20:14:33","slug":"417-millones-de-pesos-para-atender-la-violencia-contra-las-mujeres","status":"publish","type":"post","link":"https:\/\/redsemlac.com\/semmexico\/417-millones-de-pesos-para-atender-la-violencia-contra-las-mujeres\/","title":{"rendered":"417 millones de pesos para atender la violencia contra las mujeres"},"content":{"rendered":"\n<p class=\"wp-block-paragraph\"><strong>Elda Montiel<\/strong><\/p>\n\n\n\n<p class=\"wp-block-paragraph\">SemM\u00e9xico. Cd. de M\u00e9xico. 16 de noviembre de 2019.-&nbsp;La Comisi\u00f3n de Igualdad de G\u00e9nero de la C\u00e1mara de Diputados&nbsp;fortalecer\u00e1 el&nbsp;presupuesto para las Alertas de Violencia de G\u00e9nero contra las Mujeres&nbsp;por lo que aprob\u00f3 autorizarle 417 millones&nbsp;632&nbsp;mil&nbsp;572&nbsp;pesos&nbsp;a la&nbsp;Comisi\u00f3n Nacional para Prevenir y Erradicar la Violencia contra las Mujeres&nbsp;(CONAVIM),&nbsp;<\/p>\n\n\n\n<p class=\"wp-block-paragraph\">De acuerdo al PPEF 2020 los recursos etiquetados al Programa E015 \u201cPromover la atenci\u00f3n y prevenci\u00f3n de la violencia contra las mujeres\u201d&nbsp;es de 267, 632 millones de pesos y con los 150 millones de pesos que necesita&nbsp;CONAVIM&nbsp;para fortalecer a los municipios&nbsp;es que llegamos a esa cantidad, precis\u00f3 la presidenta de la Comisi\u00f3n de Igualdad de G\u00e9nero, diputada Wendy Brice\u00f1o Zuloaga.&nbsp;<\/p>\n\n\n\n<p class=\"wp-block-paragraph\">De lo que se trata,&nbsp;dijo, es&nbsp;fortalecer&nbsp;los programas prioritarios para la atenci\u00f3n de las mujeres en salud, prevenci\u00f3n de violencia, igualdad sustantiva y mujeres rurales.<\/p>\n\n\n\n<p class=\"wp-block-paragraph\">Las diputadas de la Comisi\u00f3n estamos comprometidas con el avance de los derechos de las mujeres que implica el avance presupuestal, para que el Anexo 13 cumpla con los requisitos de progresividad e irreductibilidad, ahora&nbsp;depende del Pleno de la C\u00e1mara den&nbsp;Diputados aprobar el dictamen del Presupuesto.&nbsp;<\/p>\n\n\n\n<p class=\"wp-block-paragraph\">Agreg\u00f3 que la&nbsp;instancia&nbsp;encargada de emitir la declaratoria de Alerta de Violencia de G\u00e9nero es la Secretar\u00eda de Gobernaci\u00f3n a trav\u00e9s de la Comisi\u00f3n Nacional para Prevenir y Erradicar la Violencia Contra las Mujeres (CONAVIM). Una vez que se declara la AVG las entidades y los municipios deben implementar las acciones preventivas, de seguridad y justicia, necesarias que se financian con recursos federales, estatales y municipales.<br><\/p>\n","protected":false},"excerpt":{"rendered":"<p>La Comisi\u00f3n de Igualdad de G\u00e9nero de la C\u00e1mara de Diputados fortalecer\u00e1 el presupuesto para las Alertas de Violencia de G\u00e9nero contra las Mujeres <\/p>\n","protected":false},"author":3,"featured_media":14006,"comment_status":"open","ping_status":"open","sticky":false,"template":"","format":"standard","meta":{"_monsterinsights_skip_tracking":false,"footnotes":""},"categories":[690,50],"tags":[],"class_list":["post-14005","post","type-post","status-publish","format-standard","has-post-thumbnail","category-690","category-congreso"],"_links":{"self":[{"href":"https:\/\/redsemlac.com\/semmexico\/wp-json\/wp\/v2\/posts\/14005","targetHints":{"allow":["GET"]}}],"collection":[{"href":"https:\/\/redsemlac.com\/semmexico\/wp-json\/wp\/v2\/posts"}],"about":[{"href":"https:\/\/redsemlac.com\/semmexico\/wp-json\/wp\/v2\/types\/post"}],"author":[{"embeddable":true,"href":"https:\/\/redsemlac.com\/semmexico\/wp-json\/wp\/v2\/users\/3"}],"replies":[{"embeddable":true,"href":"https:\/\/redsemlac.com\/semmexico\/wp-json\/wp\/v2\/comments?post=14005"}],"version-history":[{"count":0,"href":"https:\/\/redsemlac.com\/semmexico\/wp-json\/wp\/v2\/posts\/14005\/revisions"}],"wp:featuredmedia":[{"embeddable":true,"href":"https:\/\/redsemlac.com\/semmexico\/wp-json\/wp\/v2\/media\/14006"}],"wp:attachment":[{"href":"https:\/\/redsemlac.com\/semmexico\/wp-json\/wp\/v2\/media?parent=14005"}],"wp:term":[{"taxonomy":"category","embeddable":true,"href":"https:\/\/redsemlac.com\/semmexico\/wp-json\/wp\/v2\/categories?post=14005"},{"taxonomy":"post_tag","embeddable":true,"href":"https:\/\/redsemlac.com\/semmexico\/wp-json\/wp\/v2\/tags?post=14005"}],"curies":[{"name":"wp","href":"https:\/\/api.w.org\/{rel}","templated":true}]}}