{"id":13991,"date":"2019-11-15T02:57:47","date_gmt":"2019-11-15T02:57:47","guid":{"rendered":"https:\/\/redsemlac.com\/semmexico\/?p=13991"},"modified":"2023-07-21T15:14:34","modified_gmt":"2023-07-21T20:14:34","slug":"cladem-repudia-posturas-autoritarias-y-mensajes-de-odio-en-bolivia","status":"publish","type":"post","link":"https:\/\/redsemlac.com\/semmexico\/cladem-repudia-posturas-autoritarias-y-mensajes-de-odio-en-bolivia\/","title":{"rendered":"CLADEM repudia posturas autoritarias y mensajes de odio en Bolivia"},"content":{"rendered":"\n<ul class=\"wp-block-list\"><li><strong>Rechazo\ncateg\u00f3rico al golpe c\u00edvico-militar-eclesi\u00e1stico <\/strong><\/li><li><strong>Las\nmujeres siempre sufrimos de manera potenciada en los reg\u00edmenes autoritarios<\/strong><\/li><\/ul>\n\n\n\n<p class=\"wp-block-paragraph\"><strong>Redacci\u00f3n<\/strong><\/p>\n\n\n\n<p class=\"wp-block-paragraph\">SemM\u00e9xico, Cd. de M\u00e9xico, 14 noviembre 2019.- La Red\nDefensora de Derechos Humanos, CLADEM, repudia las posturas autoritarias, los\nmensajes de odio, fundamentalistas, mis\u00f3ginos y racistas que grupos\nconservadores han difundido aprovech\u00e1ndose de las demandas leg\u00edtimas del pueblo\nboliviano para garantizar procesos electorales democr\u00e1ticos y transparentes.<\/p>\n\n\n\n<p class=\"wp-block-paragraph\">As\u00ed lo exponen en una carta p\u00fablica en la que explica que\nesta red, que articula mujeres y organizaciones feministas, CLADEM reafirma la\nnecesidad de construir democracias radicales, libres de opresiones en\nparticular aquellas motivadas por estereotipos de sexo-g\u00e9nero. <\/p>\n\n\n\n<p class=\"wp-block-paragraph\">Las mujeres siempre sufrimos de manera potenciada en los\nreg\u00edmenes autoritarios e intolerantes, por eso, desde una perspectiva de\ninterseccionalidad queremos que se reconozca la diversidad cultural,\n\u00e9tnico-racial, sexual, intergeneracional y social de nuestras naciones, para el\npleno ejercicio y disfrute de los derechos humanos b\u00e1sicos de todas las\npersonas, en particular de las mujeres.<\/p>\n\n\n\n<p class=\"wp-block-paragraph\">La ruptura de los procesos democr\u00e1ticos tanto en Bolivia\ncomo en otros pa\u00edses de la regi\u00f3n es alarmante, en tanto genera escaladas de\nviolencia contra integrantes de grupos vulneralizados, anulando sus derechos\nhumanos de las personas. <\/p>\n\n\n\n<p class=\"wp-block-paragraph\">Los graves retrocesos en materia de derechos humanos se\u00f1alados,\ntanto civiles y pol\u00edticos, como econ\u00f3micos, sociales, culturales y ambientales\nniegan la diversidad humana y cultural caracter\u00edsticas de nuestros pa\u00edses y\namenazan con desmantelar la institucionalidad democr\u00e1tica quie tanto cuesta\nalcanzar y conservar en nuestra regi\u00f3n que, frente al ascenso de ideolog\u00edas y\npr\u00e1cticas fascistas: niegan la diversidad humana y cultural caracter\u00edsticas de\nnuestros pa\u00edses y amenzan con desmantelar la institucionalidad democr\u00e1tica que\ntanto ha costado alcanzar y conservar en nuestra regi\u00f3n.<\/p>\n\n\n\n<p class=\"wp-block-paragraph\">En la claridad de que s\u00f3lo en democracia los derechos\nhumanos pueden ser concretados, creemos firmemente que es necesario estar\nalertas ante el retorno de gobiernos fundamentalistas en Am\u00e9rica Latina y el\nCaribe. <\/p>\n\n\n\n<p class=\"wp-block-paragraph\">Expresamos nuestra solidaridad con el pueblo de Bolivia y\nestaremos vigilantes del proceso que determinen para volver al cauce\ndemocr\u00e1tico, denunciando cualquier violaci\u00f3n a los derechos humanos que suceda\nen medio de la conflictividad social que prevalece, incluida la violencia sexual\nque se ejerce contra las mujeres.<\/p>\n\n\n\n<p class=\"wp-block-paragraph\">Ante la situaci\u00f3n que prevalece en la regi\u00f3n, pero\nparticularmente en Bolivia, RECHAZAMOS cualquier forma de intromisi\u00f3n abierta o\nsugerida de las fuerzas militares y\/o paramilitares para presionar a un\nPresidente Constitucional a que renuncie, lo que de facto se convierte en un\ngolpe de estado.<\/p>\n\n\n\n<p class=\"wp-block-paragraph\">CLADEM llam\u00e1 a la comunidad internacional a aplicar la\ncl\u00e1usula democr\u00e1tica y al respeto a la soberan\u00eda de los pueblos.<\/p>\n\n\n\n<p class=\"wp-block-paragraph\">Por lo que exigen respeto, protecci\u00f3n y garant\u00eda irrestrictas\na los derechos humanos; Alto a la violencia a las diversas movilizaciones\nciudadanas! \u00a1Inmediata restauraci\u00f3n de la paz y el funcionamiento democr\u00e1tico!\n\u00a1Prevalencia del Estado Laico y respeto a la diversidad cultural y religiosa!<\/p>\n\n\n\n<p class=\"wp-block-paragraph\">SEM\/sj<\/p>\n","protected":false},"excerpt":{"rendered":"<p>Rechazo categ\u00f3rico al golpe c\u00edvico-militar-eclesi\u00e1stico<\/p>\n","protected":false},"author":3,"featured_media":13992,"comment_status":"open","ping_status":"open","sticky":false,"template":"","format":"standard","meta":{"_monsterinsights_skip_tracking":false,"footnotes":""},"categories":[690,54],"tags":[],"class_list":["post-13991","post","type-post","status-publish","format-standard","has-post-thumbnail","category-690","category-mujeres"],"_links":{"self":[{"href":"https:\/\/redsemlac.com\/semmexico\/wp-json\/wp\/v2\/posts\/13991","targetHints":{"allow":["GET"]}}],"collection":[{"href":"https:\/\/redsemlac.com\/semmexico\/wp-json\/wp\/v2\/posts"}],"about":[{"href":"https:\/\/redsemlac.com\/semmexico\/wp-json\/wp\/v2\/types\/post"}],"author":[{"embeddable":true,"href":"https:\/\/redsemlac.com\/semmexico\/wp-json\/wp\/v2\/users\/3"}],"replies":[{"embeddable":true,"href":"https:\/\/redsemlac.com\/semmexico\/wp-json\/wp\/v2\/comments?post=13991"}],"version-history":[{"count":0,"href":"https:\/\/redsemlac.com\/semmexico\/wp-json\/wp\/v2\/posts\/13991\/revisions"}],"wp:featuredmedia":[{"embeddable":true,"href":"https:\/\/redsemlac.com\/semmexico\/wp-json\/wp\/v2\/media\/13992"}],"wp:attachment":[{"href":"https:\/\/redsemlac.com\/semmexico\/wp-json\/wp\/v2\/media?parent=13991"}],"wp:term":[{"taxonomy":"category","embeddable":true,"href":"https:\/\/redsemlac.com\/semmexico\/wp-json\/wp\/v2\/categories?post=13991"},{"taxonomy":"post_tag","embeddable":true,"href":"https:\/\/redsemlac.com\/semmexico\/wp-json\/wp\/v2\/tags?post=13991"}],"curies":[{"name":"wp","href":"https:\/\/api.w.org\/{rel}","templated":true}]}}