{"id":13984,"date":"2019-11-15T01:26:19","date_gmt":"2019-11-15T01:26:19","guid":{"rendered":"https:\/\/redsemlac.com\/semmexico\/?p=13984"},"modified":"2023-07-21T15:14:34","modified_gmt":"2023-07-21T20:14:34","slug":"la-criminalizacion-del-periodismo-la-impunidad-que-atenta-contra-la-democracia","status":"publish","type":"post","link":"https:\/\/redsemlac.com\/semmexico\/la-criminalizacion-del-periodismo-la-impunidad-que-atenta-contra-la-democracia\/","title":{"rendered":"La criminalizaci\u00f3n del periodismo: la impunidad que atenta contra la democracia"},"content":{"rendered":"\n<p class=\"wp-block-paragraph\"><strong>* <\/strong><strong>D\u00eda internacional para poner Fin\na la Impunidad de los Cr\u00edmenes contra Periodistas<\/strong><strong><\/strong><\/p>\n\n\n\n<p class=\"wp-block-paragraph\"><strong>* <\/strong><strong>Ni siquiera la Guerra de Vietnam dej\u00f3 tantos periodistas\nasesinados<\/strong><\/p>\n\n\n\n<p class=\"wp-block-paragraph\"><strong>Adriana\nRocha Pastor<\/strong><\/p>\n\n\n\n<p class=\"wp-block-paragraph\">SemM\u00e9xico\/AmecoPress,\nMadrid, 14 noviembre 2019.-&nbsp;El 13\nde noviembre, a mediod\u00eda, unos cuantos periodistas madrile\u00f1os acudimos a la\nsede de la Asociaci\u00f3n de Prensa de Madrid. Lo que nos mueve es importante para\nel gremio: es el D\u00eda internacional para poner Fin a la Impunidad de los\nCr\u00edmenes contra Periodistas.<\/p>\n\n\n\n<p class=\"wp-block-paragraph\">Desde 2013,\nesta iniciativa de la UNESCO (Organizaci\u00f3n de las Naciones Unidas para la\nEducaci\u00f3n, la Ciencia y la Cultura) que hoy es la segunda vez que se celebra en\nEspa\u00f1a, conmemora este d\u00eda. 881 periodistas, por el mero hecho de ser\nperiodistas, han sido asesinados y asesinadas en los \u00faltimos diez a\u00f1os, seg\u00fan\nla UNESCO. 44 solo en 2019. El 90 % de los casos quedan impunes. Y las cifras\nno contemplan cr\u00edmenes menores, entre los que abundan el acoso, la\nintimidaci\u00f3n, la desaparici\u00f3n, la tortura o la detenci\u00f3n arbitraria.<\/p>\n\n\n\n<p class=\"wp-block-paragraph\">Abre la\njornada Nemesio Rodr\u00edguez, presidente de la FAPE (Federaci\u00f3n de Asociaciones de\nPeriodistas de Espa\u00f1a) y vicepresidente primero de la APM. La seguridad de los\ny las periodistas le parece vital para alcanzar una informaci\u00f3n diversa e\nindependiente que promueva el di\u00e1logo intercultural, la paz y el buen gobierno\ny haga que la sociedad democr\u00e1tica est\u00e9 bien enterada. \u201cLa impunidad socava la\ndemocracia\u201d, explica el cabeza de la FAPE. El oficio de la comunicaci\u00f3n tiene\nque luchar contra esta ausencia de castigo a quien atenta contra su quehacer\ncotidiano.<\/p>\n\n\n\n<p class=\"wp-block-paragraph\">A Diego\nCarcedo, presidente de la Asociaci\u00f3n de Periodistas Europeos (APE), le parece\n\u201cestremecedor\u201d el panorama. El periodista ya no necesita estar en un pa\u00eds en\nguerra para correr un riesgo real por decir la verdad, que viene a ser su\nobligaci\u00f3n. Ni siquiera la Guerra de Vietnam dej\u00f3 tantos periodistas muertos\ncomo los que recogen los datos m\u00e1s recientes. Los intereses se mezclan y todo\ncambia, no se puede informar tranquilamente si el gobierno reprime y las\norganizaciones criminales (mafias, narcos, etc.) act\u00faan a sus anchas. Hay cosas\nque ni unos ni otros quieren que lleguen a o\u00eddos del periodismo.<\/p>\n\n\n\n<p class=\"wp-block-paragraph\">La censura\nqued\u00f3 atr\u00e1s, en Espa\u00f1a gozamos de la libertad de prensa desde hace 40 a\u00f1os. El\ngobierno ya no reprime a la prensa ni nombra a los directores (todav\u00eda no hay\napenas directoras) de los medios, no se cierra una redacci\u00f3n por lo que publica\nen titulares. \u201cA pesar del avance, hay razones para estar preocupados\u201d.<\/p>\n\n\n\n<p class=\"wp-block-paragraph\">El\npresidente de la APE posa la mirada primero sobre Barcelona y despu\u00e9s sobre\nMadrid. Critica la \u201cviolencia de los independentistas radicales, que se ha\ncebado con los periodistas\u201d. Hace inciso: no censura la causa catalana, critica\nsolo la violencia, que no se nos deje trabajar libremente. Agresiones, insultos\ny amenazas que resultan intolerantes en un pa\u00eds democr\u00e1tico. No se puede\ndeclarar a los y las periodistas \u201cterroristas informativos\u201d. Madrid tambi\u00e9n recibe\npulla: no entiende c\u00f3mo Vox -ni siquiera los nombra, habla de un \u201cpartido\nemergente con actuaciones de la \u00e9poca del franquismo\u201d- ha vetado la entrada a\nsus actos p\u00fablicos a x medios y la cosa queda as\u00ed, como si nada. Los propios\npartidos \u201cdeber\u00edan rebelarse: no he visto a ning\u00fan partido posicionarse\u201d.<\/p>\n\n\n\n<p class=\"wp-block-paragraph\">Alicia\nG\u00f3mez Montano, vicepresidenta de Reporteros Sin Fronteras-Espa\u00f1a (RSF), en su\norganizaci\u00f3n, proporciona protecci\u00f3n f\u00edsica a profesionales de los medios que\nla necesitan. Del chaleco antibalas al taller pr\u00e1ctico de seguridad.<\/p>\n\n\n\n<p class=\"wp-block-paragraph\">Explica que\nel balance anual intenta distinguir entre el asesinato por el mero hecho de ser\nperiodista y \u201cla bala que no sab\u00eda hacia qui\u00e9n se dirig\u00eda\u201d. Los casos no\ndescifrables no se incluyen en el c\u00f3mputo, se siguen investigando. Son \u201ccifras\ntremendamente escandalosas\u201d.<\/p>\n\n\n\n<p class=\"wp-block-paragraph\">Diferencia\ntambi\u00e9n entre el pa\u00eds sin guerra que, como el nuestro, contempla un escenario\nde represi\u00f3n constante influido por intereses extraperiod\u00edsticos y otros\nradicalmente distintos. En Latinoam\u00e9rica, seg\u00fan G\u00f3mez Montano, es \u201cconmovedor\u201d\nc\u00f3mo medios muy modestos se juegan el tipo por informar verazmente. La mayor\u00eda\nde muertes son de periodistas locales. Los \u201cdepredadores de la prensa\u201d van al\nperiodismo especializado: casos de corrupci\u00f3n pol\u00edtica y casos de narcotr\u00e1fico,\nmafia u otras bandas il\u00edcitas.<\/p>\n\n\n\n<p class=\"wp-block-paragraph\">La\nrepresentante de RSF ofrece datos segregados por sexo: matan mucho m\u00e1s a los\nhombres y a las mujeres las acosan sexualmente. Como sus compa\u00f1eros se centran\nen el primer problema, ella desmigaja el caso femenino. Pone como ejemplos\nan\u00e9cdotas que duelen, un presidente que peg\u00f3 a una periodista un pu\u00f1etazo y\nluego dijo \u201cperdonen, es que me exasper\u00e9\u201d. As\u00ed de sencillo. Suelta m\u00e1s cifras,\nque denotan el aumento de las agresiones sexuales, pero bien podr\u00edan ser\n\u201cdesplazamientos, amenazas personales a la propia familia o allanamientos de\nmorada\u201d. Como bien se\u00f1ala, las periodistas viven otra situaci\u00f3n.<\/p>\n\n\n\n<p class=\"wp-block-paragraph\">\u201cQuienes\natacan son, sobre todo, del Estado, no de organizaciones criminales\u201d.\nMilitares, paramilitares, la mafia\u2026 Cuenta que en pa\u00edses como M\u00e9xico, Brasil o\nColombia se ven asolados por los c\u00e1rteles de la droga. La impunidad ronda, de\nmedia, el 90% de los casos. \u201cNo se investigan y, si se hace, no da resultados\npositivos\u201d. Una sucesi\u00f3n de nombres propios hace constancia del crimen. \u201cNos\nenteramos por la noticia de la muerte\u201d.<\/p>\n\n\n\n<p class=\"wp-block-paragraph\">Con los\nl\u00edderes sociales, de opini\u00f3n, pasa lo mismo. 627 muertes contabilizadas a\nfinales de septiembre. L\u00edderes cuyas voces son materia prima para la redacci\u00f3n\nperiod\u00edstica. Una vez m\u00e1s el poder rompiendo los canales mediante los cuales\nuna sociedad se informa.<\/p>\n\n\n\n<p class=\"wp-block-paragraph\">Jackie\nHarrison, directora de la C\u00e1tedra UNESCO de la Universidad de Sheffield, no es\nla primera vez que visita Espa\u00f1a, colabora con su hom\u00f3loga en la Universidad de\nM\u00e1laga. La Resoluci\u00f3n 33 del Consejo de la ONU le sirve para recordar el papel\ndel Estado ante la protecci\u00f3n de la seguridad del periodista. <\/p>\n\n\n\n<p class=\"wp-block-paragraph\">Necesitamos\nun papel activo, con juicio de por medio si fuera necesario.<\/p>\n\n\n\n<p class=\"wp-block-paragraph\">Los ataques\nactuales son de muchas formas, seg\u00fan Harrison. Ha aumentado el espectro de\nopresi\u00f3n en cualquier campo social: \u201cEs dif\u00edcil desenmara\u00f1ar esa red de\nopresores\u201d. Incluso hay pa\u00edses como Hungr\u00eda, Turqu\u00eda, Brasil o EEUU que han\nse\u00f1alado como enemigo n\u00famero uno al periodista. Y son ideas que promueve el propio\ngobierno, algo que todav\u00eda da m\u00e1s miedo porque \u201cpuede persuadir a la Opini\u00f3n\nP\u00fablica de que esto es as\u00ed\u201d. Ella propone una colaboraci\u00f3n fuerte a nivel\nmundial, le parece crucial revertir la situaci\u00f3n.<\/p>\n\n\n\n<p class=\"wp-block-paragraph\">As\u00ed\ncomienza su intervenci\u00f3n Bernardo D\u00edaz Nosty, director de la C\u00e1tedra UNESCO de\nla Universidad de M\u00e1laga. El asesinato le parece el elemento m\u00e1s dram\u00e1tico que\nataca la profesi\u00f3n, pero tampoco olvida la fase previa: entrega al enemigo,\nretirada del oficio o cualquier tipo de agresiones personales. Habla de una\n\u201ccrisis de humanidad de Estado fallido, donde no funciona ni polic\u00eda ni\njusticia\u201d. La impunidad, insiste, sigue ah\u00ed.<\/p>\n\n\n\n<p class=\"wp-block-paragraph\">Por eso hay\nque ser activos en la defensa. Se trata del Art. 19 de los DDHH, que versa\nsobre la libertad de expresi\u00f3n. \u201cEstamos atacando ya un derecho fundamental\u201d.\nSi la virtud de la democracia se supone que es el consenso, lo que vivimos es\n\u201cla deriva de cultura democr\u00e1tica\u201d.<\/p>\n\n\n\n<p class=\"wp-block-paragraph\">\u201cCedemos la\ninformaci\u00f3n al espect\u00e1culo\u201d porque \u201chemos cedido el testigo del periodismo a\notros actores. Independientemente del soporte, con fake news o sin ellas, el\nperiodismo tiene que levantarse para \u201crefrescar ese pensamiento cr\u00edtico, o\nvendr\u00e1n polit\u00f3logos y futur\u00f3logos\u201d.<\/p>\n\n\n\n<p class=\"wp-block-paragraph\">Rodney\nSieh, periodista liberiano galardonado con el X Premio Internacional Libertad\nde Prensa de la Universidad de M\u00e1laga (UMA), trae un relato interesante. Se\nreconoce como \u201cuna de esas cifras\u201d, ha estado encarcelado dos veces y ha visto,\ncomo director, c\u00f3mo cerraban su medio. \u201cEn mis propias carnes he vivido la\nimpunidad\u201d. Este D\u00eda Internacional le parece no una celebraci\u00f3n, sino una\nconcienciaci\u00f3n.<\/p>\n\n\n\n<p class=\"wp-block-paragraph\">Describir\nlos males de la sociedad o contar el sufrimiento de los escalafones m\u00e1s bajos\nde la escala econ\u00f3mica sale caro en pa\u00edses como Etiop\u00eda, Uganda, Burundi\u2026\nNombra muchos, muchos pa\u00edses africanos m\u00e1s. Nos explica que diariamente all\u00ed se\nles acusa de difamaci\u00f3n o infamia y, solo si quieres seguir viviendo y\ntrabajando, muchas veces la mejor opci\u00f3n es la autocensura. Habla de cosas\nsimples como cubrir un evento o sacar una simple foto en protestas contra el\ngobierno. Otro ejemplo m\u00e1s: un periodista asesinado durante un partido de\nf\u00fatbol.<\/p>\n\n\n\n<p class=\"wp-block-paragraph\">La\ntentativa de autocensurarse para protegerse no deber\u00eda aparecer nunca en la\nmente del periodista. La culpa es de las leyes \u2013y lo que no son leyes- contra\nla libertad de prensa, que contin\u00faan dificultando y limitando el trabajo de los\nperiodistas. El ejemplo de Rodney Sieh acude al caso africano, donde muchas\nvoces con mucho eco se est\u00e1n quedando en la oscuridad por la criminalizaci\u00f3n de\nsu trabajo. Pero todos los casos, en \u00c1frica, en Latinoam\u00e9rica, en Europa y\nmismamente en Espa\u00f1a, tienen algo en com\u00fan: la urgencia y la necesidad de que\nel gobierno defienda el trabajo del periodista en pro de una sociedad\ndemocr\u00e1tica, actual, informada.<\/p>\n\n\n\n<p class=\"wp-block-paragraph\">SEM-AmecoPress\/arp<\/p>\n","protected":false},"excerpt":{"rendered":"<p>D\u00eda internacional para poner Fin a la Impunidad de los Cr\u00edmenes contra Periodistas<\/p>\n","protected":false},"author":3,"featured_media":13985,"comment_status":"open","ping_status":"open","sticky":false,"template":"","format":"standard","meta":{"_monsterinsights_skip_tracking":false,"footnotes":""},"categories":[690,53],"tags":[],"class_list":["post-13984","post","type-post","status-publish","format-standard","has-post-thumbnail","category-690","category-internacional"],"_links":{"self":[{"href":"https:\/\/redsemlac.com\/semmexico\/wp-json\/wp\/v2\/posts\/13984","targetHints":{"allow":["GET"]}}],"collection":[{"href":"https:\/\/redsemlac.com\/semmexico\/wp-json\/wp\/v2\/posts"}],"about":[{"href":"https:\/\/redsemlac.com\/semmexico\/wp-json\/wp\/v2\/types\/post"}],"author":[{"embeddable":true,"href":"https:\/\/redsemlac.com\/semmexico\/wp-json\/wp\/v2\/users\/3"}],"replies":[{"embeddable":true,"href":"https:\/\/redsemlac.com\/semmexico\/wp-json\/wp\/v2\/comments?post=13984"}],"version-history":[{"count":0,"href":"https:\/\/redsemlac.com\/semmexico\/wp-json\/wp\/v2\/posts\/13984\/revisions"}],"wp:featuredmedia":[{"embeddable":true,"href":"https:\/\/redsemlac.com\/semmexico\/wp-json\/wp\/v2\/media\/13985"}],"wp:attachment":[{"href":"https:\/\/redsemlac.com\/semmexico\/wp-json\/wp\/v2\/media?parent=13984"}],"wp:term":[{"taxonomy":"category","embeddable":true,"href":"https:\/\/redsemlac.com\/semmexico\/wp-json\/wp\/v2\/categories?post=13984"},{"taxonomy":"post_tag","embeddable":true,"href":"https:\/\/redsemlac.com\/semmexico\/wp-json\/wp\/v2\/tags?post=13984"}],"curies":[{"name":"wp","href":"https:\/\/api.w.org\/{rel}","templated":true}]}}