{"id":13982,"date":"2019-11-15T01:23:18","date_gmt":"2019-11-15T01:23:18","guid":{"rendered":"https:\/\/redsemlac.com\/semmexico\/?p=13982"},"modified":"2023-07-21T15:14:34","modified_gmt":"2023-07-21T20:14:34","slug":"opinion-217","status":"publish","type":"post","link":"https:\/\/redsemlac.com\/semmexico\/opinion-217\/","title":{"rendered":"Ambig\u00fa"},"content":{"rendered":"\n<h2 class=\"wp-block-heading\"><strong>La Piedra de Amlo a la democracia<\/strong><\/h2>\n\n\n\n<p class=\"wp-block-paragraph\"><strong>+ Imposici\u00f3n viol\u00f3 ley de la CNDH y marco jur\u00eddico internacional<\/strong><\/p>\n\n\n\n<p class=\"wp-block-paragraph\"><strong>+ Rindi\u00f3 protesta siendo consejera de Morena<\/strong><\/p>\n\n\n\n<p class=\"wp-block-paragraph\"><strong>Por Martha Elba Torres Mart\u00ednez<\/strong><\/p>\n\n\n\n<p class=\"wp-block-paragraph\">SemM\u00e9xico. 14 de noviembre 2019.- Me cae que L\u00f3pez Obrador es el mejor enga\u00f1abobos con sus artilugios para distraer a las y los mexicanos de lo fundamental. Nos trajo a Evo Morales para discutir si su exilio\/asilo fue resultado o no de un golpe de Estado; que le salv\u00f3 la vida; el cuasi besito con Marcelo Ebrard; que qui\u00e9n lo va a mantener, los guaruras del EMP y sus 200 abdominales diarios.<\/p>\n\n\n\n<p class=\"wp-block-paragraph\">El caso, que la econom\u00eda sigue en picada; los muertos se\ncuentan por centenas y todav\u00eda la extorsi\u00f3n a Pemex: paga cinco millones de\nd\u00f3lares o su equivalente en bitcoins, o no le liberan los computadores\ninfectados con virus. <\/p>\n\n\n\n<p class=\"wp-block-paragraph\">Por cierto, Alejandro Mendoza \u00c1lvarez, titular de la Unidad\nde Informaci\u00f3n, Infraestructura, Inform\u00e1tica y Vinculaci\u00f3n Tecnol\u00f3gica de la\nSecretar\u00eda de Seguridad federal, result\u00f3 bueno para capturar cuentas bots\ncontra Amlo, pero no puede con los hackers extorsionadores.<\/p>\n\n\n\n<p class=\"wp-block-paragraph\">Total, todo est\u00e1 de la chingada y todav\u00eda ser r\u00ede.<\/p>\n\n\n\n<p class=\"wp-block-paragraph\">Pero la mayor afrenta que pudo sufrir el pa\u00eds en casi un a\u00f1o\nde su arribo al poder p\u00fablico, fue la espuria imposici\u00f3n de Rosario Piedra Ibarra\ncomo titular la Comisi\u00f3n Nacional de Derechos Humanos. <\/p>\n\n\n\n<p class=\"wp-block-paragraph\">El hecho, no solo contraviene la Ley de la CNDH en su\nart\u00edculo 9\u00ba. Fracci\u00f3n IV: \u201cno desempe\u00f1ar, ni haber desempe\u00f1ado cargo de\ndirecci\u00f3n nacional o estatal, en alg\u00fan partido pol\u00edtico en el a\u00f1o anterior a su\ndesignaci\u00f3n\u201d, cuando la misma Rosario dio a conocer que el mismo martes 12,\nhab\u00eda solicitado \u201clicencia\u201d como militante y consejera nacional de Morena, sino\ntambi\u00e9n el Marco Internacional de la Instituci\u00f3n del Ombudsman -o Ombudsperson-,\ncomo ya se le nombra cuando llega una mujer. (Fuente: <a href=\"https:\/\/www.cndh.org.mx\/sites\/all\/doc\/normatividad\/Ley_CNDH.pdf\">https:\/\/www.cndh.org.mx\/sites\/all\/doc\/normatividad\/Ley_CNDH.pdf<\/a>)<\/p>\n\n\n\n<p class=\"wp-block-paragraph\">Esto nos debe prender las alertas, en serio, porque el\ntrastocamiento de una instituci\u00f3n de tal naturaleza, devela c\u00ednicamente el\ninicio del desmantelamiento de la democracia en M\u00e9xico para instaurar el\nautoritarismo. <\/p>\n\n\n\n<p class=\"wp-block-paragraph\">Ya no solo es la sumisi\u00f3n absoluta de la planadora en el\nCongreso de la Uni\u00f3n, sino la intervenci\u00f3n en dos organismos aut\u00f3nomos tambi\u00e9n\nfundamentales para el sistema democr\u00e1tico, en la lista de remociones: el\nInstituto Nacional Electoral y el Tribunal Electoral del Poder Judicial de la\nFederaci\u00f3n, para garantizar el golpe final a la democracia, en el 2021.<\/p>\n\n\n\n<p class=\"wp-block-paragraph\">La totalidad de los textos internacionales enfatizan que la\ncreaci\u00f3n del mecanismo del Ombudsman en los diversos ordenamientos jur\u00eddicos,\nes necesaria como garant\u00eda institucional de los derechos y las libertades\nfrente a la actuaci\u00f3n de los poderes p\u00fablicos. (Rib\u00f3, Rafael\/2014)<\/p>\n\n\n\n<p class=\"wp-block-paragraph\">\u201cLa neutralidad del Ombudsman y el hecho de que \u00e9l o ella\nsea respetado universalmente tanto por los denunciantes como por los sujetos\ninvestigados, son vitales para el buen funcionamiento de la instituci\u00f3n\u201d.\nExplica el autor, que el marco internacional pone el acento en el hecho de que\nel candidato a ocupar el cargo de Ombudsman <strong>no milite en ning\u00fan partido pol\u00edtico<\/strong>. En esta l\u00ednea, se\u00f1ala que\nconviene evitar el nombramiento de pol\u00edticos, ya que la \u201c<strong>independencia <\/strong>y la <strong>imparcialidad<\/strong>\n(del candidato) debe serlo a ojos de la ciudadan\u00eda, y en este sentido las apariencias\nson tambi\u00e9n importantes\u201d. (principio 10.I Resoluci\u00f3n CPLRCE 80 (1999).<\/p>\n\n\n\n<p class=\"wp-block-paragraph\">Se aconseja un estudio exhaustivo de los candidatos para\nexcluir a aquellos que \u201ctienen (o aparentemente tienen) <strong>conexiones<\/strong> con los entes locales (intereses asociados a sus\ncarreras o funciones, intereses pol\u00edticos o econ\u00f3micos, etc.)\u201d (principio 10.II\nResoluci\u00f3n CPLRCE 80 (1999). \u201cPor otra parte, este \u00f3rgano consultivo cree\ndeseable que se verifique que la formaci\u00f3n y cualificaci\u00f3n de los candidatos\nrespondan a las funciones de la instituci\u00f3n; por eso indica que \u201cdeben poseer\nlos conocimientos adecuados sobre el funcionamiento y las normativas de la\nAdministraci\u00f3n\u201d \u2013principio 10.III Resoluci\u00f3n CPLRCE 80 (1999).<\/p>\n\n\n\n<p class=\"wp-block-paragraph\">La elecci\u00f3n del Ombudsman (Ombudsperson) por una mayor\u00eda\ncualificada por el Parlamento (en el caso de M\u00e9xico, el Senado) <strong>es crucial, dado que refuerza la\nimparcialidad, la independencia, la legitimidad y la credibilidad de la\ninstituci\u00f3n ante la ciudadan\u00eda y la Administraci\u00f3n<\/strong>. Adem\u00e1s, la Comisi\u00f3n\nrecuerda que, de la misma forma que los jueces, el Ombudsman \u201cno solo debe ser\nindependiente, \u00e9l o ella tambi\u00e9n debe parecerlo. La percepci\u00f3n [&#8230;] como el\ncandidato del presidente, debe ser evitada\u201d. (Fuente: <a href=\"file:\/\/\/D:\\Downloads\\El_marco_internacional_de_la_instituci%C3%B3n_del_ombudsman.pdf\">file:\/\/\/D:\/Downloads\/El_marco_internacional_de_la_instituci%C3%B3n_del_ombudsman.pdf<\/a>)<\/p>\n\n\n\n<p class=\"wp-block-paragraph\">\u00bfQu\u00e9 dice la Corte Interamericana de Derechos Humanos al\nrespecto? <\/p>\n\n\n\n<p class=\"wp-block-paragraph\">\u201cEl Ombudsman viene a ser precisamente una instituci\u00f3n que\nvela porque a los ciudadanos no se les violenten sus derechos humanos\nfundamentales, por parte de quienes prestan los servicios b\u00e1sicos en nombre de\nla m\u00e1xima autoridad del Estado\u201d. (Fuente: <a href=\"http:\/\/www.corteidh.or.cr\/tablas\/22612.pdf\">http:\/\/www.corteidh.or.cr\/tablas\/22612.pdf<\/a>)<\/p>\n\n\n\n<p class=\"wp-block-paragraph\">Entonces, m\u00e1s que una persona, el nombramiento arrastra una\nsignificaci\u00f3n de Instituci\u00f3n. <\/p>\n\n\n\n<p class=\"wp-block-paragraph\">\u201cDe all\u00ed \u2013dice la Corte IDH-, la gran importancia de la\npersona que elijan como Ombudsman. De su calidad humana y moral, as\u00ed como de\nsus experiencias anteriores de trabajo y del liderazgo que demuestre tener en\nsu relaci\u00f3n entre los ciudadanos y las instituciones del Estado, depender\u00e1 la\nautoridad que ejerza para lograr el cumplimiento de sus resoluciones\u201d.<\/p>\n\n\n\n<p class=\"wp-block-paragraph\">La CNDH es una instituci\u00f3n del Estado pero aut\u00f3noma e\nindependiente. Reconoce a los parlamentos como estancias electivas, y \u201cde ello\ndepende la independencia que tenga en el cumplimiento de su funci\u00f3n. Es decir,\nque su trabajo no favorecer\u00e1 <strong>ning\u00fan tipo\nde intereses pol\u00edticos<\/strong> <strong>ni de la\nadministraci\u00f3n p\u00fablica<\/strong>, pues es el sector que debe controlar.<\/p>\n\n\n\n<p class=\"wp-block-paragraph\">Efectivamente. Rosario Piedra estuvo en el activismo de los\nddhh, por su mam\u00e1 y la desaparici\u00f3n de su hermano Jes\u00fas, en 1974, durante la\nguerra sucia contra la Liga Comunista 23 de Septiembre. En aquellos a\u00f1os, la\nentonces Direcci\u00f3n Federal de Seguridad, vincul\u00f3 a este grupo con unas 60\nacciones armadas, entre ellas seis secuestros, tres asaltos bancarios, 17 asaltos\ndiversos y 29 asesinatos: 15 polic\u00edas, seis soldados y ocho civiles.<\/p>\n\n\n\n<p class=\"wp-block-paragraph\">Nadie desconoce la relaci\u00f3n de las Rosario con L\u00f3pez\nObrador. Menos de su activismo por las y los desaparecidos, pero tambi\u00e9n a\nfavor de Morena. Sus intereses pol\u00edticos y sumisi\u00f3n a quien sustenta el Poder\nEjecutivo Federal, su instancia, quedan m\u00e1s que claros.<\/p>\n\n\n\n<p class=\"wp-block-paragraph\">Por eso, hasta el cierre de esta entrega, ya hab\u00edan\nrenunciado al Consejo Consultivo de la comisi\u00f3n, cinco integrantes: Alberto\nManuel Athi\u00e9 Gallo, Mariclaire Acosta Urquidi, Mar\u00eda Ampudia Gonz\u00e1lez, Ang\u00e9lica\nCuellar y Mar\u00eda Olga Noriega S\u00e1enz, ante la marranada de Morena y sus aliados\nen el Senado y habr\u00e1 que esperar la visi\u00f3n de los organismos internacionales al\nrespecto sobre este acto de ilegalidad e ilegitimidad\u2026<\/p>\n\n\n\n<p class=\"wp-block-paragraph\">&nbsp;&nbsp;&nbsp;&nbsp;&nbsp;&nbsp;&nbsp;&nbsp;&nbsp;&nbsp;&nbsp;&nbsp;&nbsp;&nbsp;&nbsp;&nbsp;&nbsp;&nbsp;&nbsp;&nbsp;&nbsp;&nbsp;&nbsp;&nbsp;&nbsp;&nbsp;&nbsp;&nbsp;&nbsp;&nbsp;&nbsp;&nbsp;&nbsp;&nbsp;&nbsp;&nbsp;&nbsp;&nbsp;&nbsp;&nbsp;&nbsp;&nbsp;&nbsp;&nbsp;&nbsp;&nbsp;&nbsp;&nbsp;&nbsp;&nbsp;&nbsp;&nbsp;&nbsp;&nbsp;&nbsp;&nbsp;&nbsp;&nbsp;&nbsp;&nbsp;&nbsp;&nbsp;&nbsp;&nbsp;&nbsp;&nbsp;&nbsp;&nbsp;&nbsp;&nbsp;&nbsp;&nbsp;&nbsp;&nbsp;&nbsp;&nbsp;&nbsp; ***<\/p>\n\n\n\n<p class=\"wp-block-paragraph\">LA COMIDILLA<\/p>\n\n\n\n<p class=\"wp-block-paragraph\">La llegada de Evo a M\u00e9xico, acompa\u00f1ado de quien fuera su\nvicepresidente, \u00c1lvaro Garc\u00eda Linera, y su ex ministra de Salud y expresidenta\ndel Congreso, Gabriela Monta\u00f1o. \u00bfY su familia? Pregunto, porque cuando uno teme\npor su vida, primero piensa en la familia, ponerla a salvo y con los primeros\nque cargamos es con los hijos \u00bfo no? Pero la dej\u00f3 al garete: a sus hijos Eva\nLuz y \u00c1lvaro, qui\u00e9n sabe qu\u00e9 ser\u00e1 de sus pap\u00e1s, don Dionicio y Mar\u00eda, o de sus\nhermanos Esther y Hugo. Puso por delante a sus cuates\u2026<\/p>\n\n\n\n<p class=\"wp-block-paragraph\">Y nada m\u00e1s para las y los que andan atorados con Evo, les\ncomparto que ayer en la madrugada, en Jacona, Michoac\u00e1n, una mujer y sus cinco\nhijos fueron balaceados dentro de su propio hogar, por un comando armado.\nFalleci\u00f3 ella y un hijo de 14 a\u00f1os, quedando heridos uno de 17, de 8, 7 y una peque\u00f1a\nde 3 a\u00f1itos. De acuerdo con los casquillos recogidos, les dispararon con cuerno\nde chivo y R-15. Crimen organizado, sin duda. Pero en M\u00e9xico los \u00fanicos con\nderechos son los delincuentes&#8230;<\/p>\n\n\n\n<p class=\"wp-block-paragraph\">El bloqueo de las cuentas bancarias por parte del SAT, del s\u00ed\nfamoso y querido Enrique Guzm\u00e1n y que sin duda es producto de toda su vida de\ntrabajo como cantante y actor, y no de pol\u00edtico. Supuestamente ten\u00eda problemas\ncon sus declaraciones fiscales. \u00bfPero esa amerita ya el congelamiento de\ncuentas? \u00a1Aguas! Porque esto ya puede suceder con cualquiera\u2026 (a)<\/p>\n","protected":false},"excerpt":{"rendered":"<p>La Piedra de Amlo a la democracia<\/p>\n","protected":false},"author":3,"featured_media":9303,"comment_status":"open","ping_status":"open","sticky":false,"template":"","format":"standard","meta":{"_monsterinsights_skip_tracking":false,"footnotes":""},"categories":[690,99,90],"tags":[],"class_list":["post-13982","post","type-post","status-publish","format-standard","has-post-thumbnail","category-690","category-ambigu","category-martha-elba-torres-martinez"],"_links":{"self":[{"href":"https:\/\/redsemlac.com\/semmexico\/wp-json\/wp\/v2\/posts\/13982","targetHints":{"allow":["GET"]}}],"collection":[{"href":"https:\/\/redsemlac.com\/semmexico\/wp-json\/wp\/v2\/posts"}],"about":[{"href":"https:\/\/redsemlac.com\/semmexico\/wp-json\/wp\/v2\/types\/post"}],"author":[{"embeddable":true,"href":"https:\/\/redsemlac.com\/semmexico\/wp-json\/wp\/v2\/users\/3"}],"replies":[{"embeddable":true,"href":"https:\/\/redsemlac.com\/semmexico\/wp-json\/wp\/v2\/comments?post=13982"}],"version-history":[{"count":0,"href":"https:\/\/redsemlac.com\/semmexico\/wp-json\/wp\/v2\/posts\/13982\/revisions"}],"wp:featuredmedia":[{"embeddable":true,"href":"https:\/\/redsemlac.com\/semmexico\/wp-json\/wp\/v2\/media\/9303"}],"wp:attachment":[{"href":"https:\/\/redsemlac.com\/semmexico\/wp-json\/wp\/v2\/media?parent=13982"}],"wp:term":[{"taxonomy":"category","embeddable":true,"href":"https:\/\/redsemlac.com\/semmexico\/wp-json\/wp\/v2\/categories?post=13982"},{"taxonomy":"post_tag","embeddable":true,"href":"https:\/\/redsemlac.com\/semmexico\/wp-json\/wp\/v2\/tags?post=13982"}],"curies":[{"name":"wp","href":"https:\/\/api.w.org\/{rel}","templated":true}]}}