{"id":13975,"date":"2019-11-15T00:46:42","date_gmt":"2019-11-15T00:46:42","guid":{"rendered":"https:\/\/redsemlac.com\/semmexico\/?p=13975"},"modified":"2023-07-21T15:14:34","modified_gmt":"2023-07-21T20:14:34","slug":"alto-a-la-violencia-de-genero-demandan-despedidas-y-despedidos-de-notimex","status":"publish","type":"post","link":"https:\/\/redsemlac.com\/semmexico\/alto-a-la-violencia-de-genero-demandan-despedidas-y-despedidos-de-notimex\/","title":{"rendered":"Alto a la violencia de g\u00e9nero, demandan despedidas y despedidos de Notimex"},"content":{"rendered":"\n<ul class=\"wp-block-list\"><li><strong>Mitin\nfrente a la sede de la agencia estatal de noticias<\/strong><\/li><li><strong>Organizaciones\nsindicales demandan frenar el hostigamiento laboral<\/strong><\/li><\/ul>\n\n\n\n<p class=\"wp-block-paragraph\"><strong>Redacci\u00f3n<\/strong><\/p>\n\n\n\n<p class=\"wp-block-paragraph\">SemM\u00e9xico,\nCiudad de M\u00e9xico, 14 de noviembre de 2019.- Un grupo de trabajadoras y\ntrabajadores despedidos de la Agencia de Noticias del Estado Mexicano, Notimex,\nque hasta el momento llegan a 160, efectuaron hoy un mitin en las puertas de la\nsede de ese medio estatal, para demandar un alto a la violencia de g\u00e9nero y al hostigamiento\nlaboral que ejerce su actual directora, la periodista Sanjuana Mart\u00ednez\nMontemayor.<\/p>\n\n\n\n<p class=\"wp-block-paragraph\">Ante\nla presencia de representantes de varias organizaciones sindicales que\nrespaldaron la manifestaci\u00f3n, Ver\u00f3nica Torres, quien fue corrida de esa agencia,\ndenunci\u00f3 que la funcionaria federal contrat\u00f3 seguridad privada y que en las\ninstalaciones hay polic\u00edas armados. Adem\u00e1s del despido de 160 personas, dijo\nque quienes contin\u00faan laborando en ese medio estatal son hostigados, padecen\nacoso laboral, no pueden pedir permisos ni vacaciones y viven actos de\nprepotencia de la funcionaria federal. Tampoco pueden estar m\u00e1s de tres\npersonas platicando en las instalaciones.<\/p>\n\n\n\n<p class=\"wp-block-paragraph\">En\ncuanto a la violencia contra las mujeres, se mencion\u00f3 el caso de Diana P\u00e9rez\nCaballero, a quien le cambiaron sus condiciones laborales sin notificaci\u00f3n\noficial. Actualmente, por \u00f3rdenes de la direcci\u00f3n, ya no se permite el ingreso\nde hijas e hijos de las trabajadoras, por lo que una de ellas ten\u00eda que\ndejarlos encargados en un puesto de peri\u00f3dicos, que est\u00e1 a un costado de la\nsede de Notimex. \u201cSomos mujeres trabajadoras, madres de familia y periodistas;\ndebemos estar en paz y tranquilidad\u201d, reclam\u00f3 Ver\u00f3nica, redactora del \u00e1rea de\nProducci\u00f3n, quien ten\u00eda una antig\u00fcedad en la agencia de 12 a\u00f1os, siete meses. <\/p>\n\n\n\n<p class=\"wp-block-paragraph\">Entre\nlas pancartas de la manifestaci\u00f3n estaba la de un ni\u00f1o que ped\u00eda \u201cJusticia\nlaboral\u201d, mientras los inconformes colocaron en la puerta de cristal cartulinas\ncon diversas leyendas: \u201cSi hay austeridad, \u00bfpor qu\u00e9 San Juana sigue contratando\na sus amigos?\u201d Otra m\u00e1s estaba dirigida a Andr\u00e9s Manuel L\u00f3pez Obrador: \u201cSr.\nPresidente, San Juana le miente. Traiciona su confianza. \u00a1Alto al terrorismo\nlaboral y al abuso del poder!\u201d<\/p>\n\n\n\n<p class=\"wp-block-paragraph\">Erika\nEstrada, del Sindicato de Telefonistas de la Rep\u00fablica Mexicana (STRM), indic\u00f3\nque Sanjuana Mart\u00ednez, como mujer, deber\u00eda predicar con el ejemplo, y no\nejercer esa brutal discriminaci\u00f3n contra quienes intentan organizarse. Otro\ntelefonista, Fernando Martel, promovi\u00f3 una colecta en apoyo a las y los\nafectados.<\/p>\n\n\n\n<p class=\"wp-block-paragraph\">La\nexsecretaria general del Sindicato Independiente de Trabajadores de la Jornada\n(Sitrajor), Judith Calder\u00f3n G\u00f3mez, manifest\u00f3 su apoyo a quienes est\u00e1n en lucha\ny exigi\u00f3 su reincorporaci\u00f3n a sus puestos de trabajo. La sindicalista y exreportera\nde ese medio expuso la situaci\u00f3n \u2014similar a la de Notimex\u2014 que se vivi\u00f3 cuando\nen 2017, la empresa que edita el peri\u00f3dico La Jornada dej\u00f3 de pagar el Contrato\nColectivo de Trabajo, suprimi\u00f3 todas las prestaciones, como seguro de vida,\naguinaldo, ayuda para lentes, para renta y vacaciones, entre otras. <\/p>\n\n\n\n<p class=\"wp-block-paragraph\">Las\ny los trabajadores se opusieron y estallaron una huelga, pero iniciaron los\ndespidos injustificados, entre estos, el de ella. A dos a\u00f1os de esa represi\u00f3n,\ninform\u00f3 que, en este mes, la empresa ofreci\u00f3 la reinstalaci\u00f3n de nueve de 17 compa\u00f1eros\nde los que exig\u00edan su reinstalaci\u00f3n, y cuya defensa est\u00e1 en manos del asesor\nManuel Fuentes\u201d.<\/p>\n\n\n\n<p class=\"wp-block-paragraph\">Jaqueline\nV\u00e1zquez, del Sindicato de Trabajadores de la Universidad Nacional Aut\u00f3noma de\nM\u00e9xico (STUNAM), as\u00ed como el secretario general del Sindicato de Redactores de\nla Prensa, Rogaciano M\u00e9ndez, externaron su apoyo a las y los sindicalizados. <\/p>\n\n\n\n<p class=\"wp-block-paragraph\">En\ncuanto a los casos en Notimex, Jorge Garc\u00eda, quien labor\u00f3 10 a\u00f1os en la mesa de\nNegocios, y Alina Archundia, se\u00f1alaron que muchos de quienes han aceptado\nliquidaci\u00f3n est\u00e1n recibiendo el 60 por ciento de lo que les corresponde por\nley. En tanto, el corresponsal de Venezuela, Rodolfo Rivera, envi\u00f3 una carta a\nL\u00f3pez Obrador, trav\u00e9s del coordinador general de Comunicaci\u00f3n Social, Jes\u00fas\nRam\u00edrez Cuevas, para pedir que intervenga en su caso.<\/p>\n\n\n\n<p class=\"wp-block-paragraph\">Rivera\ntrabaj\u00f3 28 a\u00f1os en Notimex y lo despidieron sin indemnizaci\u00f3n, a pesar de que\npadece Parkinson. No puede acudir a los tribunales para enfrentar un juicio de\na\u00f1os, porque \u201cmi expectativa de vida es muy breve por la enfermedad que\npadezco. Mi capacidad locomotriz y cognitiva tambi\u00e9n tiene plazo perentorio.\nPronto, en cuesti\u00f3n de uno o dos a\u00f1os, estar\u00e9 incapacitado para todo. Un amigo\ncom\u00fan me recomend\u00f3 escribirle. Yo no lo puedo hacer, pero este mensaje se lo\nestoy dictando a mi esposa\u201d, narr\u00f3 en la misiva.<\/p>\n\n\n\n<p class=\"wp-block-paragraph\">\u201cDesde que me dejaron de pagar en Notimex, en enero pasado, no he podido siquiera comprar los medicamentos que tengo prescritos para mi enfermedad; mi alimentaci\u00f3n y la de mi esposa es deficiente, no s\u00f3lo por la estrechez econ\u00f3mica, sino por los problemas de desabasto y carest\u00eda en Venezuela, donde la canasta b\u00e1sica familiar est\u00e1 virtualmente indexada al d\u00f3lar\u201d, agreg\u00f3. La pensi\u00f3n de su esposa es de cinco d\u00f3lares mensuales. <\/p>\n\n\n\n<p class=\"wp-block-paragraph\"><em>Con informaci\u00f3n de Judith Calder\u00f3n. <\/em><\/p>\n\n\n\n<p class=\"wp-block-paragraph\">SEM\/glg<\/p>\n","protected":false},"excerpt":{"rendered":"<p>Mitin frente a la sede de la agencia estatal de noticias<\/p>\n","protected":false},"author":3,"featured_media":13976,"comment_status":"open","ping_status":"open","sticky":false,"template":"","format":"standard","meta":{"_monsterinsights_skip_tracking":false,"footnotes":""},"categories":[690,55],"tags":[],"class_list":["post-13975","post","type-post","status-publish","format-standard","has-post-thumbnail","category-690","category-periodistas"],"_links":{"self":[{"href":"https:\/\/redsemlac.com\/semmexico\/wp-json\/wp\/v2\/posts\/13975","targetHints":{"allow":["GET"]}}],"collection":[{"href":"https:\/\/redsemlac.com\/semmexico\/wp-json\/wp\/v2\/posts"}],"about":[{"href":"https:\/\/redsemlac.com\/semmexico\/wp-json\/wp\/v2\/types\/post"}],"author":[{"embeddable":true,"href":"https:\/\/redsemlac.com\/semmexico\/wp-json\/wp\/v2\/users\/3"}],"replies":[{"embeddable":true,"href":"https:\/\/redsemlac.com\/semmexico\/wp-json\/wp\/v2\/comments?post=13975"}],"version-history":[{"count":0,"href":"https:\/\/redsemlac.com\/semmexico\/wp-json\/wp\/v2\/posts\/13975\/revisions"}],"wp:featuredmedia":[{"embeddable":true,"href":"https:\/\/redsemlac.com\/semmexico\/wp-json\/wp\/v2\/media\/13976"}],"wp:attachment":[{"href":"https:\/\/redsemlac.com\/semmexico\/wp-json\/wp\/v2\/media?parent=13975"}],"wp:term":[{"taxonomy":"category","embeddable":true,"href":"https:\/\/redsemlac.com\/semmexico\/wp-json\/wp\/v2\/categories?post=13975"},{"taxonomy":"post_tag","embeddable":true,"href":"https:\/\/redsemlac.com\/semmexico\/wp-json\/wp\/v2\/tags?post=13975"}],"curies":[{"name":"wp","href":"https:\/\/api.w.org\/{rel}","templated":true}]}}